{"id":42399,"date":"2023-11-01T13:34:51","date_gmt":"2023-11-01T12:34:51","guid":{"rendered":"https:\/\/konferenztechnik.de\/?p=42399"},"modified":"2023-12-12T16:10:10","modified_gmt":"2023-12-12T15:10:10","slug":"exposicoes-internas-hibrido-digital-no-local","status":"publish","type":"post","link":"https:\/\/konferenztechnik.de\/pt\/exposicoes-internas-hibrido-digital-no-local\/","title":{"rendered":"Exposi\u00e7\u00f5es internas, eventos internos \u2013 digital, h\u00edbrido, no local"},"content":{"rendered":"<div data-elementor-type=\"wp-page\" data-elementor-id=\"42399\" class=\"elementor elementor-42399\" data-elementor-post-type=\"post\">\n\t\t\t\t<div data-particle_enable=\"false\" data-particle-mobile-disabled=\"false\" class=\"elementor-element elementor-element-0ba5bdd e-flex e-con-boxed e-con e-parent\" data-id=\"0ba5bdd\" data-element_type=\"container\">\n\t\t\t\t\t<div class=\"e-con-inner\">\n\t\t\t\t<div class=\"elementor-element elementor-element-8eeef14 elementor-widget__width-inherit elementor-widget elementor-widget-heading\" data-id=\"8eeef14\" data-element_type=\"widget\" data-widget_type=\"heading.default\">\n\t\t\t\t<div class=\"elementor-widget-container\">\n\t\t\t\t\t<h1 class=\"elementor-heading-title elementor-size-default\">Exposi\u00e7\u00f5es internas, eventos internos \u2013 digital, h\u00edbrido, no local\n<\/h1>\t\t\t\t<\/div>\n\t\t\t\t<\/div>\n\t\t\t\t<div class=\"elementor-element elementor-element-9e06b83 elementor-widget elementor-widget-image\" data-id=\"9e06b83\" data-element_type=\"widget\" data-widget_type=\"image.default\">\n\t\t\t\t<div class=\"elementor-widget-container\">\n\t\t\t\t\t\t\t\t\t\t\t\t\t\t\t<img fetchpriority=\"high\" decoding=\"async\" width=\"1300\" height=\"485\" src=\"https:\/\/konferenztechnik.de\/wp-content\/uploads\/2023\/11\/hausmesse-veranstaltungstechnik-service-jpg.webp\" class=\"attachment-full size-full wp-image-42400\" alt=\"\" srcset=\"https:\/\/konferenztechnik.de\/wp-content\/uploads\/2023\/11\/hausmesse-veranstaltungstechnik-service-jpg.webp 1300w, https:\/\/konferenztechnik.de\/wp-content\/uploads\/2023\/11\/hausmesse-veranstaltungstechnik-service-300x112.webp 300w, https:\/\/konferenztechnik.de\/wp-content\/uploads\/2023\/11\/hausmesse-veranstaltungstechnik-service-1024x382.webp 1024w, https:\/\/konferenztechnik.de\/wp-content\/uploads\/2023\/11\/hausmesse-veranstaltungstechnik-service-768x287.webp 768w, https:\/\/konferenztechnik.de\/wp-content\/uploads\/2023\/11\/hausmesse-veranstaltungstechnik-service-18x7.webp 18w\" sizes=\"(max-width: 1300px) 100vw, 1300px\" title=\"\">\t\t\t\t\t\t\t\t\t\t\t\t\t\t\t<\/div>\n\t\t\t\t<\/div>\n\t\t<div data-particle_enable=\"false\" data-particle-mobile-disabled=\"false\" class=\"elementor-element elementor-element-4b4ec0b e-flex e-con-boxed e-con e-child\" data-id=\"4b4ec0b\" data-element_type=\"container\">\n\t\t\t\t\t<div class=\"e-con-inner\">\n\t\t\t\t<div class=\"elementor-element elementor-element-fb13f05 elementor-widget elementor-widget-button\" data-id=\"fb13f05\" data-element_type=\"widget\" data-widget_type=\"button.default\">\n\t\t\t\t<div class=\"elementor-widget-container\">\n\t\t\t\t\t\t\t\t\t<div class=\"elementor-button-wrapper\">\n\t\t\t\t\t<a class=\"elementor-button elementor-button-link elementor-size-lg\" href=\"#anfrageformular\">\n\t\t\t\t\t\t<span class=\"elementor-button-content-wrapper\">\n\t\t\t\t\t\t<span class=\"elementor-button-icon\">\n\t\t\t\t<svg aria-hidden=\"true\" class=\"e-font-icon-svg e-far-arrow-alt-circle-down\" viewbox=\"0 0 512 512\" xmlns=\"http:\/\/www.w3.org\/2000\/svg\"><path d=\"M256 8C119 8 8 119 8 256s111 248 248 248 248-111 248-248S393 8 256 8zm0 448c-110.5 0-200-89.5-200-200S145.5 56 256 56s200 89.5 200 200-89.5 200-200 200zm-32-316v116h-67c-10.7 0-16 12.9-8.5 20.5l99 99c4.7 4.7 12.3 4.7 17 0l99-99c7.6-7.6 2.2-20.5-8.5-20.5h-67V140c0-6.6-5.4-12-12-12h-40c-6.6 0-12 5.4-12 12z\"><\/path><\/svg>\t\t\t<\/span>\n\t\t\t\t\t\t\t\t\t<span class=\"elementor-button-text\">Perguntar agora<\/span>\n\t\t\t\t\t<\/span>\n\t\t\t\t\t<\/a>\n\t\t\t\t<\/div>\n\t\t\t\t\t\t\t\t<\/div>\n\t\t\t\t<\/div>\n\t\t\t\t\t<\/div>\n\t\t\t\t<\/div>\n\t\t\t\t\t<\/div>\n\t\t\t\t<\/div>\n\t\t<div data-particle_enable=\"false\" data-particle-mobile-disabled=\"false\" class=\"elementor-element elementor-element-57ab6a0 e-flex e-con-boxed e-con e-parent\" data-id=\"57ab6a0\" data-element_type=\"container\">\n\t\t\t\t\t<div class=\"e-con-inner\">\n\t\t\t\t<div class=\"elementor-element elementor-element-4574bb4 elementor-widget elementor-widget-heading\" data-id=\"4574bb4\" data-element_type=\"widget\" data-settings=\"{&quot;_animation&quot;:&quot;none&quot;}\" data-widget_type=\"heading.default\">\n\t\t\t\t<div class=\"elementor-widget-container\">\n\t\t\t\t\t<h2 class=\"elementor-heading-title elementor-size-default\">Reserve a tecnologia completa para o seu evento connosco<\/h2>\t\t\t\t<\/div>\n\t\t\t\t<\/div>\n\t\t\t\t<div class=\"elementor-element elementor-element-1d9b541 elementor-widget__width-inherit elementor-widget elementor-widget-text-editor\" data-id=\"1d9b541\" data-element_type=\"widget\" data-widget_type=\"text-editor.default\">\n\t\t\t\t<div class=\"elementor-widget-container\">\n\t\t\t\t\t\t\t\t\tNo passado, as exposi\u00e7\u00f5es internas eram exclusivamente feiras de informa\u00e7\u00e3o e vendas que as empresas individuais utilizavam para chamar a aten\u00e7\u00e3o para os seus produtos e inova\u00e7\u00f5es. Atualmente, as jornadas de sa\u00fade das empresas, os arranques anuais, as jornadas de inova\u00e7\u00e3o, os hackathons, as jornadas de recrutamento e muito mais s\u00e3o organizados de acordo com o mesmo princ\u00edpio.\n\n\nAs pequenas e m\u00e9dias empresas, em particular, s\u00e3o melhor reconhecidas com o seu pr\u00f3prio formato do que nas grandes feiras comerciais. Os custos podem ser controlados de forma mais individualizada e o grupo-alvo pode ser abordado de forma mais espec\u00edfica.\n\n\nO evento n\u00e3o tem de se realizar nas suas pr\u00f3prias instala\u00e7\u00f5es, se \u00e9 que se realiza de todo. No entanto, ao organizar o evento nas suas pr\u00f3prias instala\u00e7\u00f5es, pode criar impress\u00f5es honestas e rela\u00e7\u00f5es pessoais particularmente bem. Aproveite a oportunidade para adaptar a sua apresenta\u00e7\u00e3o \u00e0 sua empresa e \u00e0 sua situa\u00e7\u00e3o.\t\t\t\t\t\t\t\t<\/div>\n\t\t\t\t<\/div>\n\t\t\t\t<div class=\"elementor-element elementor-element-14eeffe elementor-widget elementor-widget-heading\" data-id=\"14eeffe\" data-element_type=\"widget\" data-settings=\"{&quot;_animation&quot;:&quot;none&quot;}\" data-widget_type=\"heading.default\">\n\t\t\t\t<div class=\"elementor-widget-container\">\n\t\t\t\t\t<h2 class=\"elementor-heading-title elementor-size-default\">Apoiamo-lo na sua exposi\u00e7\u00e3o interna:<\/h2>\t\t\t\t<\/div>\n\t\t\t\t<\/div>\n\t\t\t\t<div class=\"elementor-element elementor-element-e5a476e elementor-widget__width-inherit elementor-widget elementor-widget-text-editor\" data-id=\"e5a476e\" data-element_type=\"widget\" data-widget_type=\"text-editor.default\">\n\t\t\t\t<div class=\"elementor-widget-container\">\n\t\t\t\t\t\t\t\t\t<ul><li>Defini\u00e7\u00e3o, planeamento, organiza\u00e7\u00e3o e implementa\u00e7\u00e3o do grupo-alvo<\/li><li>Revis\u00e3o da sua infraestrutura e conceito<\/li><li>Chegada, parque de estacionamento, ambiente no local<\/li><li>Programa de apoio com demonstra\u00e7\u00f5es, debates e workshops<\/li><li>Restaura\u00e7\u00e3o e bem-estar f\u00edsico<\/li><li>Tecnologia, ecr\u00e3s, videoconfer\u00eancia, streaming e tecnologia simult\u00e2nea<\/li><li>Stands de exposi\u00e7\u00e3o, showrooms, espect\u00e1culos pop-up e decora\u00e7\u00e3o<\/li><li>Marketing, envio de correio, programa\u00e7\u00e3o e gest\u00e3o de convites<\/li><\/ul>\t\t\t\t\t\t\t\t<\/div>\n\t\t\t\t<\/div>\n\t\t<a class=\"eael-wrapper-link-edbcd1d --eael-wrapper-link-tag\" href=\"#serviceteam\"><\/a><div data-eael-wrapper-link=\"eael-wrapper-link-edbcd1d\" data-particle_enable=\"false\" data-particle-mobile-disabled=\"false\" class=\"elementor-element elementor-element-edbcd1d e-flex e-con-boxed e-con e-child\" data-id=\"edbcd1d\" data-element_type=\"container\" data-settings=\"{&quot;background_background&quot;:&quot;classic&quot;}\">\n\t\t\t\t\t<div class=\"e-con-inner\">\n\t\t\t\t<div class=\"elementor-element elementor-element-1e84a5c elementor-widget elementor-widget-image\" data-id=\"1e84a5c\" data-element_type=\"widget\" data-widget_type=\"image.default\">\n\t\t\t\t<div class=\"elementor-widget-container\">\n\t\t\t\t\t\t\t\t\t\t\t\t\t\t\t<img decoding=\"async\" width=\"1200\" height=\"800\" src=\"https:\/\/konferenztechnik.de\/wp-content\/uploads\/2023\/11\/events-beschilderung-jpg.webp\" class=\"attachment-full size-full wp-image-42401\" alt=\"\" srcset=\"https:\/\/konferenztechnik.de\/wp-content\/uploads\/2023\/11\/events-beschilderung-jpg.webp 1200w, https:\/\/konferenztechnik.de\/wp-content\/uploads\/2023\/11\/events-beschilderung-300x200.webp 300w, https:\/\/konferenztechnik.de\/wp-content\/uploads\/2023\/11\/events-beschilderung-1024x683.webp 1024w, https:\/\/konferenztechnik.de\/wp-content\/uploads\/2023\/11\/events-beschilderung-768x512.webp 768w, https:\/\/konferenztechnik.de\/wp-content\/uploads\/2023\/11\/events-beschilderung-18x12.webp 18w\" sizes=\"(max-width: 1200px) 100vw, 1200px\" title=\"\">\t\t\t\t\t\t\t\t\t\t\t\t\t\t\t<\/div>\n\t\t\t\t<\/div>\n\t\t\t\t<div class=\"elementor-element elementor-element-c7e1de7 elementor-widget elementor-widget-heading\" data-id=\"c7e1de7\" data-element_type=\"widget\" data-settings=\"{&quot;_animation&quot;:&quot;none&quot;}\" data-widget_type=\"heading.default\">\n\t\t\t\t<div class=\"elementor-widget-container\">\n\t\t\t\t\t<h2 class=\"elementor-heading-title elementor-size-default\">Organizar exposi\u00e7\u00f5es internas bem sucedidas<\/h2>\t\t\t\t<\/div>\n\t\t\t\t<\/div>\n\t\t\t\t<div class=\"elementor-element elementor-element-22c7276 elementor-widget__width-inherit elementor-widget elementor-widget-text-editor\" data-id=\"22c7276\" data-element_type=\"widget\" data-widget_type=\"text-editor.default\">\n\t\t\t\t<div class=\"elementor-widget-container\">\n\t\t\t\t\t\t\t\t\t<p>Normalmente, os eventos n\u00e3o s\u00e3o complicados, mas sim complexos. Numa feira comercial normal, \u00e9-se libertado de muitas pequenas tarefas individuais, muitas vezes de forma rotineira, mas muitas vezes tamb\u00e9m sem amor. A experi\u00eancia e o empenho fazem toda a diferen\u00e7a. N\u00f3s podemos ajud\u00e1-lo com isto.<\/p>\t\t\t\t\t\t\t\t<\/div>\n\t\t\t\t<\/div>\n\t\t\t\t<div class=\"elementor-element elementor-element-240cd26 elementor-widget elementor-widget-heading\" data-id=\"240cd26\" data-element_type=\"widget\" data-settings=\"{&quot;_animation&quot;:&quot;none&quot;}\" data-widget_type=\"heading.default\">\n\t\t\t\t<div class=\"elementor-widget-container\">\n\t\t\t\t\t<h2 class=\"elementor-heading-title elementor-size-default\">Da primeira exposi\u00e7\u00e3o interna \u00e0 organiza\u00e7\u00e3o regular<\/h2>\t\t\t\t<\/div>\n\t\t\t\t<\/div>\n\t\t\t\t<div class=\"elementor-element elementor-element-d59d6af elementor-widget__width-inherit elementor-widget elementor-widget-text-editor\" data-id=\"d59d6af\" data-element_type=\"widget\" data-widget_type=\"text-editor.default\">\n\t\t\t\t<div class=\"elementor-widget-container\">\n\t\t\t\t\t\t\t\t\t<p>Alugar, comprar, utilizar uma vez, armazenar? Pretende fazer um grande sucesso de imediato ou come\u00e7ar em pequena escala e impulsionar o estabelecimento est\u00e1vel do seu pr\u00f3prio formato com um crescimento \u00e1gil? Aconselhamo-lo de acordo com a sua posi\u00e7\u00e3o inicial e os seus objectivos.<\/p>\t\t\t\t\t\t\t\t<\/div>\n\t\t\t\t<\/div>\n\t\t\t\t<div class=\"elementor-element elementor-element-50f9854 elementor-widget elementor-widget-heading\" data-id=\"50f9854\" data-element_type=\"widget\" data-settings=\"{&quot;_animation&quot;:&quot;none&quot;}\" data-widget_type=\"heading.default\">\n\t\t\t\t<div class=\"elementor-widget-container\">\n\t\t\t\t\t<h2 class=\"elementor-heading-title elementor-size-default\">Zeitgeist, diversidade e sustentabilidade na sua exposi\u00e7\u00e3o interna? <\/h2>\t\t\t\t<\/div>\n\t\t\t\t<\/div>\n\t\t\t\t<div class=\"elementor-element elementor-element-d63b240 elementor-widget__width-inherit elementor-widget elementor-widget-text-editor\" data-id=\"d63b240\" data-element_type=\"widget\" data-widget_type=\"text-editor.default\">\n\t\t\t\t<div class=\"elementor-widget-container\">\n\t\t\t\t\t\t\t\t\t<p>Aproveitar a oportunidade de mudan\u00e7a e de modernidade. Verifique a sua imagem e reputa\u00e7\u00e3o, atreva-se a experimentar ou mesmo a tomar uma nova posi\u00e7\u00e3o ousada \u2013, mesmo em pequena escala. Um evento \u00e9 o cen\u00e1rio ideal para isso. Os seus convidados esperam e merecem algum espet\u00e1culo e emo\u00e7\u00e3o. A exposi\u00e7\u00e3o interna deve valer a pena para si e para os seus visitantes.<\/p>\t\t\t\t\t\t\t\t<\/div>\n\t\t\t\t<\/div>\n\t\t\t\t<div class=\"elementor-element elementor-element-c7747a6 elementor-widget elementor-widget-text-editor\" data-id=\"c7747a6\" data-element_type=\"widget\" data-widget_type=\"text-editor.default\">\n\t\t\t\t<div class=\"elementor-widget-container\">\n\t\t\t\t\t\t\t\t\t<p>Teremos todo o gosto em aconselh\u00e1-lo sobre qualquer tipo de evento interno.<\/p>\t\t\t\t\t\t\t\t<\/div>\n\t\t\t\t<\/div>\n\t\t\t\t\t<\/div>\n\t\t\t\t<\/div>\n\t\t\t\t\t<\/div>\n\t\t\t\t<\/div>\n\t\t<div data-particle_enable=\"false\" data-particle-mobile-disabled=\"false\" class=\"elementor-element elementor-element-36abde7 e-flex e-con-boxed e-con e-parent\" data-id=\"36abde7\" data-element_type=\"container\">\n\t\t\t\t\t<div class=\"e-con-inner\">\n\t\t\t\t<div class=\"elementor-element elementor-element-3c88645 elementor-widget elementor-widget-spacer\" data-id=\"3c88645\" data-element_type=\"widget\" id=\"anfrageformular\" data-widget_type=\"spacer.default\">\n\t\t\t\t<div class=\"elementor-widget-container\">\n\t\t\t\t\t\t\t<div class=\"elementor-spacer\">\n\t\t\t<div class=\"elementor-spacer-inner\"><\/div>\n\t\t<\/div>\n\t\t\t\t\t\t<\/div>\n\t\t\t\t<\/div>\n\t\t\t\t<div class=\"elementor-element elementor-element-9665e4b elementor-widget elementor-widget-shortcode\" data-id=\"9665e4b\" data-element_type=\"widget\" data-widget_type=\"shortcode.default\">\n\t\t\t\t<div class=\"elementor-widget-container\">\n\t\t\t\t\t\t\t<div class=\"elementor-shortcode\"><\/div>\n\t\t\t\t\t\t<\/div>\n\t\t\t\t<\/div>\n\t\t\t\t\t<\/div>\n\t\t\t\t<\/div>\n\t\t<div data-particle_enable=\"false\" data-particle-mobile-disabled=\"false\" class=\"elementor-element elementor-element-6ed14fa e-flex e-con-boxed e-con e-parent\" data-id=\"6ed14fa\" data-element_type=\"container\">\n\t\t\t\t\t<div class=\"e-con-inner\">\n\t\t\t\t<div class=\"elementor-element elementor-element-5294a42 elementor-widget elementor-widget-shortcode\" data-id=\"5294a42\" data-element_type=\"widget\" data-widget_type=\"shortcode.default\">\n\t\t\t\t<div class=\"elementor-widget-container\">\n\t\t\t\t\t\t\t<div class=\"elementor-shortcode\"><\/div>\n\t\t\t\t\t\t<\/div>\n\t\t\t\t<\/div>\n\t\t\t\t\t<\/div>\n\t\t\t\t<\/div>\n\t\t\t\t<\/div>","protected":false},"excerpt":{"rendered":"<p>No passado, as exposi\u00e7\u00f5es internas eram exclusivamente feiras de informa\u00e7\u00e3o e vendas que as empresas utilizavam para chamar a aten\u00e7\u00e3o para os seus produtos e inova\u00e7\u00f5es. Atualmente, o mesmo princ\u00edpio \u00e9 utilizado para organizar dias de sa\u00fade da empresa, kick-offs, dias de inova\u00e7\u00e3o, hackathons, dias de recrutamento e muito mais. N\u00f3s fornecemos a tecnologia.<\/p>","protected":false},"author":2,"featured_media":42402,"comment_status":"closed","ping_status":"closed","sticky":false,"template":"","format":"standard","meta":{"_acf_changed":false,"footnotes":""},"categories":[39,21],"tags":[119,115,121,118,117,116,120],"class_list":["post-42399","post","type-post","status-publish","format-standard","has-post-thumbnail","hentry","category-produkte","category-events","tag-hackathon","tag-hausmesse","tag-inhouse-event","tag-innovationstag","tag-kick-off","tag-kickoff","tag-recruiting-day"],"acf":[],"_links":{"self":[{"href":"https:\/\/konferenztechnik.de\/pt\/wp-json\/wp\/v2\/posts\/42399","targetHints":{"allow":["GET"]}}],"collection":[{"href":"https:\/\/konferenztechnik.de\/pt\/wp-json\/wp\/v2\/posts"}],"about":[{"href":"https:\/\/konferenztechnik.de\/pt\/wp-json\/wp\/v2\/types\/post"}],"author":[{"embeddable":true,"href":"https:\/\/konferenztechnik.de\/pt\/wp-json\/wp\/v2\/users\/2"}],"replies":[{"embeddable":true,"href":"https:\/\/konferenztechnik.de\/pt\/wp-json\/wp\/v2\/comments?post=42399"}],"version-history":[{"count":0,"href":"https:\/\/konferenztechnik.de\/pt\/wp-json\/wp\/v2\/posts\/42399\/revisions"}],"wp:featuredmedia":[{"embeddable":true,"href":"https:\/\/konferenztechnik.de\/pt\/wp-json\/wp\/v2\/media\/42402"}],"wp:attachment":[{"href":"https:\/\/konferenztechnik.de\/pt\/wp-json\/wp\/v2\/media?parent=42399"}],"wp:term":[{"taxonomy":"category","embeddable":true,"href":"https:\/\/konferenztechnik.de\/pt\/wp-json\/wp\/v2\/categories?post=42399"},{"taxonomy":"post_tag","embeddable":true,"href":"https:\/\/konferenztechnik.de\/pt\/wp-json\/wp\/v2\/tags?post=42399"}],"curies":[{"name":"wp","href":"https:\/\/api.w.org\/{rel}","templated":true}]}}