{"id":4582,"date":"2014-06-04T11:38:16","date_gmt":"2014-06-04T09:38:16","guid":{"rendered":"https:\/\/konferenztechnik.de\/?p=4582"},"modified":"2023-06-05T12:08:35","modified_gmt":"2023-06-05T10:08:35","slug":"transmissao-de-audio-via-wi-fi-para-o-smartphone","status":"publish","type":"post","link":"https:\/\/konferenztechnik.de\/pt\/transmissao-de-audio-via-wi-fi-para-o-smartphone\/","title":{"rendered":"Transmiss\u00e3o de \u00e1udio via WLAN para o smartphone"},"content":{"rendered":"<div data-elementor-type=\"wp-post\" data-elementor-id=\"4582\" class=\"elementor elementor-4582\" data-elementor-post-type=\"post\">\n\t\t\t\t<div data-particle_enable=\"false\" data-particle-mobile-disabled=\"false\" class=\"elementor-element elementor-element-a5e07be e-flex e-con-boxed e-con e-parent\" data-id=\"a5e07be\" data-element_type=\"container\" data-e-type=\"container\">\n\t\t\t\t\t<div class=\"e-con-inner\">\n\t\t\t\t<div class=\"elementor-element elementor-element-4101ba8 elementor-widget elementor-widget-heading\" data-id=\"4101ba8\" data-element_type=\"widget\" data-e-type=\"widget\" data-widget_type=\"heading.default\">\n\t\t\t\t<div class=\"elementor-widget-container\">\n\t\t\t\t\t<h1 class=\"elementor-heading-title elementor-size-default\">Transmiss\u00e3o de \u00e1udio via WLAN para o smartphone <\/h1>\t\t\t\t<\/div>\n\t\t\t\t<\/div>\n\t\t\t\t<div class=\"elementor-element elementor-element-147866b elementor-widget elementor-widget-image\" data-id=\"147866b\" data-element_type=\"widget\" data-e-type=\"widget\" data-widget_type=\"image.default\">\n\t\t\t\t<div class=\"elementor-widget-container\">\n\t\t\t\t\t\t\t\t\t\t\t\t\t\t\t<img fetchpriority=\"high\" decoding=\"async\" width=\"800\" height=\"161\" src=\"https:\/\/konferenztechnik.de\/wp-content\/uploads\/2014\/06\/sennheiser-connect-station-Kopie-1024x206.jpg\" class=\"attachment-large size-large wp-image-4583\" alt=\"Esta\u00e7\u00e3o Sennheiser Connect\" srcset=\"https:\/\/konferenztechnik.de\/wp-content\/uploads\/2014\/06\/sennheiser-connect-station-Kopie-1024x206.jpg 1024w, https:\/\/konferenztechnik.de\/wp-content\/uploads\/2014\/06\/sennheiser-connect-station-Kopie-300x60.jpg 300w, https:\/\/konferenztechnik.de\/wp-content\/uploads\/2014\/06\/sennheiser-connect-station-Kopie-768x154.jpg 768w, https:\/\/konferenztechnik.de\/wp-content\/uploads\/2014\/06\/sennheiser-connect-station-Kopie.jpg 1170w\" sizes=\"(max-width: 800px) 100vw, 800px\" title=\"\">\t\t\t\t\t\t\t\t\t\t\t\t\t\t\t<\/div>\n\t\t\t\t<\/div>\n\t\t\t\t<div class=\"elementor-element elementor-element-472ff25 elementor-widget elementor-widget-text-editor\" data-id=\"472ff25\" data-element_type=\"widget\" data-e-type=\"widget\" data-widget_type=\"text-editor.default\">\n\t\t\t\t<div class=\"elementor-widget-container\">\n\t\t\t\t\t\t\t\t\t<p>Publicado: 0<span class=\"elementor-post-date\">4.06.2014 <\/span><\/p>\t\t\t\t\t\t\t\t<\/div>\n\t\t\t\t<\/div>\n\t\t\t\t\t<\/div>\n\t\t\t\t<\/div>\n\t\t<div data-particle_enable=\"false\" data-particle-mobile-disabled=\"false\" class=\"elementor-element elementor-element-1d53767 e-flex e-con-boxed e-con e-parent\" data-id=\"1d53767\" data-element_type=\"container\" data-e-type=\"container\">\n\t\t\t\t\t<div class=\"e-con-inner\">\n\t\t\t\t<div class=\"elementor-element elementor-element-c4f3a21 elementor-widget__width-initial elementor-widget elementor-widget-text-editor\" data-id=\"c4f3a21\" data-element_type=\"widget\" data-e-type=\"widget\" data-widget_type=\"text-editor.default\">\n\t\t\t\t<div class=\"elementor-widget-container\">\n\t\t\t\t\t\t\t\t\t<p>H\u00e1 muito que o smartphone se transformou num \"faz-tudo\" no seu bolso: C\u00e2mara fotogr\u00e1fica, leitor multim\u00e9dia, consola de jogos ou centro de not\u00edcias e comunica\u00e7\u00e3o s\u00e3o apenas alguns exemplos das suas aplica\u00e7\u00f5es.<\/p><p>\u00a0<\/p><p>Com o novo sistema Sennheiser Connect, em breve ser\u00e1 poss\u00edvel transmitir \u00e1udio com a mais alta qualidade e seguran\u00e7a de transmiss\u00e3o diretamente para o smartphone com v\u00e1rios canais. O fluxo \u00e9 fornecido via WLAN com a ajuda do Sennheiser ConnectServer e \u00e9 recebido atrav\u00e9s do smartphone do ouvinte usando um aplicativo gratuito. De acordo com o lema \"Traga seu pr\u00f3prio dispositivo\" (BYOD), uma variedade de dispositivos finais comuns pode ser usada para esse fim.<\/p><p>\u00a0<\/p><p>A Sennheiser est\u00e1 a apresentar um primeiro cen\u00e1rio de aplica\u00e7\u00e3o com o CinemaConnect: Os entusiastas do cinema com defici\u00eancias visuais ou auditivas podem ligar-se a uma rede Wi-Fi no cinema atrav\u00e9s da aplica\u00e7\u00e3o para smartphone fornecida. Isto d\u00e1-lhes acesso a faixas de \u00e1udio adicionais para descri\u00e7\u00e3o \u00e1udio ou apoio auditivo.<\/p><p>Na PCS, consideramos esta tecnologia extremamente interessante e podemos imaginar muitas outras \u00e1reas de aplica\u00e7\u00e3o. De acordo com a Sennheiser, o sistema dever\u00e1 estar pronto para o mercado no outono.<\/p>\t\t\t\t\t\t\t\t<\/div>\n\t\t\t\t<\/div>\n\t\t\t\t<div class=\"elementor-element elementor-element-92d0fe0 elementor-widget elementor-widget-image\" data-id=\"92d0fe0\" data-element_type=\"widget\" data-e-type=\"widget\" data-widget_type=\"image.default\">\n\t\t\t\t<div class=\"elementor-widget-container\">\n\t\t\t\t\t\t\t\t\t\t\t\t\t\t\t<img decoding=\"async\" width=\"320\" height=\"568\" src=\"https:\/\/konferenztechnik.de\/wp-content\/uploads\/2014\/06\/sennheiser_cinemaconnect_app_2.jpg\" class=\"attachment-large size-large wp-image-4587\" alt=\"Aplica\u00e7\u00e3o Sennheiser Connect\" srcset=\"https:\/\/konferenztechnik.de\/wp-content\/uploads\/2014\/06\/sennheiser_cinemaconnect_app_2.jpg 320w, https:\/\/konferenztechnik.de\/wp-content\/uploads\/2014\/06\/sennheiser_cinemaconnect_app_2-169x300.jpg 169w\" sizes=\"(max-width: 320px) 100vw, 320px\" title=\"\">\t\t\t\t\t\t\t\t\t\t\t\t\t\t\t<\/div>\n\t\t\t\t<\/div>\n\t\t\t\t\t<\/div>\n\t\t\t\t<\/div>\n\t\t<div data-particle_enable=\"false\" data-particle-mobile-disabled=\"false\" class=\"elementor-element elementor-element-0def144 e-flex e-con-boxed e-con e-parent\" data-id=\"0def144\" data-element_type=\"container\" data-e-type=\"container\">\n\t\t\t\t\t<div class=\"e-con-inner\">\n\t\t\t\t<div class=\"elementor-element elementor-element-7a999e8 elementor-widget elementor-widget-shortcode\" data-id=\"7a999e8\" data-element_type=\"widget\" data-e-type=\"widget\" data-widget_type=\"shortcode.default\">\n\t\t\t\t<div class=\"elementor-widget-container\">\n\t\t\t\t\t\t\t<div class=\"elementor-shortcode\">\t\t<div data-elementor-type=\"container\" data-elementor-id=\"29098\" class=\"elementor elementor-29098\" data-elementor-post-type=\"elementor_library\">\n\t\t\t\t<div data-particle_enable=\"false\" data-particle-mobile-disabled=\"false\" class=\"elementor-element elementor-element-699d0d1a e-flex e-con-boxed e-con e-parent\" data-id=\"699d0d1a\" data-element_type=\"container\" data-e-type=\"container\">\n\t\t\t\t\t<div class=\"e-con-inner\">\n\t\t\t\t<div class=\"elementor-element elementor-element-11f236ba elementor-widget elementor-widget-post-navigation\" data-id=\"11f236ba\" data-element_type=\"widget\" data-e-type=\"widget\" data-widget_type=\"post-navigation.default\">\n\t\t\t\t<div class=\"elementor-widget-container\">\n\t\t\t\t\t\t\t<div class=\"elementor-post-navigation\" role=\"navigation\" aria-label=\"Navega\u00e7\u00e3o de postagem\">\n\t\t\t<div class=\"elementor-post-navigation__prev elementor-post-navigation__link\">\n\t\t\t\t<a href=\"https:\/\/konferenztechnik.de\/pt\/actualizacoes-de-firmware-para-unidades-base-barco-clickshare\/\" rel=\"prev\"><span class=\"post-navigation__arrow-wrapper post-navigation__arrow-prev\"><svg aria-hidden=\"true\" class=\"e-font-icon-svg e-fas-arrow-left\" viewbox=\"0 0 448 512\" xmlns=\"http:\/\/www.w3.org\/2000\/svg\"><path d=\"M257.5 445.1l-22.2 22.2c-9.4 9.4-24.6 9.4-33.9 0L7 273c-9.4-9.4-9.4-24.6 0-33.9L201.4 44.7c9.4-9.4 24.6-9.4 33.9 0l22.2 22.2c9.5 9.5 9.3 25-.4 34.3L136.6 216H424c13.3 0 24 10.7 24 24v32c0 13.3-10.7 24-24 24H136.6l120.5 114.8c9.8 9.3 10 24.8.4 34.3z\"><\/path><\/svg><span class=\"elementor-screen-only\">Anterior<\/span><\/span><span class=\"elementor-post-navigation__link__prev\"><span class=\"post-navigation__prev--label\">Anterior<\/span><span class=\"post-navigation__prev--title\">Actualiza\u00e7\u00f5es de firmware para Unidades Base Barco ClickShare<\/span><\/span><\/a>\t\t\t<\/div>\n\t\t\t\t\t\t<div class=\"elementor-post-navigation__next elementor-post-navigation__link\">\n\t\t\t\t<a href=\"https:\/\/konferenztechnik.de\/pt\/pcs-no-congresso-internacional-da-igreja\/\" rel=\"next\"><span class=\"elementor-post-navigation__link__next\"><span class=\"post-navigation__next--label\">Seguinte<\/span><span class=\"post-navigation__next--title\">PCS no congresso internacional da igreja<\/span><\/span><span class=\"post-navigation__arrow-wrapper post-navigation__arrow-next\"><svg aria-hidden=\"true\" class=\"e-font-icon-svg e-fas-arrow-right\" viewbox=\"0 0 448 512\" xmlns=\"http:\/\/www.w3.org\/2000\/svg\"><path d=\"M190.5 66.9l22.2-22.2c9.4-9.4 24.6-9.4 33.9 0L441 239c9.4 9.4 9.4 24.6 0 33.9L246.6 467.3c-9.4 9.4-24.6 9.4-33.9 0l-22.2-22.2c-9.5-9.5-9.3-25 .4-34.3L311.4 296H24c-13.3 0-24-10.7-24-24v-32c0-13.3 10.7-24 24-24h287.4L190.9 101.2c-9.8-9.3-10-24.8-.4-34.3z\"><\/path><\/svg><span class=\"elementor-screen-only\">Seguinte<\/span><\/span><\/a>\t\t\t<\/div>\n\t\t<\/div>\n\t\t\t\t\t\t<\/div>\n\t\t\t\t<\/div>\n\t\t\t\t<div class=\"elementor-element elementor-element-81a2b13 elementor-align-center elementor-icon-list--layout-traditional elementor-list-item-link-full_width elementor-widget elementor-widget-icon-list\" data-id=\"81a2b13\" data-element_type=\"widget\" data-e-type=\"widget\" data-widget_type=\"icon-list.default\">\n\t\t\t\t<div class=\"elementor-widget-container\">\n\t\t\t\t\t\t\t<ul class=\"elementor-icon-list-items\">\n\t\t\t\t\t\t\t<li class=\"elementor-icon-list-item\">\n\t\t\t\t\t\t\t\t\t\t\t<a href=\"\/pt\/noticias\/\">\n\n\t\t\t\t\t\t\t\t\t\t\t\t<span class=\"elementor-icon-list-icon\">\n\t\t\t\t\t\t\t<svg xmlns=\"http:\/\/www.w3.org\/2000\/svg\" id=\"uuid-5a27b650-727a-4659-9d92-75e42c38903b\" viewbox=\"0 0 19.67 14.54\"><g id=\"uuid-40aca98c-811b-43af-9bb7-b3a092d9bdfe\"><rect x=\".03\" width=\"6\" height=\"6\" rx=\"2\" ry=\"2\" style=\"fill:currentColor\"><\/rect><rect x=\"6.85\" width=\"6\" height=\"7.65\" rx=\"2\" ry=\"2\" style=\"fill:currentColor\"><\/rect><rect x=\"13.67\" width=\"6\" height=\"6.51\" rx=\"2\" ry=\"2\" style=\"fill:currentColor\"><\/rect><rect y=\"7\" width=\"6\" height=\"7.55\" rx=\"2\" ry=\"2\" style=\"fill:currentColor\"><\/rect><rect x=\"13.64\" y=\"7.22\" width=\"6\" height=\"7.33\" rx=\"2\" ry=\"2\" style=\"fill:currentColor\"><\/rect><rect x=\"6.82\" y=\"8.54\" width=\"6\" height=\"6\" rx=\"2\" ry=\"2\" style=\"fill:currentColor\"><\/rect><\/g><\/svg>\t\t\t\t\t\t<\/span>\n\t\t\t\t\t\t\t\t\t\t<span class=\"elementor-icon-list-text\"><\/span>\n\t\t\t\t\t\t\t\t\t\t\t<\/a>\n\t\t\t\t\t\t\t\t\t<\/li>\n\t\t\t\t\t\t<\/ul>\n\t\t\t\t\t\t<\/div>\n\t\t\t\t<\/div>\n\t\t\t\t\t<\/div>\n\t\t\t\t<\/div>\n\t\t\t\t<\/div>\n\t\t<\/div>\n\t\t\t\t\t\t<\/div>\n\t\t\t\t<\/div>\n\t\t\t\t\t<\/div>\n\t\t\t\t<\/div>\n\t\t\t\t<\/div>","protected":false},"excerpt":{"rendered":"<p>Audio-Streaming per WLAN auf das Smartphone Ver\u00f6ffentlicht: 04.06.2014 Das Smartphone hat sich l\u00e4ngst zum Allesk\u00f6nner in der Hosentasche entwickelt: Kamera, Multimediaplayer, Spielekonsole oder Nachrichten- und Kommunikationszentrale sind daf\u00fcr nur einige Anwendungsbeispiele. \u00a0 Mit dem neuen Sennheiser Connect System ist es bald m\u00f6glich, Audio in h\u00f6chster Qualit\u00e4t und \u00dcbertragungssicherheit direkt und mit mehreren Kan\u00e4len auf das [&hellip;]<\/p>\n","protected":false},"author":1,"featured_media":29738,"comment_status":"closed","ping_status":"closed","sticky":false,"template":"","format":"standard","meta":{"_acf_changed":false,"footnotes":""},"categories":[2],"tags":[],"class_list":["post-4582","post","type-post","status-publish","format-standard","has-post-thumbnail","hentry","category-news"],"acf":[],"_links":{"self":[{"href":"https:\/\/konferenztechnik.de\/pt\/wp-json\/wp\/v2\/posts\/4582","targetHints":{"allow":["GET"]}}],"collection":[{"href":"https:\/\/konferenztechnik.de\/pt\/wp-json\/wp\/v2\/posts"}],"about":[{"href":"https:\/\/konferenztechnik.de\/pt\/wp-json\/wp\/v2\/types\/post"}],"author":[{"embeddable":true,"href":"https:\/\/konferenztechnik.de\/pt\/wp-json\/wp\/v2\/users\/1"}],"replies":[{"embeddable":true,"href":"https:\/\/konferenztechnik.de\/pt\/wp-json\/wp\/v2\/comments?post=4582"}],"version-history":[{"count":0,"href":"https:\/\/konferenztechnik.de\/pt\/wp-json\/wp\/v2\/posts\/4582\/revisions"}],"wp:featuredmedia":[{"embeddable":true,"href":"https:\/\/konferenztechnik.de\/pt\/wp-json\/wp\/v2\/media\/29738"}],"wp:attachment":[{"href":"https:\/\/konferenztechnik.de\/pt\/wp-json\/wp\/v2\/media?parent=4582"}],"wp:term":[{"taxonomy":"category","embeddable":true,"href":"https:\/\/konferenztechnik.de\/pt\/wp-json\/wp\/v2\/categories?post=4582"},{"taxonomy":"post_tag","embeddable":true,"href":"https:\/\/konferenztechnik.de\/pt\/wp-json\/wp\/v2\/tags?post=4582"}],"curies":[{"name":"wp","href":"https:\/\/api.w.org\/{rel}","templated":true}]}}