{"id":47215,"date":"2025-02-06T10:52:56","date_gmt":"2025-02-06T09:52:56","guid":{"rendered":"https:\/\/konferenztechnik.de\/?p=47215"},"modified":"2026-01-05T15:50:06","modified_gmt":"2026-01-05T14:50:06","slug":"apresentacao-da-vissonic","status":"publish","type":"post","link":"https:\/\/konferenztechnik.de\/pt\/apresentacao-da-vissonic\/","title":{"rendered":"Apresenta\u00e7\u00e3o: Vissonic"},"content":{"rendered":"<div data-elementor-type=\"wp-post\" data-elementor-id=\"47215\" class=\"elementor elementor-47215\" data-elementor-post-type=\"post\">\n\t\t\t\t<div data-particle_enable=\"false\" data-particle-mobile-disabled=\"false\" class=\"elementor-element elementor-element-3b662ff e-flex e-con-boxed e-con e-parent\" data-id=\"3b662ff\" data-element_type=\"container\">\n\t\t\t\t\t<div class=\"e-con-inner\">\n\t\t\t\t<div class=\"elementor-element elementor-element-d084d04 elementor-widget elementor-widget-heading\" data-id=\"d084d04\" data-element_type=\"widget\" data-widget_type=\"heading.default\">\n\t\t\t\t<div class=\"elementor-widget-container\">\n\t\t\t\t\t<h1 class=\"elementor-heading-title elementor-size-default\">Apresenta\u00e7\u00e3o: Vissonic<\/h1>\t\t\t\t<\/div>\n\t\t\t\t<\/div>\n\t\t\t\t\t<\/div>\n\t\t\t\t<\/div>\n\t\t<div data-particle_enable=\"false\" data-particle-mobile-disabled=\"false\" class=\"elementor-element elementor-element-f26a9ca e-flex e-con-boxed e-con e-parent\" data-id=\"f26a9ca\" data-element_type=\"container\">\n\t\t\t\t\t<div class=\"e-con-inner\">\n\t\t\t\t<div class=\"elementor-element elementor-element-cfc8350 elementor-widget elementor-widget-image\" data-id=\"cfc8350\" data-element_type=\"widget\" data-widget_type=\"image.default\">\n\t\t\t\t<div class=\"elementor-widget-container\">\n\t\t\t\t\t\t\t\t\t\t\t\t\t\t\t<img fetchpriority=\"high\" decoding=\"async\" width=\"711\" height=\"562\" src=\"https:\/\/konferenztechnik.de\/wp-content\/uploads\/2025\/02\/VIS-DCC-T2520unit_edited.avif\" class=\"attachment-full size-full wp-image-47217\" alt=\"\" srcset=\"https:\/\/konferenztechnik.de\/wp-content\/uploads\/2025\/02\/VIS-DCC-T2520unit_edited.avif 711w, https:\/\/konferenztechnik.de\/wp-content\/uploads\/2025\/02\/VIS-DCC-T2520unit_edited-300x237.avif 300w, https:\/\/konferenztechnik.de\/wp-content\/uploads\/2025\/02\/VIS-DCC-T2520unit_edited-15x12.avif 15w\" sizes=\"(max-width: 711px) 100vw, 711px\" title=\"\">\t\t\t\t\t\t\t\t\t\t\t\t\t\t\t<\/div>\n\t\t\t\t<\/div>\n\t\t\t\t\t<\/div>\n\t\t\t\t<\/div>\n\t\t<div data-particle_enable=\"false\" data-particle-mobile-disabled=\"false\" class=\"elementor-element elementor-element-05c329e e-flex e-con-boxed e-con e-parent\" data-id=\"05c329e\" data-element_type=\"container\">\n\t\t\t\t\t<div class=\"e-con-inner\">\n\t\t\t\t<div class=\"elementor-element elementor-element-e8c34d7 elementor-widget elementor-widget-text-editor\" data-id=\"e8c34d7\" data-element_type=\"widget\" data-widget_type=\"text-editor.default\">\n\t\t\t\t<div class=\"elementor-widget-container\">\n\t\t\t\t\t\t\t\t\tPublicado em: 6 fevereiro 2025\t\t\t\t\t\t\t\t<\/div>\n\t\t\t\t<\/div>\n\t\t\t\t<div class=\"elementor-element elementor-element-c7d35b1 elementor-widget elementor-widget-spacer\" data-id=\"c7d35b1\" data-element_type=\"widget\" data-widget_type=\"spacer.default\">\n\t\t\t\t<div class=\"elementor-widget-container\">\n\t\t\t\t\t\t\t<div class=\"elementor-spacer\">\n\t\t\t<div class=\"elementor-spacer-inner\"><\/div>\n\t\t<\/div>\n\t\t\t\t\t\t<\/div>\n\t\t\t\t<\/div>\n\t\t\t\t\t<\/div>\n\t\t\t\t<\/div>\n\t\t<div data-particle_enable=\"false\" data-particle-mobile-disabled=\"false\" class=\"elementor-element elementor-element-f2c6cca e-flex e-con-boxed e-con e-parent\" data-id=\"f2c6cca\" data-element_type=\"container\">\n\t\t\t\t\t<div class=\"e-con-inner\">\n\t\t\t\t<div class=\"elementor-element elementor-element-e17f438 elementor-widget__width-inherit elementor-widget elementor-widget-text-editor\" data-id=\"e17f438\" data-element_type=\"widget\" data-widget_type=\"text-editor.default\">\n\t\t\t\t<div class=\"elementor-widget-container\">\n\t\t\t\t\t\t\t\t\t<p><span style=\"font-weight: 400;\">A VISSONIC \u00e9 um fabricante relativamente novo no dom\u00ednio da tecnologia de confer\u00eancias que est\u00e1 a ganhar cada vez mais aten\u00e7\u00e3o no mercado. Embora a empresa ainda n\u00e3o seja t\u00e3o conhecida como algumas marcas estabelecidas, oferece uma gama de produtos interessantes para v\u00e1rias \u00e1reas de aplica\u00e7\u00e3o na tecnologia de confer\u00eancias.<\/span><\/p>\t\t\t\t\t\t\t\t<\/div>\n\t\t\t\t<\/div>\n\t\t\t\t<div class=\"elementor-element elementor-element-2f2d1c6 elementor-widget elementor-widget-heading\" data-id=\"2f2d1c6\" data-element_type=\"widget\" data-settings=\"{&quot;_animation&quot;:&quot;none&quot;}\" data-widget_type=\"heading.default\">\n\t\t\t\t<div class=\"elementor-widget-container\">\n\t\t\t\t\t<h3 class=\"elementor-heading-title elementor-size-default\">A gama de produtos VISSONIC inclui\n<\/h3>\t\t\t\t<\/div>\n\t\t\t\t<\/div>\n\t\t\t\t<div class=\"elementor-element elementor-element-fb47515 elementor-widget__width-inherit elementor-widget elementor-widget-text-editor\" data-id=\"fb47515\" data-element_type=\"widget\" data-widget_type=\"text-editor.default\">\n\t\t\t\t<div class=\"elementor-widget-container\">\n\t\t\t\t\t\t\t\t\t<ul><li><span style=\"font-weight: 400;\">Sistemas de confer\u00eancia: desde sistemas simples com fios at\u00e9 sistemas complexos orientados para a rede com tradu\u00e7\u00e3o simult\u00e2nea, fun\u00e7\u00f5es de vota\u00e7\u00e3o e seguimento de c\u00e2maras.<\/span><\/li><li><span style=\"font-weight: 400;\">Sistemas de confer\u00eancia sem fios: Solu\u00e7\u00f5es digitais que podem ser combinadas na perfei\u00e7\u00e3o com sistemas com fios.<\/span><\/li><li><span style=\"font-weight: 400;\">Produtos de v\u00eddeo: C\u00e2maras PTZ HD control\u00e1veis, comutadores de v\u00eddeo, routers e processadores de v\u00eddeo wall<\/span><\/li><li><span style=\"font-weight: 400;\">Produtos de \u00e1udio profissional: Sistemas DSP em v\u00e1rios modelos, alguns com rastreio de c\u00e2mara integrado<\/span><\/li><li><span style=\"font-weight: 400;\">Receptores m\u00f3veis: sistemas de infravermelhos e de r\u00e1dio para transmiss\u00e3o digital de voz com um m\u00e1ximo de 64 canais<\/span><\/li><\/ul>\t\t\t\t\t\t\t\t<\/div>\n\t\t\t\t<\/div>\n\t\t\t\t<div class=\"elementor-element elementor-element-725db5c elementor-widget elementor-widget-heading\" data-id=\"725db5c\" data-element_type=\"widget\" data-settings=\"{&quot;_animation&quot;:&quot;none&quot;}\" data-widget_type=\"heading.default\">\n\t\t\t\t<div class=\"elementor-widget-container\">\n\t\t\t\t\t<h3 class=\"elementor-heading-title elementor-size-default\">Ao testar os produtos, verific\u00e1mos o seguinte\n<\/h3>\t\t\t\t<\/div>\n\t\t\t\t<\/div>\n\t\t\t\t<div class=\"elementor-element elementor-element-c5f649b elementor-widget__width-inherit elementor-widget elementor-widget-text-editor\" data-id=\"c5f649b\" data-element_type=\"widget\" data-widget_type=\"text-editor.default\">\n\t\t\t\t<div class=\"elementor-widget-container\">\n\t\t\t\t\t\t\t\t\t<ul><li><span style=\"font-weight: 400;\">Os sistemas parecem bem pensados e funcionais<\/span><\/li><li><span style=\"font-weight: 400;\">A rela\u00e7\u00e3o pre\u00e7o\/desempenho \u00e9 muito atractiva.<\/span><\/li><li><span style=\"font-weight: 400;\">A gama de produtos cobre v\u00e1rios requisitos, desde configura\u00e7\u00f5es simples a mais complexas.<\/span><\/li><\/ul>\t\t\t\t\t\t\t\t<\/div>\n\t\t\t\t<\/div>\n\t\t\t\t<div class=\"elementor-element elementor-element-d26e3db elementor-widget elementor-widget-image\" data-id=\"d26e3db\" data-element_type=\"widget\" data-widget_type=\"image.default\">\n\t\t\t\t<div class=\"elementor-widget-container\">\n\t\t\t\t\t\t\t\t\t\t\t\t<figure class=\"wp-caption\">\n\t\t\t\t\t\t\t\t\t\t<img decoding=\"async\" width=\"2000\" height=\"1500\" src=\"https:\/\/konferenztechnik.de\/wp-content\/uploads\/2025\/02\/vissonic-interpreter-desk.avif\" class=\"attachment-full size-full wp-image-47218\" alt=\"mesa de int\u00e9rprete viss\u00f3nica\" srcset=\"https:\/\/konferenztechnik.de\/wp-content\/uploads\/2025\/02\/vissonic-interpreter-desk.avif 2000w, https:\/\/konferenztechnik.de\/wp-content\/uploads\/2025\/02\/vissonic-interpreter-desk-300x225.avif 300w, https:\/\/konferenztechnik.de\/wp-content\/uploads\/2025\/02\/vissonic-interpreter-desk-1024x768.avif 1024w, https:\/\/konferenztechnik.de\/wp-content\/uploads\/2025\/02\/vissonic-interpreter-desk-768x576.avif 768w, https:\/\/konferenztechnik.de\/wp-content\/uploads\/2025\/02\/vissonic-interpreter-desk-1536x1152.avif 1536w, https:\/\/konferenztechnik.de\/wp-content\/uploads\/2025\/02\/vissonic-interpreter-desk-16x12.avif 16w\" sizes=\"(max-width: 2000px) 100vw, 2000px\" title=\"\">\t\t\t\t\t\t\t\t\t\t\t<figcaption class=\"widget-image-caption wp-caption-text\">Em breve: a consola de interpreta\u00e7\u00e3o normalizada da Vissonic. Pudemos test\u00e1-la na ISE2025.<\/figcaption>\n\t\t\t\t\t\t\t\t\t\t<\/figure>\n\t\t\t\t\t\t\t\t\t<\/div>\n\t\t\t\t<\/div>\n\t\t\t\t<div class=\"elementor-element elementor-element-6e641ee elementor-widget__width-inherit elementor-widget elementor-widget-text-editor\" data-id=\"6e641ee\" data-element_type=\"widget\" data-widget_type=\"text-editor.default\">\n\t\t\t\t<div class=\"elementor-widget-container\">\n\t\t\t\t\t\t\t\t\t<p><span style=\"font-weight: 400;\">\u00c9 de notar que, como novo interveniente no mercado, a VISSONIC pode n\u00e3o ter ainda os muitos anos de experi\u00eancia e o n\u00edvel de reconhecimento dos fabricantes estabelecidos. No entanto, isso \u00e9 mais relevante se pretender expandir instala\u00e7\u00f5es existentes ou alugar equipamento. No entanto, recomendamos que considere os produtos na pr\u00f3xima vez que comprar tecnologia multim\u00e9dia.<\/span><\/p><p>\u00a0<\/p><p><span style=\"font-weight: 400;\">Para mais informa\u00e7\u00f5es, n\u00e3o hesite em contactar-nos.<\/span><\/p>\t\t\t\t\t\t\t\t<\/div>\n\t\t\t\t<\/div>\n\t\t\t\t\t<\/div>\n\t\t\t\t<\/div>\n\t\t<div data-particle_enable=\"false\" data-particle-mobile-disabled=\"false\" class=\"elementor-element elementor-element-33c9d9a e-flex e-con-boxed e-con e-parent\" data-id=\"33c9d9a\" data-element_type=\"container\">\n\t\t\t\t\t<div class=\"e-con-inner\">\n\t\t\t\t<div class=\"elementor-element elementor-element-bbbf793 elementor-widget elementor-widget-shortcode\" data-id=\"bbbf793\" data-element_type=\"widget\" data-widget_type=\"shortcode.default\">\n\t\t\t\t<div class=\"elementor-widget-container\">\n\t\t\t\t\t\t\t<div class=\"elementor-shortcode\">\t\t<div data-elementor-type=\"container\" data-elementor-id=\"29098\" class=\"elementor elementor-29098\" data-elementor-post-type=\"elementor_library\">\n\t\t\t\t<div data-particle_enable=\"false\" data-particle-mobile-disabled=\"false\" class=\"elementor-element elementor-element-699d0d1a e-flex e-con-boxed e-con e-parent\" data-id=\"699d0d1a\" data-element_type=\"container\">\n\t\t\t\t\t<div class=\"e-con-inner\">\n\t\t\t\t<div class=\"elementor-element elementor-element-11f236ba elementor-widget elementor-widget-post-navigation\" data-id=\"11f236ba\" data-element_type=\"widget\" data-widget_type=\"post-navigation.default\">\n\t\t\t\t<div class=\"elementor-widget-container\">\n\t\t\t\t\t\t\t<div class=\"elementor-post-navigation\" role=\"navigation\" aria-label=\"Navega\u00e7\u00e3o de postagem\">\n\t\t\t<div class=\"elementor-post-navigation__prev elementor-post-navigation__link\">\n\t\t\t\t<a href=\"https:\/\/konferenztechnik.de\/pt\/formacao-2025-estamos-a-sua-procura\/\" rel=\"prev\"><span class=\"post-navigation__arrow-wrapper post-navigation__arrow-prev\"><svg aria-hidden=\"true\" class=\"e-font-icon-svg e-fas-arrow-left\" viewbox=\"0 0 448 512\" xmlns=\"http:\/\/www.w3.org\/2000\/svg\"><path d=\"M257.5 445.1l-22.2 22.2c-9.4 9.4-24.6 9.4-33.9 0L7 273c-9.4-9.4-9.4-24.6 0-33.9L201.4 44.7c9.4-9.4 24.6-9.4 33.9 0l22.2 22.2c9.5 9.5 9.3 25-.4 34.3L136.6 216H424c13.3 0 24 10.7 24 24v32c0 13.3-10.7 24-24 24H136.6l120.5 114.8c9.8 9.3 10 24.8.4 34.3z\"><\/path><\/svg><span class=\"elementor-screen-only\">Anterior<\/span><\/span><span class=\"elementor-post-navigation__link__prev\"><span class=\"post-navigation__prev--label\">Anterior<\/span><span class=\"post-navigation__prev--title\">Aprendizagem 2025 \u2013 Estamos \u00e0 procura de: De si!<\/span><\/span><\/a>\t\t\t<\/div>\n\t\t\t\t\t\t<div class=\"elementor-post-navigation__next elementor-post-navigation__link\">\n\t\t\t\t<a href=\"https:\/\/konferenztechnik.de\/pt\/100-anos-de-shure-parabens\/\" rel=\"next\"><span class=\"elementor-post-navigation__link__next\"><span class=\"post-navigation__next--label\">Seguinte<\/span><span class=\"post-navigation__next--title\">100 anos da Shure: Parab\u00e9ns!<\/span><\/span><span class=\"post-navigation__arrow-wrapper post-navigation__arrow-next\"><svg aria-hidden=\"true\" class=\"e-font-icon-svg e-fas-arrow-right\" viewbox=\"0 0 448 512\" xmlns=\"http:\/\/www.w3.org\/2000\/svg\"><path d=\"M190.5 66.9l22.2-22.2c9.4-9.4 24.6-9.4 33.9 0L441 239c9.4 9.4 9.4 24.6 0 33.9L246.6 467.3c-9.4 9.4-24.6 9.4-33.9 0l-22.2-22.2c-9.5-9.5-9.3-25 .4-34.3L311.4 296H24c-13.3 0-24-10.7-24-24v-32c0-13.3 10.7-24 24-24h287.4L190.9 101.2c-9.8-9.3-10-24.8-.4-34.3z\"><\/path><\/svg><span class=\"elementor-screen-only\">Seguinte<\/span><\/span><\/a>\t\t\t<\/div>\n\t\t<\/div>\n\t\t\t\t\t\t<\/div>\n\t\t\t\t<\/div>\n\t\t\t\t<div class=\"elementor-element elementor-element-81a2b13 elementor-align-center elementor-icon-list--layout-traditional elementor-list-item-link-full_width elementor-widget elementor-widget-icon-list\" data-id=\"81a2b13\" data-element_type=\"widget\" data-widget_type=\"icon-list.default\">\n\t\t\t\t<div class=\"elementor-widget-container\">\n\t\t\t\t\t\t\t<ul class=\"elementor-icon-list-items\">\n\t\t\t\t\t\t\t<li class=\"elementor-icon-list-item\">\n\t\t\t\t\t\t\t\t\t\t\t<a href=\"\/pt\/noticias\/\">\n\n\t\t\t\t\t\t\t\t\t\t\t\t<span class=\"elementor-icon-list-icon\">\n\t\t\t\t\t\t\t<svg xmlns=\"http:\/\/www.w3.org\/2000\/svg\" id=\"uuid-5a27b650-727a-4659-9d92-75e42c38903b\" viewbox=\"0 0 19.67 14.54\"><g id=\"uuid-40aca98c-811b-43af-9bb7-b3a092d9bdfe\"><rect x=\".03\" width=\"6\" height=\"6\" rx=\"2\" ry=\"2\" style=\"fill:currentColor\"><\/rect><rect x=\"6.85\" width=\"6\" height=\"7.65\" rx=\"2\" ry=\"2\" style=\"fill:currentColor\"><\/rect><rect x=\"13.67\" width=\"6\" height=\"6.51\" rx=\"2\" ry=\"2\" style=\"fill:currentColor\"><\/rect><rect y=\"7\" width=\"6\" height=\"7.55\" rx=\"2\" ry=\"2\" style=\"fill:currentColor\"><\/rect><rect x=\"13.64\" y=\"7.22\" width=\"6\" height=\"7.33\" rx=\"2\" ry=\"2\" style=\"fill:currentColor\"><\/rect><rect x=\"6.82\" y=\"8.54\" width=\"6\" height=\"6\" rx=\"2\" ry=\"2\" style=\"fill:currentColor\"><\/rect><\/g><\/svg>\t\t\t\t\t\t<\/span>\n\t\t\t\t\t\t\t\t\t\t<span class=\"elementor-icon-list-text\"><\/span>\n\t\t\t\t\t\t\t\t\t\t\t<\/a>\n\t\t\t\t\t\t\t\t\t<\/li>\n\t\t\t\t\t\t<\/ul>\n\t\t\t\t\t\t<\/div>\n\t\t\t\t<\/div>\n\t\t\t\t\t<\/div>\n\t\t\t\t<\/div>\n\t\t\t\t<\/div>\n\t\t<\/div>\n\t\t\t\t\t\t<\/div>\n\t\t\t\t<\/div>\n\t\t\t\t\t<\/div>\n\t\t\t\t<\/div>\n\t\t\t\t<\/div>","protected":false},"excerpt":{"rendered":"<p>A VISSONIC \u00e9 um fabricante relativamente novo no dom\u00ednio da tecnologia de confer\u00eancias que est\u00e1 a ganhar cada vez mais aten\u00e7\u00e3o no mercado. Embora a empresa ainda n\u00e3o seja t\u00e3o conhecida como algumas marcas estabelecidas, oferece uma gama de produtos interessantes para v\u00e1rias aplica\u00e7\u00f5es na tecnologia de confer\u00eancias. A gama de produtos VISSONIC inclui sistemas de confer\u00eancia: desde sistemas simples com fios at\u00e9 [...]<\/p>","protected":false},"author":1,"featured_media":47223,"comment_status":"closed","ping_status":"closed","sticky":false,"template":"","format":"standard","meta":{"_acf_changed":false,"footnotes":""},"categories":[1,2],"tags":[],"class_list":["post-47215","post","type-post","status-publish","format-standard","has-post-thumbnail","hentry","category-allgemein","category-news"],"acf":[],"_links":{"self":[{"href":"https:\/\/konferenztechnik.de\/pt\/wp-json\/wp\/v2\/posts\/47215","targetHints":{"allow":["GET"]}}],"collection":[{"href":"https:\/\/konferenztechnik.de\/pt\/wp-json\/wp\/v2\/posts"}],"about":[{"href":"https:\/\/konferenztechnik.de\/pt\/wp-json\/wp\/v2\/types\/post"}],"author":[{"embeddable":true,"href":"https:\/\/konferenztechnik.de\/pt\/wp-json\/wp\/v2\/users\/1"}],"replies":[{"embeddable":true,"href":"https:\/\/konferenztechnik.de\/pt\/wp-json\/wp\/v2\/comments?post=47215"}],"version-history":[{"count":0,"href":"https:\/\/konferenztechnik.de\/pt\/wp-json\/wp\/v2\/posts\/47215\/revisions"}],"wp:featuredmedia":[{"embeddable":true,"href":"https:\/\/konferenztechnik.de\/pt\/wp-json\/wp\/v2\/media\/47223"}],"wp:attachment":[{"href":"https:\/\/konferenztechnik.de\/pt\/wp-json\/wp\/v2\/media?parent=47215"}],"wp:term":[{"taxonomy":"category","embeddable":true,"href":"https:\/\/konferenztechnik.de\/pt\/wp-json\/wp\/v2\/categories?post=47215"},{"taxonomy":"post_tag","embeddable":true,"href":"https:\/\/konferenztechnik.de\/pt\/wp-json\/wp\/v2\/tags?post=47215"}],"curies":[{"name":"wp","href":"https:\/\/api.w.org\/{rel}","templated":true}]}}