{"id":49369,"date":"2026-01-30T16:44:53","date_gmt":"2026-01-30T15:44:53","guid":{"rendered":"https:\/\/konferenztechnik.de\/?p=49369"},"modified":"2026-01-30T17:09:29","modified_gmt":"2026-01-30T16:09:29","slug":"sistema-de-conferencia-sem-fios-av-access-eshare-w90-4k","status":"publish","type":"post","link":"https:\/\/konferenztechnik.de\/pt\/sistema-de-conferencia-sem-fios-av-access-eshare-w90-4k\/","title":{"rendered":"Sistema de confer\u00eancia sem fios AV Access eShare W90 \u2013 4K"},"content":{"rendered":"<div data-elementor-type=\"wp-post\" data-elementor-id=\"49369\" class=\"elementor elementor-49369\" data-elementor-post-type=\"post\">\n\t\t\t\t<div data-particle_enable=\"false\" data-particle-mobile-disabled=\"false\" class=\"elementor-element elementor-element-59ad04c e-flex e-con-boxed e-con e-parent\" data-id=\"59ad04c\" data-element_type=\"container\">\n\t\t\t\t\t<div class=\"e-con-inner\">\n\t\t<div data-particle_enable=\"false\" data-particle-mobile-disabled=\"false\" class=\"elementor-element elementor-element-be8f800 e-flex e-con-boxed e-con e-child\" data-id=\"be8f800\" data-element_type=\"container\">\n\t\t\t\t\t<div class=\"e-con-inner\">\n\t\t\t\t<div class=\"elementor-element elementor-element-0afdee1 elementor-widget elementor-widget-heading\" data-id=\"0afdee1\" data-element_type=\"widget\" data-settings=\"{&quot;_animation&quot;:&quot;none&quot;}\" data-widget_type=\"heading.default\">\n\t\t\t\t<div class=\"elementor-widget-container\">\n\t\t\t\t\t<h1 class=\"elementor-heading-title elementor-size-default\">Sistema de confer\u00eancia sem fios AV Access eShare W90 \u2013 4K para reuni\u00f5es h\u00edbridas modernas<\/h1>\t\t\t\t<\/div>\n\t\t\t\t<\/div>\n\t\t\t\t\t<\/div>\n\t\t\t\t<\/div>\n\t\t<div data-particle_enable=\"false\" data-particle-mobile-disabled=\"false\" class=\"elementor-element elementor-element-80d832c e-grid e-con-boxed e-con e-child\" data-id=\"80d832c\" data-element_type=\"container\">\n\t\t\t\t\t<div class=\"e-con-inner\">\n\t\t\t\t<div class=\"elementor-element elementor-element-99559f5 elementor-widget elementor-widget-image\" data-id=\"99559f5\" data-element_type=\"widget\" data-widget_type=\"image.default\">\n\t\t\t\t<div class=\"elementor-widget-container\">\n\t\t\t\t\t\t\t\t\t\t\t\t\t\t\t<img fetchpriority=\"high\" decoding=\"async\" width=\"800\" height=\"800\" src=\"https:\/\/konferenztechnik.de\/wp-content\/uploads\/2026\/01\/eshare-w90-wireless-4k-drahthlos-barco-clickshare-alternative-1024x1024.avif\" class=\"attachment-large size-large wp-image-49397\" alt=\"\" srcset=\"https:\/\/konferenztechnik.de\/wp-content\/uploads\/2026\/01\/eshare-w90-wireless-4k-drahthlos-barco-clickshare-alternative-1024x1024.avif 1024w, https:\/\/konferenztechnik.de\/wp-content\/uploads\/2026\/01\/eshare-w90-wireless-4k-drahthlos-barco-clickshare-alternative-300x300.avif 300w, https:\/\/konferenztechnik.de\/wp-content\/uploads\/2026\/01\/eshare-w90-wireless-4k-drahthlos-barco-clickshare-alternative-150x150.avif 150w, https:\/\/konferenztechnik.de\/wp-content\/uploads\/2026\/01\/eshare-w90-wireless-4k-drahthlos-barco-clickshare-alternative-768x768.avif 768w, https:\/\/konferenztechnik.de\/wp-content\/uploads\/2026\/01\/eshare-w90-wireless-4k-drahthlos-barco-clickshare-alternative-1536x1536.avif 1536w, https:\/\/konferenztechnik.de\/wp-content\/uploads\/2026\/01\/eshare-w90-wireless-4k-drahthlos-barco-clickshare-alternative-12x12.avif 12w, https:\/\/konferenztechnik.de\/wp-content\/uploads\/2026\/01\/eshare-w90-wireless-4k-drahthlos-barco-clickshare-alternative.avif 1600w\" sizes=\"(max-width: 800px) 100vw, 800px\" title=\"\">\t\t\t\t\t\t\t\t\t\t\t\t\t\t\t<\/div>\n\t\t\t\t<\/div>\n\t\t\t\t<div class=\"elementor-element elementor-element-477df0c content-align-cta-default elementor-widget elementor-widget-eael-cta-box\" data-id=\"477df0c\" data-element_type=\"widget\" data-widget_type=\"eael-cta-box.default\">\n\t\t\t\t<div class=\"elementor-widget-container\">\n\t\t\t\t\t\t\t<div class=\"eael-call-to-action cta-basic bg-lite cta-preset-1\">\n        <h2 class=\"title eael-cta-heading\">Acesso AV eShare W90<\/h2><p><img decoding=\"async\" class=\"alignnone wp-image-49297\" src=\"https:\/\/konferenztechnik.de\/wp-content\/uploads\/2026\/01\/neue-konferenztechnik.svg\" alt=\"\" width=\"99\" height=\"99\" title=\"\"><\/p><p>- Apresenta\u00e7\u00e3o sem fios<\/p><p>- Quad-View<\/p><p>- USB-C tudo-em-um<\/p><p>- Sa\u00eddas HDMI duplas<\/p><p>- Segmenta\u00e7\u00e3o da rede<\/p><a href=\"#kontaktbox\" class=\"cta-button cta-preset-1\">Perguntar agora<\/a>\t<\/div>\n\t\t\t\t\t\t\t\t<\/div>\n\t\t\t\t<\/div>\n\t\t\t\t\t<\/div>\n\t\t\t\t<\/div>\n\t\t<div data-particle_enable=\"false\" data-particle-mobile-disabled=\"false\" class=\"elementor-element elementor-element-aaa82cd e-flex e-con-boxed e-con e-child\" data-id=\"aaa82cd\" data-element_type=\"container\">\n\t\t\t\t\t<div class=\"e-con-inner\">\n\t\t\t\t<div class=\"elementor-element elementor-element-996ce7d elementor-widget__width-inherit elementor-widget elementor-widget-text-editor\" data-id=\"996ce7d\" data-element_type=\"widget\" data-widget_type=\"text-editor.default\">\n\t\t\t\t<div class=\"elementor-widget-container\">\n\t\t\t\t\t\t\t\t\t<p>Com o AV Access eShare W90, voc\u00ea pode expandir sua tecnologia de confer\u00eancia com um poderoso sistema de confer\u00eancia sem fio 4K. A partilha de conte\u00fado sem fios, a visualiza\u00e7\u00e3o qu\u00e1drupla de at\u00e9 quatro fontes em simult\u00e2neo e uma liga\u00e7\u00e3o USB-C completa com carregamento de port\u00e1til at\u00e9 65 W tornam o sistema uma alternativa muito interessante ao Barco ClickShare.<\/p><p>\u00a0<\/p><p>Integramos o eShare W90 sem problemas na sua tecnologia de confer\u00eancia e multim\u00e9dia existente \u2013, desde a consultoria e planeamento at\u00e9 \u00e0 instala\u00e7\u00e3o e apoio \u00e0s suas salas de confer\u00eancia.<\/p>\t\t\t\t\t\t\t\t<\/div>\n\t\t\t\t<\/div>\n\t\t\t\t<div class=\"elementor-element elementor-element-c8b2497 elementor-toc--minimized-on-tablet elementor-widget elementor-widget-table-of-contents\" data-id=\"c8b2497\" data-element_type=\"widget\" data-settings=\"{&quot;headings_by_tags&quot;:[&quot;h2&quot;],&quot;no_headings_message&quot;:&quot;Es wurden keine \\u00dcberschriften auf dieser Seite gefunden.&quot;,&quot;marker_view&quot;:&quot;numbers&quot;,&quot;minimize_box&quot;:&quot;yes&quot;,&quot;minimized_on&quot;:&quot;tablet&quot;,&quot;hierarchical_view&quot;:&quot;yes&quot;,&quot;min_height&quot;:{&quot;unit&quot;:&quot;px&quot;,&quot;size&quot;:&quot;&quot;,&quot;sizes&quot;:[]},&quot;min_height_widescreen&quot;:{&quot;unit&quot;:&quot;px&quot;,&quot;size&quot;:&quot;&quot;,&quot;sizes&quot;:[]},&quot;min_height_laptop&quot;:{&quot;unit&quot;:&quot;px&quot;,&quot;size&quot;:&quot;&quot;,&quot;sizes&quot;:[]},&quot;min_height_tablet_extra&quot;:{&quot;unit&quot;:&quot;px&quot;,&quot;size&quot;:&quot;&quot;,&quot;sizes&quot;:[]},&quot;min_height_tablet&quot;:{&quot;unit&quot;:&quot;px&quot;,&quot;size&quot;:&quot;&quot;,&quot;sizes&quot;:[]},&quot;min_height_mobile&quot;:{&quot;unit&quot;:&quot;px&quot;,&quot;size&quot;:&quot;&quot;,&quot;sizes&quot;:[]}}\" data-widget_type=\"table-of-contents.default\">\n\t\t\t\t<div class=\"elementor-widget-container\">\n\t\t\t\t\t\t\t\t\t<div class=\"elementor-toc__header\">\n\t\t\t\t\t\t<h2 class=\"elementor-toc__header-title\">\n\t\t\t\t\u00cdndice\t\t\t<\/h2>\n\t\t\t\t\t\t\t\t\t\t<div class=\"elementor-toc__toggle-button elementor-toc__toggle-button--expand\" role=\"button\" tabindex=\"0\" aria-controls=\"elementor-toc__c8b2497\" aria-expanded=\"true\" aria-label=\"Abrir o \u00edndice\"><svg aria-hidden=\"true\" class=\"e-font-icon-svg e-fas-chevron-down\" viewbox=\"0 0 448 512\" xmlns=\"http:\/\/www.w3.org\/2000\/svg\"><path d=\"M207.029 381.476L12.686 187.132c-9.373-9.373-9.373-24.569 0-33.941l22.667-22.667c9.357-9.357 24.522-9.375 33.901-.04L224 284.505l154.745-154.021c9.379-9.335 24.544-9.317 33.901.04l22.667 22.667c9.373 9.373 9.373 24.569 0 33.941L240.971 381.476c-9.373 9.372-24.569 9.372-33.942 0z\"><\/path><\/svg><\/div>\n\t\t\t\t<div class=\"elementor-toc__toggle-button elementor-toc__toggle-button--collapse\" role=\"button\" tabindex=\"0\" aria-controls=\"elementor-toc__c8b2497\" aria-expanded=\"true\" aria-label=\"Fechar o \u00edndice\"><svg aria-hidden=\"true\" class=\"e-font-icon-svg e-fas-chevron-up\" viewbox=\"0 0 448 512\" xmlns=\"http:\/\/www.w3.org\/2000\/svg\"><path d=\"M240.971 130.524l194.343 194.343c9.373 9.373 9.373 24.569 0 33.941l-22.667 22.667c-9.357 9.357-24.522 9.375-33.901.04L224 227.495 69.255 381.516c-9.379 9.335-24.544 9.317-33.901-.04l-22.667-22.667c-9.373-9.373-9.373-24.569 0-33.941L207.03 130.525c9.372-9.373 24.568-9.373 33.941-.001z\"><\/path><\/svg><\/div>\n\t\t\t\t\t<\/div>\n\t\t\t\t<div id=\"elementor-toc__c8b2497\" class=\"elementor-toc__body\">\n\t\t\t<div class=\"elementor-toc__spinner-container\">\n\t\t\t\t<svg class=\"elementor-toc__spinner eicon-animation-spin e-font-icon-svg e-eicon-loading\" aria-hidden=\"true\" viewbox=\"0 0 1000 1000\" xmlns=\"http:\/\/www.w3.org\/2000\/svg\"><path d=\"M500 975V858C696 858 858 696 858 500S696 142 500 142 142 304 142 500H25C25 237 238 25 500 25S975 237 975 500 763 975 500 975Z\"><\/path><\/svg>\t\t\t<\/div>\n\t\t<\/div>\n\t\t\t\t\t\t<\/div>\n\t\t\t\t<\/div>\n\t\t\t\t\t<\/div>\n\t\t\t\t<\/div>\n\t\t<div data-particle_enable=\"false\" data-particle-mobile-disabled=\"false\" class=\"elementor-element elementor-element-b3ddd01 e-flex e-con-boxed e-con e-child\" data-id=\"b3ddd01\" data-element_type=\"container\">\n\t\t\t\t\t<div class=\"e-con-inner\">\n\t\t\t\t<div class=\"elementor-element elementor-element-0064566 elementor-widget elementor-widget-heading\" data-id=\"0064566\" data-element_type=\"widget\" data-settings=\"{&quot;_animation&quot;:&quot;none&quot;}\" data-widget_type=\"heading.default\">\n\t\t\t\t<div class=\"elementor-widget-container\">\n\t\t\t\t\t<h2 class=\"elementor-heading-title elementor-size-default\">Porqu\u00ea um sistema de confer\u00eancia sem fios como o eShare W90?<\/h2>\t\t\t\t<\/div>\n\t\t\t\t<\/div>\n\t\t\t\t<div class=\"elementor-element elementor-element-86d6d5b elementor-widget elementor-widget-image\" data-id=\"86d6d5b\" data-element_type=\"widget\" data-widget_type=\"image.default\">\n\t\t\t\t<div class=\"elementor-widget-container\">\n\t\t\t\t\t\t\t\t\t\t\t\t\t\t\t<img decoding=\"async\" width=\"1200\" height=\"538\" src=\"https:\/\/konferenztechnik.de\/wp-content\/uploads\/2026\/01\/eShare-W90-Wireless-Presentation-Conferencing-System-_-Top-Banner-_-NEW-1200x538-1.avif\" class=\"attachment-full size-full wp-image-49378\" alt=\"\" srcset=\"https:\/\/konferenztechnik.de\/wp-content\/uploads\/2026\/01\/eShare-W90-Wireless-Presentation-Conferencing-System-_-Top-Banner-_-NEW-1200x538-1.avif 1200w, https:\/\/konferenztechnik.de\/wp-content\/uploads\/2026\/01\/eShare-W90-Wireless-Presentation-Conferencing-System-_-Top-Banner-_-NEW-1200x538-1-300x135.avif 300w, https:\/\/konferenztechnik.de\/wp-content\/uploads\/2026\/01\/eShare-W90-Wireless-Presentation-Conferencing-System-_-Top-Banner-_-NEW-1200x538-1-1024x459.avif 1024w, https:\/\/konferenztechnik.de\/wp-content\/uploads\/2026\/01\/eShare-W90-Wireless-Presentation-Conferencing-System-_-Top-Banner-_-NEW-1200x538-1-768x344.avif 768w, https:\/\/konferenztechnik.de\/wp-content\/uploads\/2026\/01\/eShare-W90-Wireless-Presentation-Conferencing-System-_-Top-Banner-_-NEW-1200x538-1-18x8.avif 18w\" sizes=\"(max-width: 1200px) 100vw, 1200px\" title=\"\">\t\t\t\t\t\t\t\t\t\t\t\t\t\t\t<\/div>\n\t\t\t\t<\/div>\n\t\t\t\t<div class=\"elementor-element elementor-element-74974da elementor-widget__width-inherit elementor-widget elementor-widget-text-editor\" data-id=\"74974da\" data-element_type=\"widget\" data-widget_type=\"text-editor.default\">\n\t\t\t\t<div class=\"elementor-widget-container\">\n\t\t\t\t\t\t\t\t\t<p>As reuni\u00f5es h\u00edbridas s\u00e3o, desde h\u00e1 muito, uma norma. Ao mesmo tempo, as salas de confer\u00eancia devem funcionar simplesmente \u2013 sem caos de adaptadores, comuta\u00e7\u00e3o complicada ou briefings t\u00e9cnicos demorados.<\/p><p>\u00a0<\/p><p>O eShare W90 aborda precisamente estes pontos:<\/p><p>\u00a0<\/p><ul><li>Apresenta\u00e7\u00e3o sem fios em vez de cabos emaranhados<\/li><\/ul><ul><li>Funcionamento simples para todos os participantes (BYOD: computador port\u00e1til, tablet, smartphone)<\/li><\/ul><ul><li>Separa\u00e7\u00e3o segura da rede da empresa e dos convidados<\/li><\/ul><ul><li>Colabora\u00e7\u00e3o mais eficiente atrav\u00e9s da apresenta\u00e7\u00e3o simult\u00e2nea de v\u00e1rios conte\u00fados<\/li><\/ul><p>O eShare W90 \u00e9 uma solu\u00e7\u00e3o extremamente atractiva para empresas, administra\u00e7\u00f5es, institui\u00e7\u00f5es de ensino ou associa\u00e7\u00f5es que procuram um sistema de confer\u00eancia sem fios flex\u00edvel.<\/p>\t\t\t\t\t\t\t\t<\/div>\n\t\t\t\t<\/div>\n\t\t\t\t<div class=\"elementor-element elementor-element-69fb1fd elementor-widget elementor-widget-heading\" data-id=\"69fb1fd\" data-element_type=\"widget\" data-settings=\"{&quot;_animation&quot;:&quot;none&quot;}\" data-widget_type=\"heading.default\">\n\t\t\t\t<div class=\"elementor-widget-container\">\n\t\t\t\t\t<h2 class=\"elementor-heading-title elementor-size-default\">As fun\u00e7\u00f5es mais importantes do AV Access eShare W90<\/h2>\t\t\t\t<\/div>\n\t\t\t\t<\/div>\n\t\t\t\t<div class=\"elementor-element elementor-element-9e75cd9 elementor-widget elementor-widget-heading\" data-id=\"9e75cd9\" data-element_type=\"widget\" data-settings=\"{&quot;_animation&quot;:&quot;none&quot;}\" data-widget_type=\"heading.default\">\n\t\t\t\t<div class=\"elementor-widget-container\">\n\t\t\t\t\t<h3 class=\"elementor-heading-title elementor-size-default\">All-in-One USB-C \u2013 um cabo para tudo<\/h3>\t\t\t\t<\/div>\n\t\t\t\t<\/div>\n\t\t\t\t<div class=\"elementor-element elementor-element-0126caf elementor-cta--skin-cover elementor-cta--valign-bottom elementor-widget elementor-widget-call-to-action\" data-id=\"0126caf\" data-element_type=\"widget\" data-widget_type=\"call-to-action.default\">\n\t\t\t\t<div class=\"elementor-widget-container\">\n\t\t\t\t\t\t\t<div class=\"elementor-cta\">\n\t\t\t\t\t<div class=\"elementor-cta__bg-wrapper\">\n\t\t\t\t<div class=\"elementor-cta__bg elementor-bg\" style=\"background-image: url(https:\/\/konferenztechnik.de\/wp-content\/uploads\/2026\/01\/konferenzzentrale-usb-c-4k.avif);\" role=\"img\" aria-label=\"centro de confer\u00eancias-usb-c--4k\"><\/div>\n\t\t\t\t<div class=\"elementor-cta__bg-overlay\"><\/div>\n\t\t\t<\/div>\n\t\t\t\t\t\t\t<div class=\"elementor-cta__content\">\n\t\t\t\t\n\t\t\t\t\n\t\t\t\t\n\t\t\t\t\t\t\t\t\t<div class=\"elementor-cta__button-wrapper elementor-cta__content-item elementor-content-item\">\n\t\t\t\t\t<a class=\"elementor-cta__button elementor-button elementor-size-lg\" href=\"#kontaktbox\">\n\t\t\t\t\t\tPerguntar agora\t\t\t\t\t<\/a>\n\t\t\t\t\t<\/div>\n\t\t\t\t\t\t\t<\/div>\n\t\t\t\t\t\t<\/div>\n\t\t\t\t\t\t<\/div>\n\t\t\t\t<\/div>\n\t\t\t\t<div class=\"elementor-element elementor-element-7458fb0 elementor-widget__width-inherit elementor-widget elementor-widget-text-editor\" data-id=\"7458fb0\" data-element_type=\"widget\" data-widget_type=\"text-editor.default\">\n\t\t\t\t<div class=\"elementor-widget-container\">\n\t\t\t\t\t\t\t\t\t<p>A porta USB-C completa do eShare W90 assume o controlo num \u00fanico cabo:<\/p><p>\u00a0<\/p><ul><li>Transmiss\u00e3o de v\u00eddeo e \u00e1udio em 4K<\/li><\/ul><ul><li>Liga\u00e7\u00e3o de dados USB (por exemplo, para webcam, barra de v\u00eddeo, altifalante)<\/li><\/ul><ul><li>Acesso \u00e0 rede (Gigabit Ethernet)<\/li><\/ul><ul><li>Carregamento de computadores port\u00e1teis at\u00e9 65 W<\/li><\/ul><p>Basta que os participantes liguem o seu computador port\u00e1til \u00e0 tecnologia de confer\u00eancia \u2013 atrav\u00e9s de USB-C. Iniciam a apresenta\u00e7\u00e3o, utilizam a rede e carregam ao mesmo tempo.<\/p>\t\t\t\t\t\t\t\t<\/div>\n\t\t\t\t<\/div>\n\t\t\t\t<div class=\"elementor-element elementor-element-14cd03c elementor-widget elementor-widget-spacer\" data-id=\"14cd03c\" data-element_type=\"widget\" data-widget_type=\"spacer.default\">\n\t\t\t\t<div class=\"elementor-widget-container\">\n\t\t\t\t\t\t\t<div class=\"elementor-spacer\">\n\t\t\t<div class=\"elementor-spacer-inner\"><\/div>\n\t\t<\/div>\n\t\t\t\t\t\t<\/div>\n\t\t\t\t<\/div>\n\t\t\t\t<div class=\"elementor-element elementor-element-e1f6e3c elementor-widget elementor-widget-heading\" data-id=\"e1f6e3c\" data-element_type=\"widget\" data-settings=\"{&quot;_animation&quot;:&quot;none&quot;}\" data-widget_type=\"heading.default\">\n\t\t\t\t<div class=\"elementor-widget-container\">\n\t\t\t\t\t<h2 class=\"elementor-heading-title elementor-size-default\">HDMI duplo e Quad-View para uma melhor vis\u00e3o geral<\/h2>\t\t\t\t<\/div>\n\t\t\t\t<\/div>\n\t\t\t\t<div class=\"elementor-element elementor-element-df7f8d4 elementor-widget elementor-widget-image\" data-id=\"df7f8d4\" data-element_type=\"widget\" data-widget_type=\"image.default\">\n\t\t\t\t<div class=\"elementor-widget-container\">\n\t\t\t\t\t\t\t\t\t\t\t\t\t\t\t<img loading=\"lazy\" decoding=\"async\" width=\"800\" height=\"653\" src=\"https:\/\/konferenztechnik.de\/wp-content\/uploads\/2026\/01\/quad-display-4k-1024x836.avif\" class=\"attachment-large size-large wp-image-49380\" alt=\"\" srcset=\"https:\/\/konferenztechnik.de\/wp-content\/uploads\/2026\/01\/quad-display-4k-1024x836.avif 1024w, https:\/\/konferenztechnik.de\/wp-content\/uploads\/2026\/01\/quad-display-4k-300x245.avif 300w, https:\/\/konferenztechnik.de\/wp-content\/uploads\/2026\/01\/quad-display-4k-768x627.avif 768w, https:\/\/konferenztechnik.de\/wp-content\/uploads\/2026\/01\/quad-display-4k-15x12.avif 15w, https:\/\/konferenztechnik.de\/wp-content\/uploads\/2026\/01\/quad-display-4k.avif 1536w\" sizes=\"(max-width: 800px) 100vw, 800px\" title=\"\">\t\t\t\t\t\t\t\t\t\t\t\t\t\t\t<\/div>\n\t\t\t\t<\/div>\n\t\t\t\t<div class=\"elementor-element elementor-element-a5d5df3 elementor-widget__width-inherit elementor-widget elementor-widget-text-editor\" data-id=\"a5d5df3\" data-element_type=\"widget\" data-widget_type=\"text-editor.default\">\n\t\t\t\t<div class=\"elementor-widget-container\">\n\t\t\t\t\t\t\t\t\t<p>Est\u00e3o dispon\u00edveis duas sa\u00eddas HDMI para visualiza\u00e7\u00e3o na sala. Assim, pode:<\/p><p>\u00a0<\/p><ul><li>Controlar um ou dois ecr\u00e3s \/ projectores<\/li><\/ul><ul><li>Mostrar conte\u00fados diferentes em dois ecr\u00e3s ao mesmo tempo<\/li><\/ul><ul><li>Mostrar at\u00e9 quatro fontes em simult\u00e2neo num ecr\u00e3 no modo Quad View<\/li><\/ul><p>Esta fun\u00e7\u00e3o Quad View \u00e9 uma clara mais-valia em compara\u00e7\u00e3o com muitos sistemas de apresenta\u00e7\u00e3o cl\u00e1ssicos, especialmente para compara\u00e7\u00f5es de projectos, workshops, trabalho \u00e1gil ou apresenta\u00e7\u00f5es em conselhos de administra\u00e7\u00e3o.<\/p>\t\t\t\t\t\t\t\t<\/div>\n\t\t\t\t<\/div>\n\t\t\t\t<div class=\"elementor-element elementor-element-5a292fb elementor-widget elementor-widget-spacer\" data-id=\"5a292fb\" data-element_type=\"widget\" data-widget_type=\"spacer.default\">\n\t\t\t\t<div class=\"elementor-widget-container\">\n\t\t\t\t\t\t\t<div class=\"elementor-spacer\">\n\t\t\t<div class=\"elementor-spacer-inner\"><\/div>\n\t\t<\/div>\n\t\t\t\t\t\t<\/div>\n\t\t\t\t<\/div>\n\t\t\t\t<div class=\"elementor-element elementor-element-c0711c2 elementor-widget elementor-widget-heading\" data-id=\"c0711c2\" data-element_type=\"widget\" data-settings=\"{&quot;_animation&quot;:&quot;none&quot;}\" data-widget_type=\"heading.default\">\n\t\t\t\t<div class=\"elementor-widget-container\">\n\t\t\t\t\t<h2 class=\"elementor-heading-title elementor-size-default\">Confer\u00eancias sem fios com um clique<\/h2>\t\t\t\t<\/div>\n\t\t\t\t<\/div>\n\t\t\t\t<div class=\"elementor-element elementor-element-2034039 elementor-widget elementor-widget-image\" data-id=\"2034039\" data-element_type=\"widget\" data-widget_type=\"image.default\">\n\t\t\t\t<div class=\"elementor-widget-container\">\n\t\t\t\t\t\t\t\t\t\t\t\t\t\t\t<img loading=\"lazy\" decoding=\"async\" width=\"938\" height=\"784\" src=\"https:\/\/konferenztechnik.de\/wp-content\/uploads\/2026\/01\/eShare-D30-dongle.avif\" class=\"attachment-full size-full wp-image-49381\" alt=\"\" srcset=\"https:\/\/konferenztechnik.de\/wp-content\/uploads\/2026\/01\/eShare-D30-dongle.avif 938w, https:\/\/konferenztechnik.de\/wp-content\/uploads\/2026\/01\/eShare-D30-dongle-300x251.avif 300w, https:\/\/konferenztechnik.de\/wp-content\/uploads\/2026\/01\/eShare-D30-dongle-768x642.avif 768w, https:\/\/konferenztechnik.de\/wp-content\/uploads\/2026\/01\/eShare-D30-dongle-14x12.avif 14w\" sizes=\"(max-width: 938px) 100vw, 938px\" title=\"\">\t\t\t\t\t\t\t\t\t\t\t\t\t\t\t<\/div>\n\t\t\t\t<\/div>\n\t\t\t\t<div class=\"elementor-element elementor-element-43ecf91 elementor-widget__width-inherit elementor-widget elementor-widget-text-editor\" data-id=\"43ecf91\" data-element_type=\"widget\" data-widget_type=\"text-editor.default\">\n\t\t\t\t<div class=\"elementor-widget-container\">\n\t\t\t\t\t\t\t\t\t<p>Em combina\u00e7\u00e3o com o dongle USB-C (eShare D30), o eShare W90 torna-se numa solu\u00e7\u00e3o de confer\u00eancia sem fios.\u00a0<span style=\"background-color: transparent;\">Emparelhe uma vez e depois comece com o toque de um bot\u00e3o:<br \/><br \/><\/span><\/p><ul><li>Controlo sem fios de dispositivos de confer\u00eancia USB, tais como<\/li><\/ul><ul><li>C\u00e2maras de confer\u00eancia<\/li><\/ul><ul><li>Barras de v\u00eddeo<\/li><\/ul><ul><li>Dispositivos m\u00e3os-livres<\/li><\/ul><ul><li>Ecr\u00e3s t\u00e1cteis<\/li><\/ul><ul><li>Videoconfer\u00eancia sem ter de estar constantemente a ligar cabos USB<\/li><\/ul><p>Isto transforma a sua sala de confer\u00eancias numa solu\u00e7\u00e3o conveniente para reuni\u00f5es h\u00edbridas atrav\u00e9s do Microsoft Teams, Zoom, Webex e outras plataformas de videoconfer\u00eancia populares.<\/p>\t\t\t\t\t\t\t\t<\/div>\n\t\t\t\t<\/div>\n\t\t\t\t<div class=\"elementor-element elementor-element-0a18cc0 elementor-widget elementor-widget-heading\" data-id=\"0a18cc0\" data-element_type=\"widget\" data-settings=\"{&quot;_animation&quot;:&quot;none&quot;}\" data-widget_type=\"heading.default\">\n\t\t\t\t<div class=\"elementor-widget-container\">\n\t\t\t\t\t<h3 class=\"elementor-heading-title elementor-size-default\">Hub USB integrado para tecnologia de confer\u00eancia<\/h3>\t\t\t\t<\/div>\n\t\t\t\t<\/div>\n\t\t\t\t<div class=\"elementor-element elementor-element-9b9ce25 elementor-widget__width-inherit elementor-widget elementor-widget-text-editor\" data-id=\"9b9ce25\" data-element_type=\"widget\" data-widget_type=\"text-editor.default\">\n\t\t\t\t<div class=\"elementor-widget-container\">\n\t\t\t\t\t\t\t\t\t<p>Utilize o hub USB 3.0 integrado para ligar a sua tecnologia de confer\u00eancia e AV diretamente ao sistema, por exemplo:<\/p><p>\u00a0<\/p><ul><li>C\u00e2maras de confer\u00eancia PTZ ou 4K<\/li><\/ul><ul><li>Altifalantes de confer\u00eancia \/ Altifalantes<\/li><\/ul><ul><li>Barras de v\u00eddeo<\/li><\/ul><ul><li>Ecr\u00e3s interactivos \/ ecr\u00e3s t\u00e1cteis<\/li><\/ul><p>Isto faz do eShare W90 o centro de controlo central da sua tecnologia de confer\u00eancia na sala.<\/p>\t\t\t\t\t\t\t\t<\/div>\n\t\t\t\t<\/div>\n\t\t\t\t<div class=\"elementor-element elementor-element-20f3448 elementor-widget elementor-widget-image\" data-id=\"20f3448\" data-element_type=\"widget\" data-widget_type=\"image.default\">\n\t\t\t\t<div class=\"elementor-widget-container\">\n\t\t\t\t\t\t\t\t\t\t\t\t\t\t\t<img loading=\"lazy\" decoding=\"async\" width=\"800\" height=\"645\" src=\"https:\/\/konferenztechnik.de\/wp-content\/uploads\/2026\/01\/verbindungen-eShare-W90-1024x825.avif\" class=\"attachment-large size-large wp-image-49382\" alt=\"\" srcset=\"https:\/\/konferenztechnik.de\/wp-content\/uploads\/2026\/01\/verbindungen-eShare-W90-1024x825.avif 1024w, https:\/\/konferenztechnik.de\/wp-content\/uploads\/2026\/01\/verbindungen-eShare-W90-300x242.avif 300w, https:\/\/konferenztechnik.de\/wp-content\/uploads\/2026\/01\/verbindungen-eShare-W90-768x619.avif 768w, https:\/\/konferenztechnik.de\/wp-content\/uploads\/2026\/01\/verbindungen-eShare-W90-1536x1237.avif 1536w, https:\/\/konferenztechnik.de\/wp-content\/uploads\/2026\/01\/verbindungen-eShare-W90-15x12.avif 15w, https:\/\/konferenztechnik.de\/wp-content\/uploads\/2026\/01\/verbindungen-eShare-W90.avif 1600w\" sizes=\"(max-width: 800px) 100vw, 800px\" title=\"\">\t\t\t\t\t\t\t\t\t\t\t\t\t\t\t<\/div>\n\t\t\t\t<\/div>\n\t\t\t\t<div class=\"elementor-element elementor-element-c321616 elementor-widget elementor-widget-heading\" data-id=\"c321616\" data-element_type=\"widget\" data-settings=\"{&quot;_animation&quot;:&quot;none&quot;}\" data-widget_type=\"heading.default\">\n\t\t\t\t<div class=\"elementor-widget-container\">\n\t\t\t\t\t<h3 class=\"elementor-heading-title elementor-size-default\">Partilha de conte\u00fados flex\u00edvel e independente da plataforma<\/h3>\t\t\t\t<\/div>\n\t\t\t\t<\/div>\n\t\t\t\t<div class=\"elementor-element elementor-element-8b81d3b elementor-widget__width-inherit elementor-widget elementor-widget-text-editor\" data-id=\"8b81d3b\" data-element_type=\"widget\" data-widget_type=\"text-editor.default\">\n\t\t\t\t<div class=\"elementor-widget-container\">\n\t\t\t\t\t\t\t\t\t<p>O sistema de apresenta\u00e7\u00e3o sem fios eShare W90 suporta:<\/p><p>\u00a0<\/p><ul><li>HDMI e USB-C como entradas com fios<\/li><\/ul><ul><li>AirPlay<\/li><\/ul><ul><li>Miracast<\/li><\/ul><ul><li>Fundi\u00e7\u00e3o baseada em dongle (eShare D30 \/ D20)<\/li><\/ul><p>Os participantes podem partilhar conte\u00fados a partir de computadores port\u00e1teis com Windows, macOS, iOS e dispositivos Android. O \u2013 \u00e9 ideal para cen\u00e1rios BYOD, cursos de forma\u00e7\u00e3o, workshops e reuni\u00f5es com clientes.<\/p>\t\t\t\t\t\t\t\t<\/div>\n\t\t\t\t<\/div>\n\t\t\t\t<div class=\"elementor-element elementor-element-8ccf0eb elementor-widget elementor-widget-heading\" data-id=\"8ccf0eb\" data-element_type=\"widget\" data-settings=\"{&quot;_animation&quot;:&quot;none&quot;}\" data-widget_type=\"heading.default\">\n\t\t\t\t<div class=\"elementor-widget-container\">\n\t\t\t\t\t<h3 class=\"elementor-heading-title elementor-size-default\">Liga\u00e7\u00e3o de rede inteligente com duas portas gigabit<\/h3>\t\t\t\t<\/div>\n\t\t\t\t<\/div>\n\t\t\t\t<div class=\"elementor-element elementor-element-47bbe06 elementor-widget__width-inherit elementor-widget elementor-widget-text-editor\" data-id=\"47bbe06\" data-element_type=\"widget\" data-widget_type=\"text-editor.default\">\n\t\t\t\t<div class=\"elementor-widget-container\">\n\t\t\t\t\t\t\t\t\t<p>O sistema de confer\u00eancia sem fios tem duas portas Gigabit Ethernet e permite:<\/p><p>\u00a0<\/p><ul><li>Separa\u00e7\u00e3o da rede interna da empresa e da rede de convidados<\/li><\/ul><ul><li>Acesso c\u00f3modo \u00e0 Internet para os visitantes<\/li><\/ul><ul><li>Prote\u00e7\u00e3o dos dados sens\u00edveis da empresa atrav\u00e9s da segmenta\u00e7\u00e3o da rede<\/li><\/ul><p>Este \u00e9 um aspeto de seguran\u00e7a importante, especialmente em centros de confer\u00eancias, hot\u00e9is ou instala\u00e7\u00f5es de empresas com muitos convidados externos.<\/p>\t\t\t\t\t\t\t\t<\/div>\n\t\t\t\t<\/div>\n\t\t\t\t<div class=\"elementor-element elementor-element-1e79d93 elementor-widget elementor-widget-spacer\" data-id=\"1e79d93\" data-element_type=\"widget\" data-widget_type=\"spacer.default\">\n\t\t\t\t<div class=\"elementor-widget-container\">\n\t\t\t\t\t\t\t<div class=\"elementor-spacer\">\n\t\t\t<div class=\"elementor-spacer-inner\"><\/div>\n\t\t<\/div>\n\t\t\t\t\t\t<\/div>\n\t\t\t\t<\/div>\n\t\t\t\t<div class=\"elementor-element elementor-element-40a320c elementor-widget elementor-widget-heading\" data-id=\"40a320c\" data-element_type=\"widget\" data-settings=\"{&quot;_animation&quot;:&quot;none&quot;}\" data-widget_type=\"heading.default\">\n\t\t\t\t<div class=\"elementor-widget-container\">\n\t\t\t\t\t<h2 class=\"elementor-heading-title elementor-size-default\">AV Access eShare W90 como alternativa ao Barco ClickShare<\/h2>\t\t\t\t<\/div>\n\t\t\t\t<\/div>\n\t\t\t\t<div class=\"elementor-element elementor-element-10b31f2 elementor-widget__width-inherit elementor-widget elementor-widget-text-editor\" data-id=\"10b31f2\" data-element_type=\"widget\" data-widget_type=\"text-editor.default\">\n\t\t\t\t<div class=\"elementor-widget-container\">\n\t\t\t\t\t\t\t\t\t<p>Como um produto de alto desempenho <strong class=\"\">Alternativa ao Barco ClickShare<\/strong> o AV Access eShare W90 oferece um sistema de confer\u00eancia sem fios 4K com vista qu\u00e1drupla, duas sa\u00eddas HDMI e USB-C completo com fornecimento de energia de 65 W. O suporte BYOD, um hub USB integrado para c\u00e2maras e altifalantes, bem como a separa\u00e7\u00e3o das redes da empresa e dos convidados, tornam o eShare W90 uma op\u00e7\u00e3o atraente. <strong class=\"\">Alternativa ao Barco ClickShare<\/strong> para salas de confer\u00eancia modernas e reuni\u00f5es h\u00edbridas.<\/p><p>\u00a0<\/p><ul><li>Sistema de confer\u00eancia sem fios 4K com conetividade USB-C moderna<\/li><\/ul><ul><li>Fun\u00e7\u00e3o de visualiza\u00e7\u00e3o qu\u00e1drupla para at\u00e9 quatro apresenta\u00e7\u00f5es simult\u00e2neas<\/li><\/ul><ul><li>Sa\u00eddas HDMI duplas para salas de confer\u00eancia profissionais<\/li><\/ul><ul><li>Opera\u00e7\u00e3o simples e conceito plug-and-play<\/li><\/ul><p>Teremos todo o gosto em aconselh\u00e1-lo sobre se o eShare W90 \u00e9 adequado como alternativa ao ClickShare para as suas salas \u2013, incluindo uma compara\u00e7\u00e3o com os sistemas existentes e poss\u00edveis cen\u00e1rios de migra\u00e7\u00e3o.<\/p>\t\t\t\t\t\t\t\t<\/div>\n\t\t\t\t<\/div>\n\t\t\t\t<div class=\"elementor-element elementor-element-f4ff4d5 elementor-widget elementor-widget-spacer\" data-id=\"f4ff4d5\" data-element_type=\"widget\" data-widget_type=\"spacer.default\">\n\t\t\t\t<div class=\"elementor-widget-container\">\n\t\t\t\t\t\t\t<div class=\"elementor-spacer\">\n\t\t\t<div class=\"elementor-spacer-inner\"><\/div>\n\t\t<\/div>\n\t\t\t\t\t\t<\/div>\n\t\t\t\t<\/div>\n\t\t<div data-particle_enable=\"false\" data-particle-mobile-disabled=\"false\" class=\"elementor-element elementor-element-2a7d694 e-con-full e-flex e-con e-child\" data-id=\"2a7d694\" data-element_type=\"container\">\n\t\t\t\t<div class=\"elementor-element elementor-element-24db6d7 elementor-align-right e-transform elementor-widget elementor-widget-button\" data-id=\"24db6d7\" data-element_type=\"widget\" data-settings=\"{&quot;_transform_scale_effect_hover&quot;:{&quot;unit&quot;:&quot;px&quot;,&quot;size&quot;:1.100000000000000088817841970012523233890533447265625,&quot;sizes&quot;:[]},&quot;_transform_scale_effect_hover_widescreen&quot;:{&quot;unit&quot;:&quot;px&quot;,&quot;size&quot;:&quot;&quot;,&quot;sizes&quot;:[]},&quot;_transform_scale_effect_hover_laptop&quot;:{&quot;unit&quot;:&quot;px&quot;,&quot;size&quot;:&quot;&quot;,&quot;sizes&quot;:[]},&quot;_transform_scale_effect_hover_tablet_extra&quot;:{&quot;unit&quot;:&quot;px&quot;,&quot;size&quot;:&quot;&quot;,&quot;sizes&quot;:[]},&quot;_transform_scale_effect_hover_tablet&quot;:{&quot;unit&quot;:&quot;px&quot;,&quot;size&quot;:&quot;&quot;,&quot;sizes&quot;:[]},&quot;_transform_scale_effect_hover_mobile&quot;:{&quot;unit&quot;:&quot;px&quot;,&quot;size&quot;:&quot;&quot;,&quot;sizes&quot;:[]}}\" data-widget_type=\"button.default\">\n\t\t\t\t<div class=\"elementor-widget-container\">\n\t\t\t\t\t\t\t\t\t<div class=\"elementor-button-wrapper\">\n\t\t\t\t\t<a class=\"elementor-button elementor-button-link elementor-size-lg\" href=\"#serviceteam\">\n\t\t\t\t\t\t<span class=\"elementor-button-content-wrapper\">\n\t\t\t\t\t\t\t\t\t<span class=\"elementor-button-text\">Perguntar agora<\/span>\n\t\t\t\t\t<\/span>\n\t\t\t\t\t<\/a>\n\t\t\t\t<\/div>\n\t\t\t\t\t\t\t\t<\/div>\n\t\t\t\t<\/div>\n\t\t\t\t<\/div>\n\t\t\t\t<div class=\"elementor-element elementor-element-ba54505 elementor-widget elementor-widget-heading\" data-id=\"ba54505\" data-element_type=\"widget\" data-settings=\"{&quot;_animation&quot;:&quot;none&quot;}\" data-widget_type=\"heading.default\">\n\t\t\t\t<div class=\"elementor-widget-container\">\n\t\t\t\t\t<h2 class=\"elementor-heading-title elementor-size-default\">\u00c1reas t\u00edpicas de aplica\u00e7\u00e3o da eShare W90<\/h2>\t\t\t\t<\/div>\n\t\t\t\t<\/div>\n\t\t\t\t<div class=\"elementor-element elementor-element-372a0c8 elementor-widget__width-inherit elementor-widget elementor-widget-text-editor\" data-id=\"372a0c8\" data-element_type=\"widget\" data-widget_type=\"text-editor.default\">\n\t\t\t\t<div class=\"elementor-widget-container\">\n\t\t\t\t\t\t\t\t\t<p>O AV Access eShare W90 \u00e9 particularmente adequado para:<\/p><p>\u00a0<\/p><ul><li>Salas de confer\u00eancia e salas de reuni\u00f5es<\/li><\/ul><ul><li>Salas de projeto e de reuni\u00e3o<\/li><\/ul><ul><li>Salas de forma\u00e7\u00e3o e de semin\u00e1rios h\u00edbridas<\/li><\/ul><ul><li>Institui\u00e7\u00f5es de ensino e forma\u00e7\u00e3o<\/li><\/ul><ul><li>Locais da empresa com tr\u00e1fego regular de visitantes (clientes<i>dentro, parceiro<\/i>dentro)<\/li><\/ul><p>Sempre que s\u00e3o necess\u00e1rias reuni\u00f5es h\u00edbridas, apresenta\u00e7\u00f5es sem fios e tecnologia de confer\u00eancia fi\u00e1vel e f\u00e1cil de utilizar, este sistema de apresenta\u00e7\u00e3o sem fios mostra os seus pontos fortes.<\/p>\t\t\t\t\t\t\t\t<\/div>\n\t\t\t\t<\/div>\n\t\t\t\t<div class=\"elementor-element elementor-element-248014e elementor-widget elementor-widget-heading\" data-id=\"248014e\" data-element_type=\"widget\" data-settings=\"{&quot;_animation&quot;:&quot;none&quot;}\" data-widget_type=\"heading.default\">\n\t\t\t\t<div class=\"elementor-widget-container\">\n\t\t\t\t\t<h2 class=\"elementor-heading-title elementor-size-default\">Integra\u00e7\u00e3o por PCS \u2013 konferenztechnik.de<\/h2>\t\t\t\t<\/div>\n\t\t\t\t<\/div>\n\t\t\t\t<div class=\"elementor-element elementor-element-e146dca elementor-widget__width-inherit elementor-widget elementor-widget-text-editor\" data-id=\"e146dca\" data-element_type=\"widget\" data-widget_type=\"text-editor.default\">\n\t\t\t\t<div class=\"elementor-widget-container\">\n\t\t\t\t\t\t\t\t\t<p>Ajudamo-lo a integrar o AV Access eShare W90 de forma \u00f3ptima na sua tecnologia de confer\u00eancia e multim\u00e9dia:<\/p><p>\u00a0<\/p><ul><li>Aconselhamento sobre sistemas de confer\u00eancia sem fios adequados e alternativas<\/li><li>Planeamento de salas de confer\u00eancia completas, incluindo ecr\u00e3s, paredes LED, c\u00e2maras, \u00e1udio e controlos<\/li><li>Entrega, instala\u00e7\u00e3o e coloca\u00e7\u00e3o em funcionamento no local<\/li><\/ul>\t\t\t\t\t\t\t\t<\/div>\n\t\t\t\t<\/div>\n\t\t\t\t<div class=\"elementor-element elementor-element-7548301 elementor-widget elementor-widget-menu-anchor\" data-id=\"7548301\" data-element_type=\"widget\" data-widget_type=\"menu-anchor.default\">\n\t\t\t\t<div class=\"elementor-widget-container\">\n\t\t\t\t\t\t\t<div class=\"elementor-menu-anchor\" id=\"kontaktbox\"><\/div>\n\t\t\t\t\t\t<\/div>\n\t\t\t\t<\/div>\n\t\t\t\t\t<\/div>\n\t\t\t\t<\/div>\n\t\t\t\t<div class=\"elementor-element elementor-element-45399b5 elementor-widget elementor-widget-shortcode\" data-id=\"45399b5\" data-element_type=\"widget\" data-widget_type=\"shortcode.default\">\n\t\t\t\t<div class=\"elementor-widget-container\">\n\t\t\t\t\t\t\t<div class=\"elementor-shortcode\"><\/div>\n\t\t\t\t\t\t<\/div>\n\t\t\t\t<\/div>\n\t\t\t\t\t<\/div>\n\t\t\t\t<\/div>\n\t\t\t\t<\/div>","protected":false},"excerpt":{"rendered":"<p>Com Quad-View, USB-C tudo-em-um, sa\u00eddas HDMI duplas e segmenta\u00e7\u00e3o de rede integrada, o AV Access eShare W90 oferece exatamente as fun\u00e7\u00f5es que tornam as reuni\u00f5es h\u00edbridas modernas mais eficientes e mais claras. <\/p>","protected":false},"author":2,"featured_media":49371,"comment_status":"closed","ping_status":"closed","sticky":false,"template":"","format":"standard","meta":{"_acf_changed":false,"footnotes":""},"categories":[39],"tags":[],"class_list":["post-49369","post","type-post","status-publish","format-standard","has-post-thumbnail","hentry","category-produkte"],"acf":[],"_links":{"self":[{"href":"https:\/\/konferenztechnik.de\/pt\/wp-json\/wp\/v2\/posts\/49369","targetHints":{"allow":["GET"]}}],"collection":[{"href":"https:\/\/konferenztechnik.de\/pt\/wp-json\/wp\/v2\/posts"}],"about":[{"href":"https:\/\/konferenztechnik.de\/pt\/wp-json\/wp\/v2\/types\/post"}],"author":[{"embeddable":true,"href":"https:\/\/konferenztechnik.de\/pt\/wp-json\/wp\/v2\/users\/2"}],"replies":[{"embeddable":true,"href":"https:\/\/konferenztechnik.de\/pt\/wp-json\/wp\/v2\/comments?post=49369"}],"version-history":[{"count":0,"href":"https:\/\/konferenztechnik.de\/pt\/wp-json\/wp\/v2\/posts\/49369\/revisions"}],"wp:featuredmedia":[{"embeddable":true,"href":"https:\/\/konferenztechnik.de\/pt\/wp-json\/wp\/v2\/media\/49371"}],"wp:attachment":[{"href":"https:\/\/konferenztechnik.de\/pt\/wp-json\/wp\/v2\/media?parent=49369"}],"wp:term":[{"taxonomy":"category","embeddable":true,"href":"https:\/\/konferenztechnik.de\/pt\/wp-json\/wp\/v2\/categories?post=49369"},{"taxonomy":"post_tag","embeddable":true,"href":"https:\/\/konferenztechnik.de\/pt\/wp-json\/wp\/v2\/tags?post=49369"}],"curies":[{"name":"wp","href":"https:\/\/api.w.org\/{rel}","templated":true}]}}