{"id":49537,"date":"2026-02-03T09:09:30","date_gmt":"2026-02-03T08:09:30","guid":{"rendered":"https:\/\/konferenztechnik.de\/?p=49537"},"modified":"2026-02-18T20:20:31","modified_gmt":"2026-02-18T19:20:31","slug":"catchbox-tecnologia-moderna-e-colorida-para-salas-de-conferencia-2","status":"publish","type":"post","link":"https:\/\/konferenztechnik.de\/pt\/catchbox-tecnologia-moderna-e-colorida-para-salas-de-conferencia-2\/","title":{"rendered":"Catchbox: tecnologia moderna e colorida para salas de confer\u00eancia"},"content":{"rendered":"<div data-elementor-type=\"wp-post\" data-elementor-id=\"49537\" class=\"elementor elementor-49537\" data-elementor-post-type=\"post\">\n\t\t\t\t<div data-particle_enable=\"false\" data-particle-mobile-disabled=\"false\" class=\"elementor-element elementor-element-59ad04c e-flex e-con-boxed e-con e-parent\" data-id=\"59ad04c\" data-element_type=\"container\">\n\t\t\t\t\t<div class=\"e-con-inner\">\n\t\t<div data-particle_enable=\"false\" data-particle-mobile-disabled=\"false\" class=\"elementor-element elementor-element-be8f800 e-flex e-con-boxed e-con e-child\" data-id=\"be8f800\" data-element_type=\"container\">\n\t\t\t\t\t<div class=\"e-con-inner\">\n\t\t\t\t<div class=\"elementor-element elementor-element-0afdee1 elementor-widget elementor-widget-heading\" data-id=\"0afdee1\" data-element_type=\"widget\" data-settings=\"{&quot;_animation&quot;:&quot;none&quot;}\" data-widget_type=\"heading.default\">\n\t\t\t\t<div class=\"elementor-widget-container\">\n\t\t\t\t\t<h1 class=\"elementor-heading-title elementor-size-default\">Catchbox: tecnologia moderna e colorida para salas de confer\u00eancia<\/h1>\t\t\t\t<\/div>\n\t\t\t\t<\/div>\n\t\t\t\t\t<\/div>\n\t\t\t\t<\/div>\n\t\t<div data-particle_enable=\"false\" data-particle-mobile-disabled=\"false\" class=\"elementor-element elementor-element-80d832c e-grid e-con-boxed e-con e-child\" data-id=\"80d832c\" data-element_type=\"container\">\n\t\t\t\t\t<div class=\"e-con-inner\">\n\t\t\t\t<div class=\"elementor-element elementor-element-99559f5 elementor-widget elementor-widget-image\" data-id=\"99559f5\" data-element_type=\"widget\" data-widget_type=\"image.default\">\n\t\t\t\t<div class=\"elementor-widget-container\">\n\t\t\t\t\t\t\t\t\t\t\t\t\t\t\t<img fetchpriority=\"high\" decoding=\"async\" width=\"800\" height=\"800\" src=\"https:\/\/konferenztechnik.de\/wp-content\/uploads\/2026\/02\/catchbox-moderne-farbefrohe-Mikrofone-1024x1024.avif\" class=\"attachment-large size-large wp-image-49539\" alt=\"\" srcset=\"https:\/\/konferenztechnik.de\/wp-content\/uploads\/2026\/02\/catchbox-moderne-farbefrohe-Mikrofone-1024x1024.avif 1024w, https:\/\/konferenztechnik.de\/wp-content\/uploads\/2026\/02\/catchbox-moderne-farbefrohe-Mikrofone-300x300.avif 300w, https:\/\/konferenztechnik.de\/wp-content\/uploads\/2026\/02\/catchbox-moderne-farbefrohe-Mikrofone-150x150.avif 150w, https:\/\/konferenztechnik.de\/wp-content\/uploads\/2026\/02\/catchbox-moderne-farbefrohe-Mikrofone-768x768.avif 768w, https:\/\/konferenztechnik.de\/wp-content\/uploads\/2026\/02\/catchbox-moderne-farbefrohe-Mikrofone-12x12.avif 12w, https:\/\/konferenztechnik.de\/wp-content\/uploads\/2026\/02\/catchbox-moderne-farbefrohe-Mikrofone.avif 1400w\" sizes=\"(max-width: 800px) 100vw, 800px\" title=\"\">\t\t\t\t\t\t\t\t\t\t\t\t\t\t\t<\/div>\n\t\t\t\t<\/div>\n\t\t\t\t<div class=\"elementor-element elementor-element-477df0c content-align-cta-default elementor-widget elementor-widget-eael-cta-box\" data-id=\"477df0c\" data-element_type=\"widget\" data-widget_type=\"eael-cta-box.default\">\n\t\t\t\t<div class=\"elementor-widget-container\">\n\t\t\t\t\t\t\t<div class=\"eael-call-to-action cta-basic bg-lite cta-preset-1\">\n        <h2 class=\"title eael-cta-heading\">Catchbox Plus<\/h2><p><img decoding=\"async\" class=\"alignnone wp-image-49297\" src=\"https:\/\/konferenztechnik.de\/wp-content\/uploads\/2026\/01\/neue-konferenztechnik.svg\" alt=\"\" width=\"99\" height=\"99\" title=\"\"><\/p><p>- Microfones coloridos<\/p><p>- Intera\u00e7\u00e3o animada<\/p><p>- Design moderno<\/p><p>- Funcionamento intuitivo<\/p><p>- Adequado para campus e eventos<\/p><a href=\"#kontaktbox\" class=\"cta-button cta-preset-1\">Perguntar agora<\/a>\t<\/div>\n\t\t\t\t\t\t\t\t<\/div>\n\t\t\t\t<\/div>\n\t\t\t\t\t<\/div>\n\t\t\t\t<\/div>\n\t\t<div data-particle_enable=\"false\" data-particle-mobile-disabled=\"false\" class=\"elementor-element elementor-element-aaa82cd e-flex e-con-boxed e-con e-child\" data-id=\"aaa82cd\" data-element_type=\"container\">\n\t\t\t\t\t<div class=\"e-con-inner\">\n\t\t\t\t<div class=\"elementor-element elementor-element-996ce7d elementor-widget__width-inherit elementor-widget elementor-widget-text-editor\" data-id=\"996ce7d\" data-element_type=\"widget\" data-widget_type=\"text-editor.default\">\n\t\t\t\t<div class=\"elementor-widget-container\">\n\t\t\t\t\t\t\t\t\t<p>Catchbox Plus \u2013 o sistema de microfone colorido e animado para confer\u00eancias, educa\u00e7\u00e3o e eventos modernos<\/p><p>\u00a0<\/p><p>O Catchbox Plus \u00e9 o sistema de microfone sem fios para quem quer mais do que \u201eapenas som\u201c. Traz cor, energia e intera\u00e7\u00e3o \u00e0s suas salas \u2013, desde teatros de confer\u00eancias a workshops e reuni\u00f5es h\u00edbridas. A potente tecnologia sem fios e o DSP integrado encontram-se com um design jovem e colorido que envolve ativamente os participantes na a\u00e7\u00e3o.<\/p>\t\t\t\t\t\t\t\t<\/div>\n\t\t\t\t<\/div>\n\t\t\t\t<div class=\"elementor-element elementor-element-c8b2497 elementor-toc--minimized-on-tablet elementor-widget elementor-widget-table-of-contents\" data-id=\"c8b2497\" data-element_type=\"widget\" data-settings=\"{&quot;headings_by_tags&quot;:[&quot;h2&quot;],&quot;no_headings_message&quot;:&quot;Es wurden keine \\u00dcberschriften auf dieser Seite gefunden.&quot;,&quot;marker_view&quot;:&quot;numbers&quot;,&quot;minimize_box&quot;:&quot;yes&quot;,&quot;minimized_on&quot;:&quot;tablet&quot;,&quot;hierarchical_view&quot;:&quot;yes&quot;,&quot;min_height&quot;:{&quot;unit&quot;:&quot;px&quot;,&quot;size&quot;:&quot;&quot;,&quot;sizes&quot;:[]},&quot;min_height_widescreen&quot;:{&quot;unit&quot;:&quot;px&quot;,&quot;size&quot;:&quot;&quot;,&quot;sizes&quot;:[]},&quot;min_height_laptop&quot;:{&quot;unit&quot;:&quot;px&quot;,&quot;size&quot;:&quot;&quot;,&quot;sizes&quot;:[]},&quot;min_height_tablet_extra&quot;:{&quot;unit&quot;:&quot;px&quot;,&quot;size&quot;:&quot;&quot;,&quot;sizes&quot;:[]},&quot;min_height_tablet&quot;:{&quot;unit&quot;:&quot;px&quot;,&quot;size&quot;:&quot;&quot;,&quot;sizes&quot;:[]},&quot;min_height_mobile&quot;:{&quot;unit&quot;:&quot;px&quot;,&quot;size&quot;:&quot;&quot;,&quot;sizes&quot;:[]}}\" data-widget_type=\"table-of-contents.default\">\n\t\t\t\t<div class=\"elementor-widget-container\">\n\t\t\t\t\t\t\t\t\t<div class=\"elementor-toc__header\">\n\t\t\t\t\t\t<h2 class=\"elementor-toc__header-title\">\n\t\t\t\t\u00cdndice\t\t\t<\/h2>\n\t\t\t\t\t\t\t\t\t\t<div class=\"elementor-toc__toggle-button elementor-toc__toggle-button--expand\" role=\"button\" tabindex=\"0\" aria-controls=\"elementor-toc__c8b2497\" aria-expanded=\"true\" aria-label=\"Abrir o \u00edndice\"><svg aria-hidden=\"true\" class=\"e-font-icon-svg e-fas-chevron-down\" viewbox=\"0 0 448 512\" xmlns=\"http:\/\/www.w3.org\/2000\/svg\"><path d=\"M207.029 381.476L12.686 187.132c-9.373-9.373-9.373-24.569 0-33.941l22.667-22.667c9.357-9.357 24.522-9.375 33.901-.04L224 284.505l154.745-154.021c9.379-9.335 24.544-9.317 33.901.04l22.667 22.667c9.373 9.373 9.373 24.569 0 33.941L240.971 381.476c-9.373 9.372-24.569 9.372-33.942 0z\"><\/path><\/svg><\/div>\n\t\t\t\t<div class=\"elementor-toc__toggle-button elementor-toc__toggle-button--collapse\" role=\"button\" tabindex=\"0\" aria-controls=\"elementor-toc__c8b2497\" aria-expanded=\"true\" aria-label=\"Fechar o \u00edndice\"><svg aria-hidden=\"true\" class=\"e-font-icon-svg e-fas-chevron-up\" viewbox=\"0 0 448 512\" xmlns=\"http:\/\/www.w3.org\/2000\/svg\"><path d=\"M240.971 130.524l194.343 194.343c9.373 9.373 9.373 24.569 0 33.941l-22.667 22.667c-9.357 9.357-24.522 9.375-33.901.04L224 227.495 69.255 381.516c-9.379 9.335-24.544 9.317-33.901-.04l-22.667-22.667c-9.373-9.373-9.373-24.569 0-33.941L207.03 130.525c9.372-9.373 24.568-9.373 33.941-.001z\"><\/path><\/svg><\/div>\n\t\t\t\t\t<\/div>\n\t\t\t\t<div id=\"elementor-toc__c8b2497\" class=\"elementor-toc__body\">\n\t\t\t<div class=\"elementor-toc__spinner-container\">\n\t\t\t\t<svg class=\"elementor-toc__spinner eicon-animation-spin e-font-icon-svg e-eicon-loading\" aria-hidden=\"true\" viewbox=\"0 0 1000 1000\" xmlns=\"http:\/\/www.w3.org\/2000\/svg\"><path d=\"M500 975V858C696 858 858 696 858 500S696 142 500 142 142 304 142 500H25C25 237 238 25 500 25S975 237 975 500 763 975 500 975Z\"><\/path><\/svg>\t\t\t<\/div>\n\t\t<\/div>\n\t\t\t\t\t\t<\/div>\n\t\t\t\t<\/div>\n\t\t\t\t\t<\/div>\n\t\t\t\t<\/div>\n\t\t<div data-particle_enable=\"false\" data-particle-mobile-disabled=\"false\" class=\"elementor-element elementor-element-b3ddd01 e-flex e-con-boxed e-con e-child\" data-id=\"b3ddd01\" data-element_type=\"container\">\n\t\t\t\t\t<div class=\"e-con-inner\">\n\t\t\t\t<div class=\"elementor-element elementor-element-0064566 elementor-widget elementor-widget-heading\" data-id=\"0064566\" data-element_type=\"widget\" data-settings=\"{&quot;_animation&quot;:&quot;none&quot;}\" data-widget_type=\"heading.default\">\n\t\t\t\t<div class=\"elementor-widget-container\">\n\t\t\t\t\t<h2 class=\"elementor-heading-title elementor-size-default\">Porque \u00e9 que o Catchbox Plus se adapta aos ambientes de aprendizagem e de trabalho modernos<\/h2>\t\t\t\t<\/div>\n\t\t\t\t<\/div>\n\t\t\t\t<div class=\"elementor-element elementor-element-74974da elementor-widget__width-inherit elementor-widget elementor-widget-text-editor\" data-id=\"74974da\" data-element_type=\"widget\" data-widget_type=\"text-editor.default\">\n\t\t\t\t<div class=\"elementor-widget-container\">\n\t\t\t\t\t\t\t\t\t<ul><li>Sistema de microfone sem fios com DSP integrado<\/li><\/ul><ul><li>At\u00e9 tr\u00eas transmissores de microfone diferentes num conjunto<\/li><\/ul><ul><li>Tecnologia de r\u00e1dio DECT robusta e sem licen\u00e7a (1,8\u20131,9 GHz)<\/li><\/ul><ul><li>Interfaces anal\u00f3gicas, USB e Dante\u00ae para m\u00e1xima flexibilidade<\/li><\/ul><ul><li>Ideal para campus, coworking, escrit\u00f3rios modernos e formatos de eventos criativos<\/li><\/ul><ul><li>Microfones coloridos e apelativos que chamam imediatamente a aten\u00e7\u00e3o e convidam a participar<\/li><\/ul><p>Os microfones coloridos n\u00e3o s\u00e3o deliberadamente \u201einvis\u00edveis\u201c \u2013, fazem parte da experi\u00eancia. Descontraem o ambiente, diminuem as inibi\u00e7\u00f5es e apoiam uma cultura de comunica\u00e7\u00e3o aberta e ativa.<\/p>\t\t\t\t\t\t\t\t<\/div>\n\t\t\t\t<\/div>\n\t\t\t\t<div class=\"elementor-element elementor-element-c9aa3bd elementor-cta--skin-cover elementor-cta--valign-bottom elementor-widget elementor-widget-call-to-action\" data-id=\"c9aa3bd\" data-element_type=\"widget\" data-widget_type=\"call-to-action.default\">\n\t\t\t\t<div class=\"elementor-widget-container\">\n\t\t\t\t\t\t\t<div class=\"elementor-cta\">\n\t\t\t\t\t<div class=\"elementor-cta__bg-wrapper\">\n\t\t\t\t<div class=\"elementor-cta__bg elementor-bg\" style=\"background-image: url(https:\/\/konferenztechnik.de\/wp-content\/uploads\/2026\/02\/catchbox-lebendige-events-technik.avif);\" role=\"img\" aria-label=\"catchbox-lively-events-technology\"><\/div>\n\t\t\t\t<div class=\"elementor-cta__bg-overlay\"><\/div>\n\t\t\t<\/div>\n\t\t\t\t\t\t\t<div class=\"elementor-cta__content\">\n\t\t\t\t\n\t\t\t\t\n\t\t\t\t\n\t\t\t\t\t\t\t\t\t<div class=\"elementor-cta__button-wrapper elementor-cta__content-item elementor-content-item\">\n\t\t\t\t\t<a class=\"elementor-cta__button elementor-button elementor-size-lg\" href=\"#kontaktbox\">\n\t\t\t\t\t\tPerguntar agora\t\t\t\t\t<\/a>\n\t\t\t\t\t<\/div>\n\t\t\t\t\t\t\t<\/div>\n\t\t\t\t\t\t<\/div>\n\t\t\t\t\t\t<\/div>\n\t\t\t\t<\/div>\n\t\t\t\t<div class=\"elementor-element elementor-element-39bc999 elementor-widget elementor-widget-heading\" data-id=\"39bc999\" data-element_type=\"widget\" data-settings=\"{&quot;_animation&quot;:&quot;none&quot;}\" data-widget_type=\"heading.default\">\n\t\t\t\t<div class=\"elementor-widget-container\">\n\t\t\t\t\t<h2 class=\"elementor-heading-title elementor-size-default\">Feito para equipas AV\/TI \u2013 radicalmente simples para os utilizadores<\/h2>\t\t\t\t<\/div>\n\t\t\t\t<\/div>\n\t\t\t\t<div class=\"elementor-element elementor-element-83e8dbc elementor-widget__width-inherit elementor-widget elementor-widget-text-editor\" data-id=\"83e8dbc\" data-element_type=\"widget\" data-widget_type=\"text-editor.default\">\n\t\t\t\t<div class=\"elementor-widget-container\">\n\t\t\t\t\t\t\t\t\t<p>O Catchbox Plus foi especialmente concebido para equipas que gerem muitas salas e pretendem oferecer uma tecnologia que simplesmente funciona.<\/p><p>\u00a0<\/p><p><strong>Efici\u00eancia t\u00e9cnica para equipas AV\/TI:<\/strong><\/p><p><strong>\u00a0<\/strong><\/p><ul><li>Plataforma normalizada em mais de 10 salas<\/li><\/ul><ul><li>Conceito de \u00e1udio centralizado em vez de muitas solu\u00e7\u00f5es isoladas<\/li><\/ul><ul><li>Menos pedidos de assist\u00eancia gra\u00e7as a um funcionamento intuitivo<\/li><\/ul><ul><li>Liga\u00e7\u00e3o sem fios fi\u00e1vel e carregamento seguro dos microfones<\/li><\/ul><p><strong>Ao mesmo tempo, a m\u00e1xima simplicidade para os utilizadores:<\/strong><\/p><p><strong>\u00a0<\/strong><\/p><ul><li>Os microfones s\u00e3o imediatamente reconhec\u00edveis como tal \u2013 n\u00e3o h\u00e1 \u201equebra-cabe\u00e7as t\u00e9cnicos\u201c<\/li><\/ul><ul><li>Formas coloridas e chamativas em vez de lavaliers discretos e delicados<\/li><\/ul><ul><li>Ligar, agarrar, lan\u00e7ar o \u2013 e falar<\/li><\/ul><p>O resultado \u00e9 um sistema que \u00e9 tecnicamente limpo e um verdadeiro prazer de utilizar no dia a dia.<\/p>\t\t\t\t\t\t\t\t<\/div>\n\t\t\t\t<\/div>\n\t\t\t\t<div class=\"elementor-element elementor-element-69fb1fd elementor-widget elementor-widget-heading\" data-id=\"69fb1fd\" data-element_type=\"widget\" data-settings=\"{&quot;_animation&quot;:&quot;none&quot;}\" data-widget_type=\"heading.default\">\n\t\t\t\t<div class=\"elementor-widget-container\">\n\t\t\t\t\t<h2 class=\"elementor-heading-title elementor-size-default\">Os componentes Plus \u2013 funcionais e elegantes<\/h2>\t\t\t\t<\/div>\n\t\t\t\t<\/div>\n\t\t<div data-particle_enable=\"false\" data-particle-mobile-disabled=\"false\" class=\"elementor-element elementor-element-84fc135 e-grid e-con-full e-con e-child\" data-id=\"84fc135\" data-element_type=\"container\">\n\t\t\t\t<div class=\"elementor-element elementor-element-a74749b elementor-widget__width-inherit elementor-widget elementor-widget-text-editor\" data-id=\"a74749b\" data-element_type=\"widget\" data-widget_type=\"text-editor.default\">\n\t\t\t\t<div class=\"elementor-widget-container\">\n\t\t\t\t\t\t\t\t\t<h3>Microfone de m\u00e3o din\u00e2mico Stick \u2013<\/h3><p>\u00a0<\/p><p>O microfone de vara funciona como um microfone de m\u00e3o \u2013 cl\u00e1ssico, s\u00f3 que mais moderno:<\/p><p>\u00a0<\/p><ul><li>Perfeito para modera\u00e7\u00f5es, entrevistas e sess\u00f5es de perguntas e respostas<\/li><\/ul><ul><li>Passa rapidamente de pessoa para pessoa<\/li><\/ul><ul><li>Um verdadeiro chamariz no palco ou na sala em vers\u00f5es coloridas<\/li><\/ul>\t\t\t\t\t\t\t\t<\/div>\n\t\t\t\t<\/div>\n\t\t\t\t<div class=\"elementor-element elementor-element-49c81e5 elementor-widget elementor-widget-image\" data-id=\"49c81e5\" data-element_type=\"widget\" data-widget_type=\"image.default\">\n\t\t\t\t<div class=\"elementor-widget-container\">\n\t\t\t\t\t\t\t\t\t\t\t\t\t\t\t<img decoding=\"async\" width=\"411\" height=\"721\" src=\"https:\/\/konferenztechnik.de\/wp-content\/uploads\/2026\/02\/catchbox-handmikrokon.avif\" class=\"attachment-full size-full wp-image-49541\" alt=\"\" srcset=\"https:\/\/konferenztechnik.de\/wp-content\/uploads\/2026\/02\/catchbox-handmikrokon.avif 411w, https:\/\/konferenztechnik.de\/wp-content\/uploads\/2026\/02\/catchbox-handmikrokon-171x300.avif 171w, https:\/\/konferenztechnik.de\/wp-content\/uploads\/2026\/02\/catchbox-handmikrokon-7x12.avif 7w\" sizes=\"(max-width: 411px) 100vw, 411px\" title=\"\">\t\t\t\t\t\t\t\t\t\t\t\t\t\t\t<\/div>\n\t\t\t\t<\/div>\n\t\t\t\t<div class=\"elementor-element elementor-element-744d6e4 elementor-widget elementor-widget-image\" data-id=\"744d6e4\" data-element_type=\"widget\" data-widget_type=\"image.default\">\n\t\t\t\t<div class=\"elementor-widget-container\">\n\t\t\t\t\t\t\t\t\t\t\t\t\t\t\t<img loading=\"lazy\" decoding=\"async\" width=\"411\" height=\"721\" src=\"https:\/\/konferenztechnik.de\/wp-content\/uploads\/2026\/02\/catchbox-clip-ansteckmikrofon.avif\" class=\"attachment-full size-full wp-image-49542\" alt=\"\" srcset=\"https:\/\/konferenztechnik.de\/wp-content\/uploads\/2026\/02\/catchbox-clip-ansteckmikrofon.avif 411w, https:\/\/konferenztechnik.de\/wp-content\/uploads\/2026\/02\/catchbox-clip-ansteckmikrofon-171x300.avif 171w, https:\/\/konferenztechnik.de\/wp-content\/uploads\/2026\/02\/catchbox-clip-ansteckmikrofon-7x12.avif 7w\" sizes=\"(max-width: 411px) 100vw, 411px\" title=\"\">\t\t\t\t\t\t\t\t\t\t\t\t\t\t\t<\/div>\n\t\t\t\t<\/div>\n\t\t\t\t<div class=\"elementor-element elementor-element-eb93499 elementor-widget__width-inherit elementor-widget elementor-widget-text-editor\" data-id=\"eb93499\" data-element_type=\"widget\" data-widget_type=\"text-editor.default\">\n\t\t\t\t<div class=\"elementor-widget-container\">\n\t\t\t\t\t\t\t\t\t<h3>Clip \u2013 discreto para usar, visivelmente moderno<\/h3><p>O microfone de clipe \u00e9 fixado \u00e0 roupa ou a um cinto:<\/p><p>\u00a0<\/p><ul><li>M\u00e3os livres para apresenta\u00e7\u00e3o, quadro branco ou computador port\u00e1til<\/li><\/ul><ul><li>Qualidade de voz constante quando se desloca pela sala<\/li><\/ul><ul><li>Ideal para professores, formadores<i>e moderador<\/i>dentro<\/li><\/ul><p>Em combina\u00e7\u00e3o com os transmissores coloridos, a configura\u00e7\u00e3o tem um aspeto moderno e enquadra-se nos ambientes de aprendizagem e de trabalho actuais.<\/p>\t\t\t\t\t\t\t\t<\/div>\n\t\t\t\t<\/div>\n\t\t\t\t<div class=\"elementor-element elementor-element-a9c96a8 elementor-widget__width-inherit elementor-widget elementor-widget-text-editor\" data-id=\"a9c96a8\" data-element_type=\"widget\" data-widget_type=\"text-editor.default\">\n\t\t\t\t<div class=\"elementor-widget-container\">\n\t\t\t\t\t\t\t\t\t<h3>Cube \u2013 o microfone de plateia \u201eatir\u00e1vel\u201c com efeito de espet\u00e1culo<\/h3><p>O colorido Catchbox Cube \u00e9 mais do que um simples microfone:<\/p><p>\u00a0<\/p><ul><li>Caixa macia \u2013 segura para atirar e apanhar<\/li><\/ul><ul><li>Cores vivas que atraem a aten\u00e7\u00e3o e proporcionam divers\u00e3o<\/li><\/ul><ul><li>Diminui o limiar de inibi\u00e7\u00e3o para fazer perguntas \u2013 especialmente com grupos-alvo mais jovens<\/li><\/ul><p>Quer seja numa palestra, num workshop ou numa reuni\u00e3o de c\u00e2mara: o Cube transforma a sess\u00e3o de perguntas e respostas num formato animado.<\/p>\t\t\t\t\t\t\t\t<\/div>\n\t\t\t\t<\/div>\n\t\t\t\t<div class=\"elementor-element elementor-element-224bf34 elementor-widget elementor-widget-image\" data-id=\"224bf34\" data-element_type=\"widget\" data-widget_type=\"image.default\">\n\t\t\t\t<div class=\"elementor-widget-container\">\n\t\t\t\t\t\t\t\t\t\t\t\t\t\t\t<img loading=\"lazy\" decoding=\"async\" width=\"579\" height=\"676\" src=\"https:\/\/konferenztechnik.de\/wp-content\/uploads\/2026\/02\/catchbox-publikumsmikrofon.avif\" class=\"attachment-full size-full wp-image-49546\" alt=\"\" srcset=\"https:\/\/konferenztechnik.de\/wp-content\/uploads\/2026\/02\/catchbox-publikumsmikrofon.avif 579w, https:\/\/konferenztechnik.de\/wp-content\/uploads\/2026\/02\/catchbox-publikumsmikrofon-257x300.avif 257w, https:\/\/konferenztechnik.de\/wp-content\/uploads\/2026\/02\/catchbox-publikumsmikrofon-10x12.avif 10w\" sizes=\"(max-width: 579px) 100vw, 579px\" title=\"\">\t\t\t\t\t\t\t\t\t\t\t\t\t\t\t<\/div>\n\t\t\t\t<\/div>\n\t\t\t\t<\/div>\n\t\t\t\t<div class=\"elementor-element elementor-element-b41c102 elementor-widget elementor-widget-heading\" data-id=\"b41c102\" data-element_type=\"widget\" data-settings=\"{&quot;_animation&quot;:&quot;none&quot;}\" data-widget_type=\"heading.default\">\n\t\t\t\t<div class=\"elementor-widget-container\">\n\t\t\t\t\t<h2 class=\"elementor-heading-title elementor-size-default\">Microfones \u2013 de marca individual nas suas cores<\/h2>\t\t\t\t<\/div>\n\t\t\t\t<\/div>\n\t\t\t\t<div class=\"elementor-element elementor-element-715803f elementor-widget elementor-widget-image\" data-id=\"715803f\" data-element_type=\"widget\" data-widget_type=\"image.default\">\n\t\t\t\t<div class=\"elementor-widget-container\">\n\t\t\t\t\t\t\t\t\t\t\t\t\t\t\t<img loading=\"lazy\" decoding=\"async\" width=\"800\" height=\"534\" src=\"https:\/\/konferenztechnik.de\/wp-content\/uploads\/2026\/02\/catchbox-cube-publikumsmikrofon-1024x683.avif\" class=\"attachment-large size-large wp-image-49543\" alt=\"\" srcset=\"https:\/\/konferenztechnik.de\/wp-content\/uploads\/2026\/02\/catchbox-cube-publikumsmikrofon-1024x683.avif 1024w, https:\/\/konferenztechnik.de\/wp-content\/uploads\/2026\/02\/catchbox-cube-publikumsmikrofon-300x200.avif 300w, https:\/\/konferenztechnik.de\/wp-content\/uploads\/2026\/02\/catchbox-cube-publikumsmikrofon-768x512.avif 768w, https:\/\/konferenztechnik.de\/wp-content\/uploads\/2026\/02\/catchbox-cube-publikumsmikrofon-18x12.avif 18w, https:\/\/konferenztechnik.de\/wp-content\/uploads\/2026\/02\/catchbox-cube-publikumsmikrofon.avif 1200w\" sizes=\"(max-width: 800px) 100vw, 800px\" title=\"\">\t\t\t\t\t\t\t\t\t\t\t\t\t\t\t<\/div>\n\t\t\t\t<\/div>\n\t\t\t\t<div class=\"elementor-element elementor-element-123ad99 elementor-widget elementor-widget-image\" data-id=\"123ad99\" data-element_type=\"widget\" data-widget_type=\"image.default\">\n\t\t\t\t<div class=\"elementor-widget-container\">\n\t\t\t\t\t\t\t\t\t\t\t\t\t\t\t<img loading=\"lazy\" decoding=\"async\" width=\"800\" height=\"534\" src=\"https:\/\/konferenztechnik.de\/wp-content\/uploads\/2026\/02\/catchbox-individuelle-farben-1024x683.avif\" class=\"attachment-large size-large wp-image-49545\" alt=\"\" srcset=\"https:\/\/konferenztechnik.de\/wp-content\/uploads\/2026\/02\/catchbox-individuelle-farben-1024x683.avif 1024w, https:\/\/konferenztechnik.de\/wp-content\/uploads\/2026\/02\/catchbox-individuelle-farben-300x200.avif 300w, https:\/\/konferenztechnik.de\/wp-content\/uploads\/2026\/02\/catchbox-individuelle-farben-768x512.avif 768w, https:\/\/konferenztechnik.de\/wp-content\/uploads\/2026\/02\/catchbox-individuelle-farben-18x12.avif 18w, https:\/\/konferenztechnik.de\/wp-content\/uploads\/2026\/02\/catchbox-individuelle-farben.avif 1200w\" sizes=\"(max-width: 800px) 100vw, 800px\" title=\"\">\t\t\t\t\t\t\t\t\t\t\t\t\t\t\t<\/div>\n\t\t\t\t<\/div>\n\t\t\t\t<div class=\"elementor-element elementor-element-4798949 elementor-widget__width-inherit elementor-widget elementor-widget-text-editor\" data-id=\"4798949\" data-element_type=\"widget\" data-widget_type=\"text-editor.default\">\n\t\t\t\t<div class=\"elementor-widget-container\">\n\t\t\t\t\t\t\t\t\t<p class=\"\">O Catchbox Plus pode ser perfeitamente personalizado de acordo com o design da sua empresa. Isto faz com que o sistema de microfone n\u00e3o seja apenas uma ferramenta t\u00e9cnica, mas uma parte vis\u00edvel da sua marca.<\/p><p>\u00a0<\/p><ul class=\"\"><li class=\"\"><strong class=\"\">Cubo:<\/strong> O cubo \u201eatir\u00e1vel\u201c pode ser concebido com as cores da sua empresa e impresso com log\u00f3tipos ou gr\u00e1ficos nos quatro lados.<\/li><li class=\"\"><strong class=\"\">Clip &amp; Stick:<\/strong> As capas\/mangas dos microfones de clipe e de vareta podem ser acabadas com o seu log\u00f3tipo e cores a condizer.<\/li><\/ul><p class=\"\">Desta forma, os microfones integram-se harmoniosamente no palco, no design da sala e no CI \u2013, quer seja num audit\u00f3rio, numa sala de confer\u00eancias ou num evento. Teremos todo o gosto em ajud\u00e1-lo na sele\u00e7\u00e3o das cores e na prepara\u00e7\u00e3o dos dados de impress\u00e3o.<\/p>\t\t\t\t\t\t\t\t<\/div>\n\t\t\t\t<\/div>\n\t\t\t\t<div class=\"elementor-element elementor-element-f5fcff7 elementor-widget elementor-widget-heading\" data-id=\"f5fcff7\" data-element_type=\"widget\" data-settings=\"{&quot;_animation&quot;:&quot;none&quot;}\" data-widget_type=\"heading.default\">\n\t\t\t\t<div class=\"elementor-widget-container\">\n\t\t\t\t\t<h2 class=\"elementor-heading-title elementor-size-default\">Hub \u2013 o cora\u00e7\u00e3o inteligente do sistema<\/h2>\t\t\t\t<\/div>\n\t\t\t\t<\/div>\n\t\t\t\t<div class=\"elementor-element elementor-element-e5db4a6 elementor-widget elementor-widget-image\" data-id=\"e5db4a6\" data-element_type=\"widget\" data-widget_type=\"image.default\">\n\t\t\t\t<div class=\"elementor-widget-container\">\n\t\t\t\t\t\t\t\t\t\t\t\t\t\t\t<img loading=\"lazy\" decoding=\"async\" width=\"800\" height=\"299\" src=\"https:\/\/konferenztechnik.de\/wp-content\/uploads\/2026\/02\/catchbox-hub-automatik-mixer.avif\" class=\"attachment-large size-large wp-image-49547\" alt=\"\" srcset=\"https:\/\/konferenztechnik.de\/wp-content\/uploads\/2026\/02\/catchbox-hub-automatik-mixer.avif 978w, https:\/\/konferenztechnik.de\/wp-content\/uploads\/2026\/02\/catchbox-hub-automatik-mixer-300x112.avif 300w, https:\/\/konferenztechnik.de\/wp-content\/uploads\/2026\/02\/catchbox-hub-automatik-mixer-768x287.avif 768w, https:\/\/konferenztechnik.de\/wp-content\/uploads\/2026\/02\/catchbox-hub-automatik-mixer-18x7.avif 18w\" sizes=\"(max-width: 800px) 100vw, 800px\" title=\"\">\t\t\t\t\t\t\t\t\t\t\t\t\t\t\t<\/div>\n\t\t\t\t<\/div>\n\t\t\t\t<div class=\"elementor-element elementor-element-7458fb0 elementor-widget__width-inherit elementor-widget elementor-widget-text-editor\" data-id=\"7458fb0\" data-element_type=\"widget\" data-widget_type=\"text-editor.default\">\n\t\t\t\t<div class=\"elementor-widget-container\">\n\t\t\t\t\t\t\t\t\t<p>O hub gere as fun\u00e7\u00f5es de rece\u00e7\u00e3o, DSP e mistura:<\/p><p>\u00a0<\/p><ul><li><p>At\u00e9 quatro microfones Plus em simult\u00e2neo<\/p><\/li><li><p>Misturador autom\u00e1tico integrado para n\u00edveis equilibrados<\/p><\/li><li><p>Sa\u00eddas anal\u00f3gicas, \u00e1udio USB e liga\u00e7\u00e3o Dante\u00ae<\/p><\/li><li><p>Controlo e monitoriza\u00e7\u00e3o remotos para equipas AV\/TI<\/p><\/li><\/ul><p>Isto significa que o Catchbox Plus pode ser integrado tanto em bastidores cl\u00e1ssicos de tecnologia multim\u00e9dia como em salas de reuni\u00f5es modernas e orientadas para o design.<\/p>\t\t\t\t\t\t\t\t<\/div>\n\t\t\t\t<\/div>\n\t\t\t\t<div class=\"elementor-element elementor-element-1d81ad6 elementor-widget elementor-widget-heading\" data-id=\"1d81ad6\" data-element_type=\"widget\" data-settings=\"{&quot;_animation&quot;:&quot;none&quot;}\" data-widget_type=\"heading.default\">\n\t\t\t\t<div class=\"elementor-widget-container\">\n\t\t\t\t\t<h2 class=\"elementor-heading-title elementor-size-default\">Um sistema simples que se adapta \u00e0 moderna tecnologia dos media<\/h2>\t\t\t\t<\/div>\n\t\t\t\t<\/div>\n\t\t\t\t<div class=\"elementor-element elementor-element-6ee163e elementor-widget__width-inherit elementor-widget elementor-widget-text-editor\" data-id=\"6ee163e\" data-element_type=\"widget\" data-widget_type=\"text-editor.default\">\n\t\t\t\t<div class=\"elementor-widget-container\">\n\t\t\t\t\t\t\t\t\t<p>O Catchbox Plus integra-se perfeitamente nos conceitos AV modernos:<\/p><p>\u00a0<\/p><ul><li><strong>Anal\u00f3gico<\/strong>Liga\u00e7\u00e3o a consolas de mistura e amplificadores existentes<\/li><\/ul><ul><li><strong>USB<\/strong>Integra\u00e7\u00e3o direta em videoconfer\u00eancias baseadas em PC<\/li><\/ul><ul><li><strong>Dante\u00ae<\/strong>Liga\u00e7\u00e3o a redes \u00e1udio-sobre-IP, controlo e encaminhamento centralizados<\/li><\/ul><p>Trabalhamos consigo para planear a integra\u00e7\u00e3o ideal do Catchbox Plus nas suas salas de confer\u00eancias, audit\u00f3rios ou espa\u00e7os para eventos O \u2013 \u00e9 tecnicamente limpo e visualmente harmonioso.<\/p>\t\t\t\t\t\t\t\t<\/div>\n\t\t\t\t<\/div>\n\t\t\t\t<div class=\"elementor-element elementor-element-9814105 elementor-widget elementor-widget-heading\" data-id=\"9814105\" data-element_type=\"widget\" data-settings=\"{&quot;_animation&quot;:&quot;none&quot;}\" data-widget_type=\"heading.default\">\n\t\t\t\t<div class=\"elementor-widget-container\">\n\t\t\t\t\t<h2 class=\"elementor-heading-title elementor-size-default\">Carregamento intuitivo, utiliza\u00e7\u00e3o quotidiana robusta<\/h2>\t\t\t\t<\/div>\n\t\t\t\t<\/div>\n\t\t\t\t<div class=\"elementor-element elementor-element-1e05f8d elementor-widget__width-inherit elementor-widget elementor-widget-text-editor\" data-id=\"1e05f8d\" data-element_type=\"widget\" data-widget_type=\"text-editor.default\">\n\t\t\t\t<div class=\"elementor-widget-container\">\n\t\t\t\t\t\t\t\t\t<p>O Catchbox Plus foi concebido para uma utiliza\u00e7\u00e3o di\u00e1ria:<\/p><p>\u00a0<\/p><ul><li>Solu\u00e7\u00f5es sofisticadas de carregamento e ancoragem para todos os microfones<\/li><\/ul><ul><li>Os microfones s\u00e3o reconhec\u00edveis como \u201ecarregados \/ prontos\u201c num relance<\/li><\/ul><ul><li>Constru\u00e7\u00e3o robusta para utiliza\u00e7\u00e3o intensiva em educa\u00e7\u00e3o, reuni\u00f5es e eventos<\/li><\/ul><p>Isto torna o sistema ideal para ambientes animados com utilizadores que mudam frequentemente \u2013 desde grupos de semin\u00e1rio a equipas de projeto.<\/p>\t\t\t\t\t\t\t\t<\/div>\n\t\t\t\t<\/div>\n\t\t\t\t<div class=\"elementor-element elementor-element-14cd03c elementor-widget elementor-widget-spacer\" data-id=\"14cd03c\" data-element_type=\"widget\" data-widget_type=\"spacer.default\">\n\t\t\t\t<div class=\"elementor-widget-container\">\n\t\t\t\t\t\t\t<div class=\"elementor-spacer\">\n\t\t\t<div class=\"elementor-spacer-inner\"><\/div>\n\t\t<\/div>\n\t\t\t\t\t\t<\/div>\n\t\t\t\t<\/div>\n\t\t\t\t<div class=\"elementor-element elementor-element-e1f6e3c elementor-widget elementor-widget-heading\" data-id=\"e1f6e3c\" data-element_type=\"widget\" data-settings=\"{&quot;_animation&quot;:&quot;none&quot;}\" data-widget_type=\"heading.default\">\n\t\t\t\t<div class=\"elementor-widget-container\">\n\t\t\t\t\t<h2 class=\"elementor-heading-title elementor-size-default\">Catchbox Plus com PCS \u2013 Consultoria, configura\u00e7\u00e3o, implementa\u00e7\u00e3o<\/h2>\t\t\t\t<\/div>\n\t\t\t\t<\/div>\n\t\t\t\t<div class=\"elementor-element elementor-element-a5d5df3 elementor-widget__width-inherit elementor-widget elementor-widget-text-editor\" data-id=\"a5d5df3\" data-element_type=\"widget\" data-widget_type=\"text-editor.default\">\n\t\t\t\t<div class=\"elementor-widget-container\">\n\t\t\t\t\t\t\t\t\t<p>Como seu parceiro para tecnologia de confer\u00eancias, tecnologia de meios de comunica\u00e7\u00e3o e tecnologia de eventos, fornecemos-lhe um apoio abrangente:<\/p><p>\u00a0<\/p><ul><li>Analisar as suas divis\u00f5es e necessidades<\/li><\/ul><ul><li>Sele\u00e7\u00e3o da configura\u00e7\u00e3o adequada do Catchbox Plus (Cube, Clip, Stick, Hub)<\/li><\/ul><ul><li>Integra\u00e7\u00e3o na tecnologia AV existente ou nova<\/li><\/ul><ul><li>Instala\u00e7\u00e3o, instru\u00e7\u00e3o e apoio para os seus eventos a pedido<\/li><\/ul><p>Pode utilizar o Catchbox Plus:<\/p><p>\u00a0<\/p><ul><li>permanente <strong>Comprar<\/strong>,<\/li><\/ul><ul><li>Relacionado com o projeto <strong>Aluguer<\/strong>,<\/li><\/ul><ul><li>ou num <strong>Pacote de salas de confer\u00eancia<\/strong> integrar.<\/li><\/ul>\t\t\t\t\t\t\t\t<\/div>\n\t\t\t\t<\/div>\n\t\t\t\t<div class=\"elementor-element elementor-element-7548301 elementor-widget elementor-widget-menu-anchor\" data-id=\"7548301\" data-element_type=\"widget\" data-widget_type=\"menu-anchor.default\">\n\t\t\t\t<div class=\"elementor-widget-container\">\n\t\t\t\t\t\t\t<div class=\"elementor-menu-anchor\" id=\"kontaktbox\"><\/div>\n\t\t\t\t\t\t<\/div>\n\t\t\t\t<\/div>\n\t\t\t\t\t<\/div>\n\t\t\t\t<\/div>\n\t\t\t\t<div class=\"elementor-element elementor-element-45399b5 elementor-widget elementor-widget-shortcode\" data-id=\"45399b5\" data-element_type=\"widget\" data-widget_type=\"shortcode.default\">\n\t\t\t\t<div class=\"elementor-widget-container\">\n\t\t\t\t\t\t\t<div class=\"elementor-shortcode\"><\/div>\n\t\t\t\t\t\t<\/div>\n\t\t\t\t<\/div>\n\t\t\t\t\t<\/div>\n\t\t\t\t<\/div>\n\t\t\t\t<\/div>","protected":false},"excerpt":{"rendered":"<p>Para todos aqueles que querem mais do que \u201eapenas som\u201c. Microfones coloridos e imediatamente reconhec\u00edveis trazem movimento a confer\u00eancias, salas de aula e workshops, diminuem as inibi\u00e7\u00f5es e tornam a participa\u00e7\u00e3o divertida e f\u00e1cil. O \u2013 \u00e9 tecnicamente profissional e visualmente um verdadeiro atrativo.<\/p>","protected":false},"author":2,"featured_media":49573,"comment_status":"closed","ping_status":"closed","sticky":false,"template":"","format":"standard","meta":{"_acf_changed":false,"footnotes":""},"categories":[39],"tags":[],"class_list":["post-49537","post","type-post","status-publish","format-standard","has-post-thumbnail","hentry","category-produkte"],"acf":[],"_links":{"self":[{"href":"https:\/\/konferenztechnik.de\/pt\/wp-json\/wp\/v2\/posts\/49537","targetHints":{"allow":["GET"]}}],"collection":[{"href":"https:\/\/konferenztechnik.de\/pt\/wp-json\/wp\/v2\/posts"}],"about":[{"href":"https:\/\/konferenztechnik.de\/pt\/wp-json\/wp\/v2\/types\/post"}],"author":[{"embeddable":true,"href":"https:\/\/konferenztechnik.de\/pt\/wp-json\/wp\/v2\/users\/2"}],"replies":[{"embeddable":true,"href":"https:\/\/konferenztechnik.de\/pt\/wp-json\/wp\/v2\/comments?post=49537"}],"version-history":[{"count":29,"href":"https:\/\/konferenztechnik.de\/pt\/wp-json\/wp\/v2\/posts\/49537\/revisions"}],"predecessor-version":[{"id":49765,"href":"https:\/\/konferenztechnik.de\/pt\/wp-json\/wp\/v2\/posts\/49537\/revisions\/49765"}],"wp:featuredmedia":[{"embeddable":true,"href":"https:\/\/konferenztechnik.de\/pt\/wp-json\/wp\/v2\/media\/49573"}],"wp:attachment":[{"href":"https:\/\/konferenztechnik.de\/pt\/wp-json\/wp\/v2\/media?parent=49537"}],"wp:term":[{"taxonomy":"category","embeddable":true,"href":"https:\/\/konferenztechnik.de\/pt\/wp-json\/wp\/v2\/categories?post=49537"},{"taxonomy":"post_tag","embeddable":true,"href":"https:\/\/konferenztechnik.de\/pt\/wp-json\/wp\/v2\/tags?post=49537"}],"curies":[{"name":"wp","href":"https:\/\/api.w.org\/{rel}","templated":true}]}}