{"id":6515,"date":"2016-04-15T13:46:58","date_gmt":"2016-04-15T12:46:58","guid":{"rendered":"https:\/\/konferenztechnik.de\/?page_id=6515"},"modified":"2023-06-26T10:06:18","modified_gmt":"2023-06-26T08:06:18","slug":"adam-hall","status":"publish","type":"post","link":"https:\/\/konferenztechnik.de\/pt\/adam-hall\/","title":{"rendered":"Adam Hall"},"content":{"rendered":"<div data-elementor-type=\"wp-post\" data-elementor-id=\"6515\" class=\"elementor elementor-6515\" data-elementor-post-type=\"post\">\n\t\t\t\t<div data-particle_enable=\"false\" data-particle-mobile-disabled=\"false\" class=\"elementor-element elementor-element-53f33d2d e-flex e-con-boxed e-con e-parent\" data-id=\"53f33d2d\" data-element_type=\"container\">\n\t\t\t\t\t<div class=\"e-con-inner\">\n\t\t\t\t<div class=\"elementor-element elementor-element-6f318731 elementor-widget elementor-widget-heading\" data-id=\"6f318731\" data-element_type=\"widget\" data-settings=\"{&quot;_animation&quot;:&quot;none&quot;}\" data-widget_type=\"heading.default\">\n\t\t\t\t<div class=\"elementor-widget-container\">\n\t\t\t\t\t<h2 class=\"elementor-heading-title elementor-size-default\">Adam Hall<\/h2>\t\t\t\t<\/div>\n\t\t\t\t<\/div>\n\t\t\t\t\t<\/div>\n\t\t\t\t<\/div>\n\t\t<div data-particle_enable=\"false\" data-particle-mobile-disabled=\"false\" class=\"elementor-element elementor-element-31530a80 e-grid e-con-boxed e-con e-parent\" data-id=\"31530a80\" data-element_type=\"container\">\n\t\t\t\t\t<div class=\"e-con-inner\">\n\t\t\t\t<div class=\"elementor-element elementor-element-52d6adcb elementor-widget__width-inherit elementor-widget elementor-widget-text-editor\" data-id=\"52d6adcb\" data-element_type=\"widget\" data-widget_type=\"text-editor.default\">\n\t\t\t\t<div class=\"elementor-widget-container\">\n\t\t\t\t\t\t\t\t\t<p>Muitos conhecem a Adam Hall como um dos principais fabricantes de acess\u00f3rios para caixas de transporte e componentes para a produ\u00e7\u00e3o de contentores de transporte seguros e flex\u00edveis para a tecnologia e ind\u00fastria de eventos. Ainda hoje, esta \u00e9 uma compet\u00eancia essencial da \u2013, mas apenas uma entre muitas.<\/p><p>\u00a0<\/p><p>A Adam Hall desenvolve e produz solu\u00e7\u00f5es profissionais e inovadoras de \u00e1udio e ilumina\u00e7\u00e3o LED para palco, est\u00fadio, transmiss\u00e3o, instala\u00e7\u00f5es fixas e som ao vivo. E com um sucesso crescente: a Adam Hall \u00e9 atualmente um dos 25 maiores fabricantes mundiais de tecnologia para eventos profissionais.<\/p><p>\u00a0<\/p><p>A Adam Hall oferece uma gama completa de acess\u00f3rios para a tecnologia de palco.<\/p>\t\t\t\t\t\t\t\t<\/div>\n\t\t\t\t<\/div>\n\t\t\t\t<div class=\"elementor-element elementor-element-69d05ba3 elementor-widget elementor-widget-image\" data-id=\"69d05ba3\" data-element_type=\"widget\" data-widget_type=\"image.default\">\n\t\t\t\t<div class=\"elementor-widget-container\">\n\t\t\t\t\t\t\t\t\t\t\t\t\t\t\t<img fetchpriority=\"high\" decoding=\"async\" width=\"577\" height=\"385\" src=\"https:\/\/konferenztechnik.de\/wp-content\/uploads\/2016\/09\/adamhall-rigging.jpg\" class=\"attachment-full size-full wp-image-8004\" alt=\"\" srcset=\"https:\/\/konferenztechnik.de\/wp-content\/uploads\/2016\/09\/adamhall-rigging.jpg 577w, https:\/\/konferenztechnik.de\/wp-content\/uploads\/2016\/09\/adamhall-rigging-300x200.jpg 300w\" sizes=\"(max-width: 577px) 100vw, 577px\" title=\"\">\t\t\t\t\t\t\t\t\t\t\t\t\t\t\t<\/div>\n\t\t\t\t<\/div>\n\t\t\t\t\t<\/div>\n\t\t\t\t<\/div>\n\t\t<div data-particle_enable=\"false\" data-particle-mobile-disabled=\"false\" class=\"elementor-element elementor-element-1958b33c e-grid e-con-boxed e-con e-parent\" data-id=\"1958b33c\" data-element_type=\"container\">\n\t\t\t\t\t<div class=\"e-con-inner\">\n\t\t\t\t<div class=\"elementor-element elementor-element-1d7abbd9 elementor-widget elementor-widget-heading\" data-id=\"1d7abbd9\" data-element_type=\"widget\" data-settings=\"{&quot;_animation&quot;:&quot;none&quot;}\" data-widget_type=\"heading.default\">\n\t\t\t\t<div class=\"elementor-widget-container\">\n\t\t\t\t\t<h2 class=\"elementor-heading-title elementor-size-default\">Solu\u00e7\u00f5es de hardware desde 1975<\/h2>\t\t\t\t<\/div>\n\t\t\t\t<\/div>\n\t\t\t\t<div class=\"elementor-element elementor-element-4897323d elementor-widget elementor-widget-image\" data-id=\"4897323d\" data-element_type=\"widget\" data-widget_type=\"image.default\">\n\t\t\t\t<div class=\"elementor-widget-container\">\n\t\t\t\t\t\t\t\t\t\t\t\t\t\t\t<img decoding=\"async\" width=\"150\" height=\"150\" src=\"https:\/\/konferenztechnik.de\/wp-content\/uploads\/2016\/04\/logo-adamhall-150x150.jpg\" class=\"attachment-thumbnail size-thumbnail wp-image-6606\" alt=\"Log\u00f3tipo Adam Hall\" srcset=\"https:\/\/konferenztechnik.de\/wp-content\/uploads\/2016\/04\/logo-adamhall-150x150.jpg 150w, https:\/\/konferenztechnik.de\/wp-content\/uploads\/2016\/04\/logo-adamhall.jpg 250w\" sizes=\"(max-width: 150px) 100vw, 150px\" title=\"\">\t\t\t\t\t\t\t\t\t\t\t\t\t\t\t<\/div>\n\t\t\t\t<\/div>\n\t\t\t\t\t<\/div>\n\t\t\t\t<\/div>\n\t\t<div data-particle_enable=\"false\" data-particle-mobile-disabled=\"false\" class=\"elementor-element elementor-element-72671dde e-flex e-con-boxed e-con e-parent\" data-id=\"72671dde\" data-element_type=\"container\">\n\t\t\t\t\t<div class=\"e-con-inner\">\n\t\t\t\t<div class=\"elementor-element elementor-element-1fb9feed elementor-widget elementor-widget-spacer\" data-id=\"1fb9feed\" data-element_type=\"widget\" data-widget_type=\"spacer.default\">\n\t\t\t\t<div class=\"elementor-widget-container\">\n\t\t\t\t\t\t\t<div class=\"elementor-spacer\">\n\t\t\t<div class=\"elementor-spacer-inner\"><\/div>\n\t\t<\/div>\n\t\t\t\t\t\t<\/div>\n\t\t\t\t<\/div>\n\t\t\t\t\t<\/div>\n\t\t\t\t<\/div>\n\t\t<div data-particle_enable=\"false\" data-particle-mobile-disabled=\"false\" class=\"elementor-element elementor-element-3c98af e-grid e-con-boxed e-con e-parent\" data-id=\"3c98af\" data-element_type=\"container\">\n\t\t\t\t\t<div class=\"e-con-inner\">\n\t\t<div data-particle_enable=\"false\" data-particle-mobile-disabled=\"false\" class=\"elementor-element elementor-element-4fc2615b e-flex e-con-boxed e-con e-parent\" data-id=\"4fc2615b\" data-element_type=\"container\" data-settings=\"{&quot;background_background&quot;:&quot;classic&quot;}\">\n\t\t\t\t\t<div class=\"e-con-inner\">\n\t\t\t\t<div class=\"elementor-element elementor-element-18e56081 elementor-widget elementor-widget-image\" data-id=\"18e56081\" data-element_type=\"widget\" data-widget_type=\"image.default\">\n\t\t\t\t<div class=\"elementor-widget-container\">\n\t\t\t\t\t\t\t\t\t\t\t\t\t\t\t<img decoding=\"async\" width=\"424\" height=\"284\" src=\"https:\/\/konferenztechnik.de\/wp-content\/uploads\/2016\/09\/adamhall-flightcase.jpg\" class=\"attachment-large size-large wp-image-8006\" alt=\"\" srcset=\"https:\/\/konferenztechnik.de\/wp-content\/uploads\/2016\/09\/adamhall-flightcase.jpg 424w, https:\/\/konferenztechnik.de\/wp-content\/uploads\/2016\/09\/adamhall-flightcase-300x201.jpg 300w\" sizes=\"(max-width: 424px) 100vw, 424px\" title=\"\">\t\t\t\t\t\t\t\t\t\t\t\t\t\t\t<\/div>\n\t\t\t\t<\/div>\n\t\t\t\t<div class=\"elementor-element elementor-element-647d40a4 elementor-widget elementor-widget-heading\" data-id=\"647d40a4\" data-element_type=\"widget\" data-settings=\"{&quot;_animation&quot;:&quot;none&quot;}\" data-widget_type=\"heading.default\">\n\t\t\t\t<div class=\"elementor-widget-container\">\n\t\t\t\t\t<h2 class=\"elementor-heading-title elementor-size-default\">Malas de voo<\/h2>\t\t\t\t<\/div>\n\t\t\t\t<\/div>\n\t\t\t\t<div class=\"elementor-element elementor-element-d12bc8e elementor-widget__width-inherit elementor-widget elementor-widget-text-editor\" data-id=\"d12bc8e\" data-element_type=\"widget\" data-widget_type=\"text-editor.default\">\n\t\t\t\t<div class=\"elementor-widget-container\">\n\t\t\t\t\t\t\t\t\t<p>Malas de voo personalizadas<br \/>ImageBoard, caixas de voo impressas<br \/>Paredes divis\u00f3rias<br \/>Arranjos interiores<br \/>Etiquetagem de placas<br \/>Componentes<br \/>Acess\u00f3rios<\/p>\t\t\t\t\t\t\t\t<\/div>\n\t\t\t\t<\/div>\n\t\t\t\t\t<\/div>\n\t\t\t\t<\/div>\n\t\t<div data-particle_enable=\"false\" data-particle-mobile-disabled=\"false\" class=\"elementor-element elementor-element-284f3982 e-flex e-con-boxed e-con e-parent\" data-id=\"284f3982\" data-element_type=\"container\" data-settings=\"{&quot;background_background&quot;:&quot;classic&quot;}\">\n\t\t\t\t\t<div class=\"e-con-inner\">\n\t\t\t\t<div class=\"elementor-element elementor-element-695a31fb elementor-widget elementor-widget-image\" data-id=\"695a31fb\" data-element_type=\"widget\" data-widget_type=\"image.default\">\n\t\t\t\t<div class=\"elementor-widget-container\">\n\t\t\t\t\t\t\t\t\t\t\t\t\t\t\t<img loading=\"lazy\" decoding=\"async\" width=\"424\" height=\"284\" src=\"https:\/\/konferenztechnik.de\/wp-content\/uploads\/2016\/09\/adamhall-power.jpg\" class=\"attachment-large size-large wp-image-8007\" alt=\"\" srcset=\"https:\/\/konferenztechnik.de\/wp-content\/uploads\/2016\/09\/adamhall-power.jpg 424w, https:\/\/konferenztechnik.de\/wp-content\/uploads\/2016\/09\/adamhall-power-300x201.jpg 300w\" sizes=\"(max-width: 424px) 100vw, 424px\" title=\"\">\t\t\t\t\t\t\t\t\t\t\t\t\t\t\t<\/div>\n\t\t\t\t<\/div>\n\t\t\t\t<div class=\"elementor-element elementor-element-2a0f27f2 elementor-widget elementor-widget-heading\" data-id=\"2a0f27f2\" data-element_type=\"widget\" data-settings=\"{&quot;_animation&quot;:&quot;none&quot;}\" data-widget_type=\"heading.default\">\n\t\t\t\t<div class=\"elementor-widget-container\">\n\t\t\t\t\t<h2 class=\"elementor-heading-title elementor-size-default\">Cabos<\/h2>\t\t\t\t<\/div>\n\t\t\t\t<\/div>\n\t\t\t\t<div class=\"elementor-element elementor-element-10b02857 elementor-widget__width-inherit elementor-widget elementor-widget-text-editor\" data-id=\"10b02857\" data-element_type=\"widget\" data-widget_type=\"text-editor.default\">\n\t\t\t\t<div class=\"elementor-widget-container\">\n\t\t\t\t\t\t\t\t\t<p>Distribui\u00e7\u00e3o de energia<br \/>Cabo do instrumento<br \/>Cabo do microfone<br \/>Cabo AES \/ EBU \/ DMX<br \/>Cabo do altifalante<br \/>Cabos \u00f3pticos<br \/>Conectores e adaptadores<\/p>\t\t\t\t\t\t\t\t<\/div>\n\t\t\t\t<\/div>\n\t\t\t\t\t<\/div>\n\t\t\t\t<\/div>\n\t\t<div data-particle_enable=\"false\" data-particle-mobile-disabled=\"false\" class=\"elementor-element elementor-element-17851660 e-flex e-con-boxed e-con e-parent\" data-id=\"17851660\" data-element_type=\"container\" data-settings=\"{&quot;background_background&quot;:&quot;classic&quot;}\">\n\t\t\t\t\t<div class=\"e-con-inner\">\n\t\t\t\t<div class=\"elementor-element elementor-element-947ac8b elementor-widget elementor-widget-image\" data-id=\"947ac8b\" data-element_type=\"widget\" data-widget_type=\"image.default\">\n\t\t\t\t<div class=\"elementor-widget-container\">\n\t\t\t\t\t\t\t\t\t\t\t\t\t\t\t<img loading=\"lazy\" decoding=\"async\" width=\"424\" height=\"284\" src=\"https:\/\/konferenztechnik.de\/wp-content\/uploads\/2016\/09\/adamhall-stagezubehoer.jpg\" class=\"attachment-large size-large wp-image-8008\" alt=\"\" srcset=\"https:\/\/konferenztechnik.de\/wp-content\/uploads\/2016\/09\/adamhall-stagezubehoer.jpg 424w, https:\/\/konferenztechnik.de\/wp-content\/uploads\/2016\/09\/adamhall-stagezubehoer-300x201.jpg 300w\" sizes=\"(max-width: 424px) 100vw, 424px\" title=\"\">\t\t\t\t\t\t\t\t\t\t\t\t\t\t\t<\/div>\n\t\t\t\t<\/div>\n\t\t\t\t<div class=\"elementor-element elementor-element-5f82dfc6 elementor-widget elementor-widget-heading\" data-id=\"5f82dfc6\" data-element_type=\"widget\" data-settings=\"{&quot;_animation&quot;:&quot;none&quot;}\" data-widget_type=\"heading.default\">\n\t\t\t\t<div class=\"elementor-widget-container\">\n\t\t\t\t\t<h2 class=\"elementor-heading-title elementor-size-default\">Acess\u00f3rios de palco<\/h2>\t\t\t\t<\/div>\n\t\t\t\t<\/div>\n\t\t\t\t<div class=\"elementor-element elementor-element-2f4f16c6 elementor-widget__width-inherit elementor-widget elementor-widget-text-editor\" data-id=\"2f4f16c6\" data-element_type=\"widget\" data-widget_type=\"text-editor.default\">\n\t\t\t\t<div class=\"elementor-widget-container\">\n\t\t\t\t\t\t\t\t\t<p>Sistemas de treli\u00e7a<br \/>Pontes de cabos<br \/>Gaze, cortinas, cen\u00e1rios<br \/>Protec\u00e7\u00f5es, ganchos, ilh\u00f3s<br \/>Fitas adesivas<br \/>Abra\u00e7adeiras<br \/>Pilhas e contentores de pilhas<br \/>Adesivos, cores<br \/>19\u2033 Acess\u00f3rios<br \/>e muito mais.<\/p>\t\t\t\t\t\t\t\t<\/div>\n\t\t\t\t<\/div>\n\t\t\t\t\t<\/div>\n\t\t\t\t<\/div>\n\t\t\t\t\t<\/div>\n\t\t\t\t<\/div>\n\t\t<div data-particle_enable=\"false\" data-particle-mobile-disabled=\"false\" class=\"elementor-element elementor-element-3952a9d2 e-flex e-con-boxed e-con e-parent\" data-id=\"3952a9d2\" data-element_type=\"container\">\n\t\t\t\t\t<div class=\"e-con-inner\">\n\t\t\t\t<div class=\"elementor-element elementor-element-eae55d8 elementor-widget elementor-widget-spacer\" data-id=\"eae55d8\" data-element_type=\"widget\" data-widget_type=\"spacer.default\">\n\t\t\t\t<div class=\"elementor-widget-container\">\n\t\t\t\t\t\t\t<div class=\"elementor-spacer\">\n\t\t\t<div class=\"elementor-spacer-inner\"><\/div>\n\t\t<\/div>\n\t\t\t\t\t\t<\/div>\n\t\t\t\t<\/div>\n\t\t\t\t<div class=\"elementor-element elementor-element-6986d8c1 elementor-widget__width-inherit elementor-widget elementor-widget-text-editor\" data-id=\"6986d8c1\" data-element_type=\"widget\" data-widget_type=\"text-editor.default\">\n\t\t\t\t<div class=\"elementor-widget-container\">\n\t\t\t\t\t\t\t\t\t<p>A Adam Hall \u00e9 um fornecedor qualificado e fi\u00e1vel com uma gama de tecnologia de palco de A a Z. Desde 2008, a sede europeia da empresa situa-se em Neu-Ansbach, perto de Frankfurt, para que os mais de 7000 artigos imediatamente dispon\u00edveis possam ser entregues no local de utiliza\u00e7\u00e3o o mais rapidamente poss\u00edvel.<\/p>\t\t\t\t\t\t\t\t<\/div>\n\t\t\t\t<\/div>\n\t\t\t\t\t<\/div>\n\t\t\t\t<\/div>\n\t\t<div data-particle_enable=\"false\" data-particle-mobile-disabled=\"false\" class=\"elementor-element elementor-element-43f24242 e-flex e-con-boxed e-con e-parent\" data-id=\"43f24242\" data-element_type=\"container\">\n\t\t\t\t\t<div class=\"e-con-inner\">\n\t\t\t\t<div class=\"elementor-element elementor-element-2beb6c45 elementor-widget elementor-widget-shortcode\" data-id=\"2beb6c45\" data-element_type=\"widget\" data-widget_type=\"shortcode.default\">\n\t\t\t\t<div class=\"elementor-widget-container\">\n\t\t\t\t\t\t\t<div class=\"elementor-shortcode\"><\/div>\n\t\t\t\t\t\t<\/div>\n\t\t\t\t<\/div>\n\t\t\t\t\t<\/div>\n\t\t\t\t<\/div>\n\t\t\t\t<\/div>","protected":false},"excerpt":{"rendered":"<p>Adam Hall Viele Insider kennen Adam Hall als f\u00fchrenden Hersteller von Flightcase-Beschl\u00e4gen und Bauteilen f\u00fcr die Herstellung von sicheren und flexiblen Transportbeh\u00e4ltern f\u00fcr die Veranstaltungstechnik und die Industrie. Auch heute ist dies eine Kernkompetenz \u2013 aber nur eine von vielen. \u00a0 Adam Hall entwickelt und produziert professionelle, innovative Audio- und LED Beleuchtungsl\u00f6sungen f\u00fcr B\u00fchne, Studio, [&hellip;]<\/p>","protected":false},"author":1,"featured_media":6606,"comment_status":"closed","ping_status":"closed","sticky":false,"template":"elementor_theme","format":"standard","meta":{"_acf_changed":false,"footnotes":""},"categories":[49],"tags":[51],"class_list":["post-6515","post","type-post","status-publish","format-standard","has-post-thumbnail","hentry","category-hersteller","tag-adam-hall"],"acf":[],"_links":{"self":[{"href":"https:\/\/konferenztechnik.de\/pt\/wp-json\/wp\/v2\/posts\/6515","targetHints":{"allow":["GET"]}}],"collection":[{"href":"https:\/\/konferenztechnik.de\/pt\/wp-json\/wp\/v2\/posts"}],"about":[{"href":"https:\/\/konferenztechnik.de\/pt\/wp-json\/wp\/v2\/types\/post"}],"author":[{"embeddable":true,"href":"https:\/\/konferenztechnik.de\/pt\/wp-json\/wp\/v2\/users\/1"}],"replies":[{"embeddable":true,"href":"https:\/\/konferenztechnik.de\/pt\/wp-json\/wp\/v2\/comments?post=6515"}],"version-history":[{"count":0,"href":"https:\/\/konferenztechnik.de\/pt\/wp-json\/wp\/v2\/posts\/6515\/revisions"}],"wp:featuredmedia":[{"embeddable":true,"href":"https:\/\/konferenztechnik.de\/pt\/wp-json\/wp\/v2\/media\/6606"}],"wp:attachment":[{"href":"https:\/\/konferenztechnik.de\/pt\/wp-json\/wp\/v2\/media?parent=6515"}],"wp:term":[{"taxonomy":"category","embeddable":true,"href":"https:\/\/konferenztechnik.de\/pt\/wp-json\/wp\/v2\/categories?post=6515"},{"taxonomy":"post_tag","embeddable":true,"href":"https:\/\/konferenztechnik.de\/pt\/wp-json\/wp\/v2\/tags?post=6515"}],"curies":[{"name":"wp","href":"https:\/\/api.w.org\/{rel}","templated":true}]}}