{"id":21411,"date":"2023-03-11T09:26:28","date_gmt":"2023-03-11T08:26:28","guid":{"rendered":"http:\/\/dev.konferenztechnik.de\/?p=21411"},"modified":"2023-06-27T13:07:32","modified_gmt":"2023-06-27T11:07:32","slug":"%d0%ba%d0%be%d0%bd%d1%84%d0%b5%d1%80%d0%b5%d0%bd%d1%86%d0%b8%d0%b8-%d1%81-%d0%ba%d0%be%d0%bc%d0%b0%d0%bd%d0%b4%d0%b0%d0%bc%d0%b8-microsoft","status":"publish","type":"post","link":"https:\/\/konferenztechnik.de\/ru\/%d0%ba%d0%be%d0%bd%d1%84%d0%b5%d1%80%d0%b5%d0%bd%d1%86%d0%b8%d0%b8-%d1%81-%d0%ba%d0%be%d0%bc%d0%b0%d0%bd%d0%b4%d0%b0%d0%bc%d0%b8-microsoft\/","title":{"rendered":"\u041a\u043e\u043d\u0444\u0435\u0440\u0435\u043d\u0446\u0438\u0438 \u0441 \u043f\u043e\u043c\u043e\u0449\u044c\u044e Microsoft Teams"},"content":{"rendered":"\t\t<div data-elementor-type=\"wp-post\" data-elementor-id=\"21411\" class=\"elementor elementor-21411\" data-elementor-post-type=\"post\">\n\t\t\t\t<div data-particle_enable=\"false\" data-particle-mobile-disabled=\"false\" class=\"elementor-element elementor-element-7e33ec7 e-flex e-con-boxed e-con e-parent\" data-id=\"7e33ec7\" data-element_type=\"container\" data-e-type=\"container\">\n\t\t\t\t\t<div class=\"e-con-inner\">\n\t\t\t\t<div class=\"elementor-element elementor-element-d60f76d elementor-widget elementor-widget-heading\" data-id=\"d60f76d\" data-element_type=\"widget\" data-e-type=\"widget\" data-widget_type=\"heading.default\">\n\t\t\t\t<div class=\"elementor-widget-container\">\n\t\t\t\t\t<h1 class=\"elementor-heading-title elementor-size-default\">Professionelle Konferenzen mit Microsoft Teams (MS Teams)<\/h1>\t\t\t\t<\/div>\n\t\t\t\t<\/div>\n\t\t\t\t<div class=\"elementor-element elementor-element-788517c elementor-widget elementor-widget-image\" data-id=\"788517c\" data-element_type=\"widget\" data-e-type=\"widget\" data-widget_type=\"image.default\">\n\t\t\t\t<div class=\"elementor-widget-container\">\n\t\t\t\t\t\t\t\t\t\t\t\t\t\t\t<img fetchpriority=\"high\" decoding=\"async\" width=\"1300\" height=\"490\" src=\"https:\/\/konferenztechnik.de\/wp-content\/uploads\/2023\/02\/konferenzen-mit-msteams.jpg\" class=\"attachment-full size-full wp-image-20396\" alt=\"Konferenzen mit MS-Teams\" srcset=\"https:\/\/konferenztechnik.de\/wp-content\/uploads\/2023\/02\/konferenzen-mit-msteams.jpg 1300w, https:\/\/konferenztechnik.de\/wp-content\/uploads\/2023\/02\/konferenzen-mit-msteams-300x113.jpg 300w, https:\/\/konferenztechnik.de\/wp-content\/uploads\/2023\/02\/konferenzen-mit-msteams-1024x386.jpg 1024w, https:\/\/konferenztechnik.de\/wp-content\/uploads\/2023\/02\/konferenzen-mit-msteams-768x289.jpg 768w\" sizes=\"(max-width: 1300px) 100vw, 1300px\" title=\"\">\t\t\t\t\t\t\t\t\t\t\t\t\t\t\t<\/div>\n\t\t\t\t<\/div>\n\t\t\t\t\t<\/div>\n\t\t\t\t<\/div>\n\t\t<div data-particle_enable=\"false\" data-particle-mobile-disabled=\"false\" class=\"elementor-element elementor-element-cb4ea25 e-flex e-con-boxed e-con e-parent\" data-id=\"cb4ea25\" data-element_type=\"container\" data-e-type=\"container\">\n\t\t\t\t\t<div class=\"e-con-inner\">\n\t\t\t\t<div class=\"elementor-element elementor-element-41a6122 elementor-widget elementor-widget-heading\" data-id=\"41a6122\" data-element_type=\"widget\" data-e-type=\"widget\" data-widget_type=\"heading.default\">\n\t\t\t\t<div class=\"elementor-widget-container\">\n\t\t\t\t\t<h2 class=\"elementor-heading-title elementor-size-default\">MS Teams jetzt auch mehrsprachig und mit der Funktion \"Simultandolmetschen\"<\/h2>\t\t\t\t<\/div>\n\t\t\t\t<\/div>\n\t\t\t\t<div class=\"elementor-element elementor-element-5ead877 elementor-widget elementor-widget-text-editor\" data-id=\"5ead877\" data-element_type=\"widget\" data-e-type=\"widget\" data-widget_type=\"text-editor.default\">\n\t\t\t\t<div class=\"elementor-widget-container\">\n\t\t\t\t\t\t\t\t\t<p>Microsoft Teams (MS Teams) spielte bei uns lange die zweite Geige hinter Zoom bei den digitalen und hybriden Formaten. Unsere Techniker*innen berichteten regelm\u00e4\u00dfig, wie MS Teams jedoch aufholte: die Benutzeroberfl\u00e4che wurde stetig verbessert und vor allem die Audio-Engine wurde immer besser. In puncto Sprachqualit\u00e4t liegen Zoom und MS Teams aktuell gleich auf. Anfang des Jahres hatte Microsoft angek\u00fcndigt, in Teams auch professionelles Dolmetschen zu integrieren, und hat Wort gehalten. Microsoft bietet die M\u00f6glichkeit, Dolmetscher*innen professionell einzubinden. In Teams lassen sich jetzt Menschen als Dolmetscher*innen hinzuf\u00fcgen und ausw\u00e4hlen. Die Funktion hei\u00dft bei Microsoft \u201eSprachinterpretation\u201c.<\/p>\t\t\t\t\t\t\t\t<\/div>\n\t\t\t\t<\/div>\n\t\t\t\t<div class=\"elementor-element elementor-element-1578a0d elementor-icon-list--layout-traditional elementor-list-item-link-full_width elementor-widget elementor-widget-icon-list\" data-id=\"1578a0d\" data-element_type=\"widget\" data-e-type=\"widget\" data-widget_type=\"icon-list.default\">\n\t\t\t\t<div class=\"elementor-widget-container\">\n\t\t\t\t\t\t\t<ul class=\"elementor-icon-list-items\">\n\t\t\t\t\t\t\t<li class=\"elementor-icon-list-item\">\n\t\t\t\t\t\t\t\t\t\t\t<a href=\"https:\/\/support.microsoft.com\/de-de\/office\/verwenden-der-sprachinterpretation-in-einer-teams-besprechung-b9fdde0f-1896-48ba-8540-efc99f5f4b2e\" target=\"_blank\" rel=\"noopener\">\n\n\t\t\t\t\t\t\t\t\t\t\t\t<span class=\"elementor-icon-list-icon\">\n\t\t\t\t\t\t\t<svg aria-hidden=\"true\" class=\"e-font-icon-svg e-fas-chevron-right\" viewBox=\"0 0 320 512\" xmlns=\"http:\/\/www.w3.org\/2000\/svg\"><path d=\"M285.476 272.971L91.132 467.314c-9.373 9.373-24.569 9.373-33.941 0l-22.667-22.667c-9.357-9.357-9.375-24.522-.04-33.901L188.505 256 34.484 101.255c-9.335-9.379-9.317-24.544.04-33.901l22.667-22.667c9.373-9.373 24.569-9.373 33.941 0L285.475 239.03c9.373 9.372 9.373 24.568.001 33.941z\"><\/path><\/svg>\t\t\t\t\t\t<\/span>\n\t\t\t\t\t\t\t\t\t\t<span class=\"elementor-icon-list-text\">Verwenden der Sprachinterpretation in einer Teams-Besprechung<\/span>\n\t\t\t\t\t\t\t\t\t\t\t<\/a>\n\t\t\t\t\t\t\t\t\t<\/li>\n\t\t\t\t\t\t<\/ul>\n\t\t\t\t\t\t<\/div>\n\t\t\t\t<\/div>\n\t\t\t\t\t<\/div>\n\t\t\t\t<\/div>\n\t\t<div data-particle_enable=\"false\" data-particle-mobile-disabled=\"false\" class=\"elementor-element elementor-element-44b9623 e-flex e-con-boxed e-con e-parent\" data-id=\"44b9623\" data-element_type=\"container\" data-e-type=\"container\">\n\t\t\t\t\t<div class=\"e-con-inner\">\n\t\t\t\t<div class=\"elementor-element elementor-element-fed357e elementor-widget elementor-widget-heading\" data-id=\"fed357e\" data-element_type=\"widget\" data-e-type=\"widget\" data-widget_type=\"heading.default\">\n\t\t\t\t<div class=\"elementor-widget-container\">\n\t\t\t\t\t<h2 class=\"elementor-heading-title elementor-size-default\">PCS \u2013 konferenztechnik.de bietet professionelle Konferenzbetreuung mit Microsoft Teams<\/h2>\t\t\t\t<\/div>\n\t\t\t\t<\/div>\n\t\t\t\t<div class=\"elementor-element elementor-element-cfcc30e elementor-widget elementor-widget-text-editor\" data-id=\"cfcc30e\" data-element_type=\"widget\" data-e-type=\"widget\" data-widget_type=\"text-editor.default\">\n\t\t\t\t<div class=\"elementor-widget-container\">\n\t\t\t\t\t\t\t\t\t<p>Unsere Profis f\u00fcr digitale Formate lassen sich aktuell zu zertifizierten Teams-Administratoren weiterbilden. Die Durchf\u00fchrung professioneller Events mit MS Teams bietet mehr Fallstrike und Stolperfallen. Vor allem gro\u00dfe Unternehmen haben Teams zentral in die Unternehmens-IT integriert, eigene Sicherheitsma\u00dfnahmen, Freigaben oder Einschr\u00e4nkungen festgelegt. F\u00fcr Teilnehmende au\u00dferhalb des Unternehmens und der verwalteten Dom\u00e4ne hei\u00dft es dann auf einmal: Sie k\u00f6nnen sich nicht anmelden\u2026<\/p>\t\t\t\t\t\t\t\t<\/div>\n\t\t\t\t<\/div>\n\t\t\t\t\t<\/div>\n\t\t\t\t<\/div>\n\t\t<div data-particle_enable=\"false\" data-particle-mobile-disabled=\"false\" class=\"elementor-element elementor-element-3fa7e7e e-flex e-con-boxed e-con e-parent\" data-id=\"3fa7e7e\" data-element_type=\"container\" data-e-type=\"container\">\n\t\t\t\t\t<div class=\"e-con-inner\">\n\t\t\t\t<div class=\"elementor-element elementor-element-3cd7839 elementor-widget elementor-widget-heading\" data-id=\"3cd7839\" data-element_type=\"widget\" data-e-type=\"widget\" data-widget_type=\"heading.default\">\n\t\t\t\t<div class=\"elementor-widget-container\">\n\t\t\t\t\t<h2 class=\"elementor-heading-title elementor-size-default\">MS Teams und der Datenschutz und Datensicherheit<\/h2>\t\t\t\t<\/div>\n\t\t\t\t<\/div>\n\t\t\t\t<div class=\"elementor-element elementor-element-f726fbe elementor-widget elementor-widget-text-editor\" data-id=\"f726fbe\" data-element_type=\"widget\" data-e-type=\"widget\" data-widget_type=\"text-editor.default\">\n\t\t\t\t<div class=\"elementor-widget-container\">\n\t\t\t\t\t\t\t\t\t<p>Fragen Sie Microsoft nach Datensicherheit, dann klingt das so: \u201eSind meine Gespr\u00e4che und Daten sicher?&#8220; \u201eJa, denn Microsoft Teams ist integraler Bestandteil von Office 365. Daher bietet es die gleichen Datenschutz- und Compliance-Funktionen, die Nutzer bereits von Office 365 kennen. W\u00e4hrend der \u00dcbertragung und der Speicherung sind die Daten verschl\u00fcsselt. Dateien werden in SharePoint gespeichert und durch SharePoint-Verschl\u00fcsselung gesichert. Notizen werden in OneNote gespeichert und durch OneNote-Verschl\u00fcsselung gesichert.\u201c Deutsche und europ\u00e4ische Datensch\u00fctzer allerdings sind emp\u00f6rt \u00fcber den Umgang von Microsoft mit Daten der Nutzenden. Gleichzeitig ist bei unseren Kunden, dort wo MS Teams eingesetzt wird, das Thema Datensicherheit auf Unternehmensseite meist durch die IT gekl\u00e4rt und akzeptiert. Dennoch ist f\u00fcr viele unserer Kunden die Verwendung von Diensten wie Google und Microsoft nicht zul\u00e4ssig. Hier empfehlen wir dann unsere L\u00f6sung mit Zoom auf unseren eigenen Servern oder sogar ganz eigenst\u00e4ndige L\u00f6sungen wie von Televic.<\/p>\t\t\t\t\t\t\t\t<\/div>\n\t\t\t\t<\/div>\n\t\t\t\t\t<\/div>\n\t\t\t\t<\/div>\n\t\t<div data-particle_enable=\"false\" data-particle-mobile-disabled=\"false\" class=\"elementor-element elementor-element-e36dffa e-flex e-con-boxed e-con e-parent\" data-id=\"e36dffa\" data-element_type=\"container\" data-e-type=\"container\">\n\t\t\t\t\t<div class=\"e-con-inner\">\n\t\t\t\t<div class=\"elementor-element elementor-element-0bd5989 elementor-widget elementor-widget-heading\" data-id=\"0bd5989\" data-element_type=\"widget\" data-e-type=\"widget\" data-widget_type=\"heading.default\">\n\t\t\t\t<div class=\"elementor-widget-container\">\n\t\t\t\t\t<h2 class=\"elementor-heading-title elementor-size-default\">MS Teams auf eigenen Servern \/ On-Premise<\/h2>\t\t\t\t<\/div>\n\t\t\t\t<\/div>\n\t\t\t\t<div class=\"elementor-element elementor-element-22f26d9 elementor-widget elementor-widget-text-editor\" data-id=\"22f26d9\" data-element_type=\"widget\" data-e-type=\"widget\" data-widget_type=\"text-editor.default\">\n\t\t\t\t<div class=\"elementor-widget-container\">\n\t\t\t\t\t\t\t\t\t<p>Ist Microsoft Teams auch auf eigenen Servern m\u00f6glich? Nein, Microsoft Teams ist f\u00fcr die Zusammenarbeit mit SharePoint Online und Azure Active Directory konzipiert. Es ist zwar m\u00f6glich, einige Funktionen in einer hybriden Umgebung zu nutzen, aber der volle Funktionsumfang von Microsoft Teams ist in einer lokalen Installation nicht verf\u00fcgbar. Serverinstallationen f\u00fcr Microsoft Teams, so wie Sie es vielleicht von Skype for Business kennen, gibt es nicht. Microsoft Teams ist eine reine Cloud-L\u00f6sung.<\/p>\t\t\t\t\t\t\t\t<\/div>\n\t\t\t\t<\/div>\n\t\t\t\t\t<\/div>\n\t\t\t\t<\/div>\n\t\t<div data-particle_enable=\"false\" data-particle-mobile-disabled=\"false\" class=\"elementor-element elementor-element-8376a8e e-flex e-con-boxed e-con e-parent\" data-id=\"8376a8e\" data-element_type=\"container\" data-e-type=\"container\">\n\t\t\t\t\t<div class=\"e-con-inner\">\n\t\t\t\t<div class=\"elementor-element elementor-element-9ba0dcb elementor-widget elementor-widget-heading\" data-id=\"9ba0dcb\" data-element_type=\"widget\" data-e-type=\"widget\" data-widget_type=\"heading.default\">\n\t\t\t\t<div class=\"elementor-widget-container\">\n\t\t\t\t\t<h2 class=\"elementor-heading-title elementor-size-default\">Neues Microsoft Teams ab M\u00e4rz \u2013 MS Teams 2.0<\/h2>\t\t\t\t<\/div>\n\t\t\t\t<\/div>\n\t\t\t\t<div class=\"elementor-element elementor-element-e59189f elementor-widget elementor-widget-text-editor\" data-id=\"e59189f\" data-element_type=\"widget\" data-e-type=\"widget\" data-widget_type=\"text-editor.default\">\n\t\t\t\t<div class=\"elementor-widget-container\">\n\t\t\t\t\t\t\t\t\t<p>Microsoft spricht von einer gro\u00dfen Verbesserung vor allem in puncto Performance. Die Sprachqualit\u00e4t und die dahintersteckende Sprach-Engine konnte uns bereits \u00fcberzeugen. Wir hoffen vor allem bei den Videobildern auf Verbesserungen. Es ist aber auch angek\u00fcndigt, dass die Verwendung von \u201emehreren Accounts\u201c vereinfacht wird. Jede*r, der in unterschiedlichen Organisationen Teams verwendet, wei\u00df, wie sperrig und fehleranf\u00e4llig das ist. Die Ank\u00fcndigungen der Teams-Ingenieure auf \u201eThe Verge\u201c klingen nach einen gro\u00dfen Sprung nach vorne. Zwischen den Zeilen lesen wir aber auch viel Microsoft 11, Edge-Browser und PC-Computer. Wir sind sehr gespannt, wie das neue Teams auf Apple-Ger\u00e4ten oder Linux-Systemen funktionieren wird. Wir halten Sie hier auf dem Laufenden.<\/p>\t\t\t\t\t\t\t\t<\/div>\n\t\t\t\t<\/div>\n\t\t\t\t<div class=\"elementor-element elementor-element-925c4fc elementor-icon-list--layout-traditional elementor-list-item-link-full_width elementor-widget elementor-widget-icon-list\" data-id=\"925c4fc\" data-element_type=\"widget\" data-e-type=\"widget\" data-widget_type=\"icon-list.default\">\n\t\t\t\t<div class=\"elementor-widget-container\">\n\t\t\t\t\t\t\t<ul class=\"elementor-icon-list-items\">\n\t\t\t\t\t\t\t<li class=\"elementor-icon-list-item\">\n\t\t\t\t\t\t\t\t\t\t\t<a href=\"https:\/\/www.theverge.com\/2023\/2\/20\/23607037\/microsoft-teams-performance-improvements-less-cpu-memory\" target=\"_blank\" rel=\"noopener\">\n\n\t\t\t\t\t\t\t\t\t\t\t\t<span class=\"elementor-icon-list-icon\">\n\t\t\t\t\t\t\t<svg aria-hidden=\"true\" class=\"e-font-icon-svg e-fas-chevron-right\" viewBox=\"0 0 320 512\" xmlns=\"http:\/\/www.w3.org\/2000\/svg\"><path d=\"M285.476 272.971L91.132 467.314c-9.373 9.373-24.569 9.373-33.941 0l-22.667-22.667c-9.357-9.357-9.375-24.522-.04-33.901L188.505 256 34.484 101.255c-9.335-9.379-9.317-24.544.04-33.901l22.667-22.667c9.373-9.373 24.569-9.373 33.941 0L285.475 239.03c9.373 9.372 9.373 24.568.001 33.941z\"><\/path><\/svg>\t\t\t\t\t\t<\/span>\n\t\t\t\t\t\t\t\t\t\t<span class=\"elementor-icon-list-text\">The Verge \u2013 Microsoft Teams is getting big performance improvements next month<\/span>\n\t\t\t\t\t\t\t\t\t\t\t<\/a>\n\t\t\t\t\t\t\t\t\t<\/li>\n\t\t\t\t\t\t\t\t<li class=\"elementor-icon-list-item\">\n\t\t\t\t\t\t\t\t\t\t\t<a href=\"https:\/\/www.drwindows.de\/news\/microsoft-teams-2-0-neue-version-mit-massiv-besserer-performance-startet-im-maerz\" target=\"_blank\" rel=\"noopener\">\n\n\t\t\t\t\t\t\t\t\t\t\t\t<span class=\"elementor-icon-list-icon\">\n\t\t\t\t\t\t\t<svg aria-hidden=\"true\" class=\"e-font-icon-svg e-fas-chevron-right\" viewBox=\"0 0 320 512\" xmlns=\"http:\/\/www.w3.org\/2000\/svg\"><path d=\"M285.476 272.971L91.132 467.314c-9.373 9.373-24.569 9.373-33.941 0l-22.667-22.667c-9.357-9.357-9.375-24.522-.04-33.901L188.505 256 34.484 101.255c-9.335-9.379-9.317-24.544.04-33.901l22.667-22.667c9.373-9.373 24.569-9.373 33.941 0L285.475 239.03c9.373 9.372 9.373 24.568.001 33.941z\"><\/path><\/svg>\t\t\t\t\t\t<\/span>\n\t\t\t\t\t\t\t\t\t\t<span class=\"elementor-icon-list-text\">Dr. Windows \u2013 Microsoft Teams 2.0<\/span>\n\t\t\t\t\t\t\t\t\t\t\t<\/a>\n\t\t\t\t\t\t\t\t\t<\/li>\n\t\t\t\t\t\t<\/ul>\n\t\t\t\t\t\t<\/div>\n\t\t\t\t<\/div>\n\t\t\t\t\t<\/div>\n\t\t\t\t<\/div>\n\t\t<div data-particle_enable=\"false\" data-particle-mobile-disabled=\"false\" class=\"elementor-element elementor-element-72f4941 e-flex e-con-boxed e-con e-parent\" data-id=\"72f4941\" data-element_type=\"container\" data-e-type=\"container\">\n\t\t\t\t\t<div class=\"e-con-inner\">\n\t\t<div data-particle_enable=\"false\" data-particle-mobile-disabled=\"false\" class=\"elementor-element elementor-element-591d7be e-con-full e-flex e-con e-parent\" data-id=\"591d7be\" data-element_type=\"container\" data-e-type=\"container\" data-settings=\"{&quot;background_background&quot;:&quot;classic&quot;}\">\n\t\t<div data-particle_enable=\"false\" data-particle-mobile-disabled=\"false\" class=\"elementor-element elementor-element-46d3a2d e-con-full e-flex e-con e-parent\" data-id=\"46d3a2d\" data-element_type=\"container\" data-e-type=\"container\" data-settings=\"{&quot;background_background&quot;:&quot;classic&quot;}\">\n\t\t\t\t<div class=\"elementor-element elementor-element-1b7cde0 elementor-widget elementor-widget-text-editor\" data-id=\"1b7cde0\" data-element_type=\"widget\" data-e-type=\"widget\" data-widget_type=\"text-editor.default\">\n\t\t\t\t<div class=\"elementor-widget-container\">\n\t\t\t\t\t\t\t\t\t<h3>Ihr Serviceteam<\/h3>\n<p>Unsere Fachabteilung hilft gerne bei der Beantwortung Ihrer Fragen, ber\u00e4t Sie zu Produkten, erstellt Ihnen ein pers\u00f6nliches Angebot oder eine individuelle Projektplanung.<\/p>\t\t\t\t\t\t\t\t<\/div>\n\t\t\t\t<\/div>\n\t\t<div data-particle_enable=\"false\" data-particle-mobile-disabled=\"false\" class=\"elementor-element elementor-element-f5fcd95 e-flex e-con-boxed e-con e-parent\" data-id=\"f5fcd95\" data-element_type=\"container\" data-e-type=\"container\">\n\t\t\t\t\t<div class=\"e-con-inner\">\n\t\t\t\t<div class=\"elementor-element elementor-element-35cbe1b elementor-widget elementor-widget-image\" data-id=\"35cbe1b\" data-element_type=\"widget\" data-e-type=\"widget\" data-widget_type=\"image.default\">\n\t\t\t\t<div class=\"elementor-widget-container\">\n\t\t\t\t\t\t\t\t\t\t\t\t\t\t\t<img decoding=\"async\" width=\"150\" height=\"150\" src=\"https:\/\/konferenztechnik.de\/wp-content\/uploads\/2021\/08\/Monika-van-den-Boogaard-PCS-GmbH-konferenztechnik-small.jpg\" class=\"attachment-full size-full wp-image-18125\" alt=\"Monika van den Boogaard, Projektberaterin PCS\" title=\"\">\t\t\t\t\t\t\t\t\t\t\t\t\t\t\t<\/div>\n\t\t\t\t<\/div>\n\t\t\t\t<div class=\"elementor-element elementor-element-de96823 elementor-widget elementor-widget-image\" data-id=\"de96823\" data-element_type=\"widget\" data-e-type=\"widget\" data-widget_type=\"image.default\">\n\t\t\t\t<div class=\"elementor-widget-container\">\n\t\t\t\t\t\t\t\t\t\t\t\t\t\t\t<img decoding=\"async\" width=\"150\" height=\"150\" src=\"https:\/\/konferenztechnik.de\/wp-content\/uploads\/2021\/08\/Sebastian-Meyer-PCS-GmbH-konferenztechnik-small.jpg\" class=\"attachment-full size-full wp-image-18120\" alt=\"Sebastian Meyer, Projektplaner PCS\" title=\"\">\t\t\t\t\t\t\t\t\t\t\t\t\t\t\t<\/div>\n\t\t\t\t<\/div>\n\t\t\t\t<div class=\"elementor-element elementor-element-316cc9b elementor-widget elementor-widget-image\" data-id=\"316cc9b\" data-element_type=\"widget\" data-e-type=\"widget\" data-widget_type=\"image.default\">\n\t\t\t\t<div class=\"elementor-widget-container\">\n\t\t\t\t\t\t\t\t\t\t\t\t\t\t\t<img loading=\"lazy\" decoding=\"async\" width=\"150\" height=\"150\" src=\"https:\/\/konferenztechnik.de\/wp-content\/uploads\/2021\/06\/sebastian-gegusch-pcs-gmbh.jpg\" class=\"attachment-full size-full wp-image-17774\" alt=\"Sebastian Gegusch-Gautier, Projektberater PCS\" title=\"\">\t\t\t\t\t\t\t\t\t\t\t\t\t\t\t<\/div>\n\t\t\t\t<\/div>\n\t\t\t\t\t<\/div>\n\t\t\t\t<\/div>\n\t\t\t\t<div class=\"elementor-element elementor-element-f1b47e3 elementor-widget elementor-widget-text-editor\" data-id=\"f1b47e3\" data-element_type=\"widget\" data-e-type=\"widget\" data-widget_type=\"text-editor.default\">\n\t\t\t\t<div class=\"elementor-widget-container\">\n\t\t\t\t\t\t\t\t\t<p><a href=\"tel:08007274624\"><b>0800 727 46 24<\/b><\/a><br \/><a href=\"mailto:becker@konferenztechnik.de\">info@konferenztechnik.de<\/a><\/p>\t\t\t\t\t\t\t\t<\/div>\n\t\t\t\t<\/div>\n\t\t\t\t<\/div>\n\t\t<div data-particle_enable=\"false\" data-particle-mobile-disabled=\"false\" class=\"elementor-element elementor-element-2164f3c e-con-full e-flex e-con e-parent\" data-id=\"2164f3c\" data-element_type=\"container\" data-e-type=\"container\">\n\t\t\t\t<div class=\"elementor-element elementor-element-f55b3a4 elementor-widget elementor-widget-text-editor\" data-id=\"f55b3a4\" data-element_type=\"widget\" data-e-type=\"widget\" data-widget_type=\"text-editor.default\">\n\t\t\t\t<div class=\"elementor-widget-container\">\n\t\t\t\t\t\t\t\t\t<h3>R\u00fcckrufservice<\/h3>\t\t\t\t\t\t\t\t<\/div>\n\t\t\t\t<\/div>\n\t\t\t\t<div class=\"elementor-element elementor-element-1f4b959 elementor-button-align-stretch elementor-widget elementor-widget-form\" data-id=\"1f4b959\" data-element_type=\"widget\" data-e-type=\"widget\" data-settings=\"{&quot;step_next_label&quot;:&quot;N\\u00e4chster&quot;,&quot;step_previous_label&quot;:&quot;Voriger&quot;,&quot;button_width&quot;:&quot;100&quot;,&quot;step_type&quot;:&quot;number_text&quot;,&quot;step_icon_shape&quot;:&quot;circle&quot;}\" data-widget_type=\"form.default\">\n\t\t\t\t<div class=\"elementor-widget-container\">\n\t\t\t\t\t\t\t<form class=\"elementor-form\" method=\"post\" name=\"R\u00fcckruf Chris\" aria-label=\"R\u00fcckruf Chris\">\n\t\t\t<input type=\"hidden\" name=\"post_id\" value=\"21411\"\/>\n\t\t\t<input type=\"hidden\" name=\"form_id\" value=\"1f4b959\"\/>\n\t\t\t<input type=\"hidden\" name=\"referer_title\" value=\"\" \/>\n\n\t\t\t\n\t\t\t<div class=\"elementor-form-fields-wrapper elementor-labels-above\">\n\t\t\t\t\t\t\t\t<div class=\"elementor-field-type-tel elementor-field-group elementor-column elementor-field-group-name elementor-col-100 elementor-field-required\">\n\t\t\t\t\t\t\t\t\t\t\t\t<label for=\"form-field-name\" class=\"elementor-field-label\">\n\t\t\t\t\t\t\t\tIhre Rufnummer\t\t\t\t\t\t\t<\/label>\n\t\t\t\t\t\t\t\t<input size=\"1\" type=\"tel\" name=\"form_fields[name]\" id=\"form-field-name\" class=\"elementor-field elementor-size-sm  elementor-field-textual\" required=\"required\" pattern=\"[0-9()#&amp;+*-=.]+\" title=\"\u041f\u0440\u0438\u043d\u0438\u043c\u0430\u044e\u0442\u0441\u044f \u0442\u043e\u043b\u044c\u043a\u043e \u0446\u0438\u0444\u0440\u044b \u0438 \u0442\u0435\u043b\u0435\u0444\u043e\u043d\u043d\u044b\u0435 \u0441\u0438\u043c\u0432\u043e\u043b\u044b (#, -, * \u0438 \u0442. \u0434.).\">\n\n\t\t\t\t\t\t<\/div>\n\t\t\t\t\t\t\t\t<div class=\"elementor-field-type-text elementor-field-group elementor-column elementor-field-group-email elementor-col-100 elementor-field-required\">\n\t\t\t\t\t\t\t\t\t\t\t\t<label for=\"form-field-email\" class=\"elementor-field-label\">\n\t\t\t\t\t\t\t\tIhr Name\t\t\t\t\t\t\t<\/label>\n\t\t\t\t\t\t\t\t\t\t\t\t\t\t<input size=\"1\" type=\"text\" name=\"form_fields[email]\" id=\"form-field-email\" class=\"elementor-field elementor-size-sm  elementor-field-textual\" required=\"required\">\n\t\t\t\t\t\t\t\t\t\t\t<\/div>\n\t\t\t\t\t\t\t\t<div class=\"elementor-field-type-textarea elementor-field-group elementor-column elementor-field-group-message elementor-col-100\">\n\t\t\t\t\t\t\t\t\t\t\t\t<label for=\"form-field-message\" class=\"elementor-field-label\">\n\t\t\t\t\t\t\t\tIhre Nachricht\t\t\t\t\t\t\t<\/label>\n\t\t\t\t\t\t<textarea class=\"elementor-field-textual elementor-field  elementor-size-sm\" name=\"form_fields[message]\" id=\"form-field-message\" rows=\"4\"><\/textarea>\t\t\t\t<\/div>\n\t\t\t\t\t\t\t\t<div class=\"elementor-field-group elementor-column elementor-field-type-submit elementor-col-100 e-form__buttons\">\n\t\t\t\t\t<button class=\"elementor-button elementor-size-sm elementor-animation-shrink\" type=\"submit\">\n\t\t\t\t\t\t<span class=\"elementor-button-content-wrapper\">\n\t\t\t\t\t\t\t\t\t\t\t\t\t\t\t\t\t\t\t\t\t\t<span class=\"elementor-button-text\">Senden<\/span>\n\t\t\t\t\t\t\t\t\t\t\t\t\t<\/span>\n\t\t\t\t\t<\/button>\n\t\t\t\t<\/div>\n\t\t\t<\/div>\n\t\t<\/form>\n\t\t\t\t\t\t<\/div>\n\t\t\t\t<\/div>\n\t\t\t\t<\/div>\n\t\t\t\t<\/div>\n\t\t\t\t\t<\/div>\n\t\t\t\t<\/div>\n\t\t<div data-particle_enable=\"false\" data-particle-mobile-disabled=\"false\" class=\"elementor-element elementor-element-96402b8 e-flex e-con-boxed e-con e-parent\" data-id=\"96402b8\" data-element_type=\"container\" data-e-type=\"container\">\n\t\t\t\t\t<div class=\"e-con-inner\">\n\t\t\t\t<div class=\"elementor-element elementor-element-27529f3 elementor-widget elementor-widget-shortcode\" data-id=\"27529f3\" data-element_type=\"widget\" data-e-type=\"widget\" data-widget_type=\"shortcode.default\">\n\t\t\t\t<div class=\"elementor-widget-container\">\n\t\t\t\t\t\t\t<div class=\"elementor-shortcode\">\t\t<div data-elementor-type=\"container\" data-elementor-id=\"29098\" class=\"elementor elementor-29098\" data-elementor-post-type=\"elementor_library\">\n\t\t\t\t<div data-particle_enable=\"false\" data-particle-mobile-disabled=\"false\" class=\"elementor-element elementor-element-699d0d1a e-flex e-con-boxed e-con e-parent\" data-id=\"699d0d1a\" data-element_type=\"container\" data-e-type=\"container\">\n\t\t\t\t\t<div class=\"e-con-inner\">\n\t\t\t\t<div class=\"elementor-element elementor-element-11f236ba elementor-widget elementor-widget-post-navigation\" data-id=\"11f236ba\" data-element_type=\"widget\" data-e-type=\"widget\" data-widget_type=\"post-navigation.default\">\n\t\t\t\t<div class=\"elementor-widget-container\">\n\t\t\t\t\t\t\t<div class=\"elementor-post-navigation\" role=\"navigation\" aria-label=\"\u041d\u0430\u0432\u0438\u0433\u0430\u0446\u0438\u044f \u0437\u0430\u043f\u0438\u0441\u0438\">\n\t\t\t<div class=\"elementor-post-navigation__prev elementor-post-navigation__link\">\n\t\t\t\t<a href=\"https:\/\/konferenztechnik.de\/ru\/%d0%bf%d1%80%d0%be%d0%ba%d0%b0%d1%82-%d0%b0%d1%83%d0%b4%d0%b8%d0%be-%d0%b8-%d0%b2%d0%b8%d0%b4%d0%b5%d0%be%d0%be%d0%b1%d0%be%d1%80%d1%83%d0%b4%d0%be%d0%b2%d0%b0%d0%bd%d0%b8%d1%8f-av-%d0%ba%d1%83%d0%bf\/\" rel=\"prev\"><span class=\"post-navigation__arrow-wrapper post-navigation__arrow-prev\"><svg aria-hidden=\"true\" class=\"e-font-icon-svg e-fas-arrow-left\" viewBox=\"0 0 448 512\" xmlns=\"http:\/\/www.w3.org\/2000\/svg\"><path d=\"M257.5 445.1l-22.2 22.2c-9.4 9.4-24.6 9.4-33.9 0L7 273c-9.4-9.4-9.4-24.6 0-33.9L201.4 44.7c9.4-9.4 24.6-9.4 33.9 0l22.2 22.2c9.5 9.5 9.3 25-.4 34.3L136.6 216H424c13.3 0 24 10.7 24 24v32c0 13.3-10.7 24-24 24H136.6l120.5 114.8c9.8 9.3 10 24.8.4 34.3z\"><\/path><\/svg><span class=\"elementor-screen-only\">\u041f\u0440\u0435\u0434<\/span><\/span><span class=\"elementor-post-navigation__link__prev\"><span class=\"post-navigation__prev--label\">Voriger<\/span><span class=\"post-navigation__prev--title\">AV: Audio- und Videotechnik<\/span><\/span><\/a>\t\t\t<\/div>\n\t\t\t\t\t\t<div class=\"elementor-post-navigation__next elementor-post-navigation__link\">\n\t\t\t\t<a href=\"https:\/\/konferenztechnik.de\/ru\/%d1%86%d0%b5%d0%bb%d0%b5%d0%b2%d1%8b%d0%b5-%d1%81%d1%82%d1%80%d0%b0%d0%bd%d0%b8%d1%86%d1%8b-%d0%b4%d0%bb%d1%8f-%d0%bc%d0%b5%d1%80%d0%be%d0%bf%d1%80%d0%b8%d1%8f%d1%82%d0%b8%d0%b9-%d0%b2%d0%b8%d1%80\/\" rel=\"next\"><span class=\"elementor-post-navigation__link__next\"><span class=\"post-navigation__next--label\">N\u00e4chster<\/span><span class=\"post-navigation__next--title\">Landingpages f\u00fcr Events, virtuelle Eventplattformen<\/span><\/span><span class=\"post-navigation__arrow-wrapper post-navigation__arrow-next\"><svg aria-hidden=\"true\" class=\"e-font-icon-svg e-fas-arrow-right\" viewBox=\"0 0 448 512\" xmlns=\"http:\/\/www.w3.org\/2000\/svg\"><path d=\"M190.5 66.9l22.2-22.2c9.4-9.4 24.6-9.4 33.9 0L441 239c9.4 9.4 9.4 24.6 0 33.9L246.6 467.3c-9.4 9.4-24.6 9.4-33.9 0l-22.2-22.2c-9.5-9.5-9.3-25 .4-34.3L311.4 296H24c-13.3 0-24-10.7-24-24v-32c0-13.3 10.7-24 24-24h287.4L190.9 101.2c-9.8-9.3-10-24.8-.4-34.3z\"><\/path><\/svg><span class=\"elementor-screen-only\">\u0421\u043b\u0435\u0434\u0443\u044e\u0449\u0430\u044f<\/span><\/span><\/a>\t\t\t<\/div>\n\t\t<\/div>\n\t\t\t\t\t\t<\/div>\n\t\t\t\t<\/div>\n\t\t\t\t<div class=\"elementor-element elementor-element-81a2b13 elementor-align-center elementor-icon-list--layout-traditional elementor-list-item-link-full_width elementor-widget elementor-widget-icon-list\" data-id=\"81a2b13\" data-element_type=\"widget\" data-e-type=\"widget\" data-widget_type=\"icon-list.default\">\n\t\t\t\t<div class=\"elementor-widget-container\">\n\t\t\t\t\t\t\t<ul class=\"elementor-icon-list-items\">\n\t\t\t\t\t\t\t<li class=\"elementor-icon-list-item\">\n\t\t\t\t\t\t\t\t\t\t\t<a href=\"\/news\">\n\n\t\t\t\t\t\t\t\t\t\t\t\t<span class=\"elementor-icon-list-icon\">\n\t\t\t\t\t\t\t<svg xmlns=\"http:\/\/www.w3.org\/2000\/svg\" id=\"uuid-5a27b650-727a-4659-9d92-75e42c38903b\" viewBox=\"0 0 19.67 14.54\"><g id=\"uuid-40aca98c-811b-43af-9bb7-b3a092d9bdfe\"><rect x=\".03\" width=\"6\" height=\"6\" rx=\"2\" ry=\"2\" style=\"fill:currentColor\"><\/rect><rect x=\"6.85\" width=\"6\" height=\"7.65\" rx=\"2\" ry=\"2\" style=\"fill:currentColor\"><\/rect><rect x=\"13.67\" width=\"6\" height=\"6.51\" rx=\"2\" ry=\"2\" style=\"fill:currentColor\"><\/rect><rect y=\"7\" width=\"6\" height=\"7.55\" rx=\"2\" ry=\"2\" style=\"fill:currentColor\"><\/rect><rect x=\"13.64\" y=\"7.22\" width=\"6\" height=\"7.33\" rx=\"2\" ry=\"2\" style=\"fill:currentColor\"><\/rect><rect x=\"6.82\" y=\"8.54\" width=\"6\" height=\"6\" rx=\"2\" ry=\"2\" style=\"fill:currentColor\"><\/rect><\/g><\/svg>\t\t\t\t\t\t<\/span>\n\t\t\t\t\t\t\t\t\t\t<span class=\"elementor-icon-list-text\"><\/span>\n\t\t\t\t\t\t\t\t\t\t\t<\/a>\n\t\t\t\t\t\t\t\t\t<\/li>\n\t\t\t\t\t\t<\/ul>\n\t\t\t\t\t\t<\/div>\n\t\t\t\t<\/div>\n\t\t\t\t\t<\/div>\n\t\t\t\t<\/div>\n\t\t\t\t<\/div>\n\t\t<\/div>\n\t\t\t\t\t\t<\/div>\n\t\t\t\t<\/div>\n\t\t\t\t\t<\/div>\n\t\t\t\t<\/div>\n\t\t\t\t<\/div>\n\t\t","protected":false},"excerpt":{"rendered":"<p>MS Teams \u0442\u0435\u043f\u0435\u0440\u044c \u0442\u0430\u043a\u0436\u0435 \u043c\u043d\u043e\u0433\u043e\u044f\u0437\u044b\u0447\u043d\u0430\u044f \u0438 \u0441 \u0444\u0443\u043d\u043a\u0446\u0438\u0435\u0439 \"\u0441\u0438\u043d\u0445\u0440\u043e\u043d\u043d\u043e\u0433\u043e \u043f\u0435\u0440\u0435\u0432\u043e\u0434\u0430\"<\/p>","protected":false},"author":2,"featured_media":21474,"comment_status":"closed","ping_status":"closed","sticky":false,"template":"","format":"standard","meta":{"_acf_changed":false,"footnotes":""},"categories":[16,21,20],"tags":[],"class_list":["post-21411","post","type-post","status-publish","format-standard","has-post-thumbnail","hentry","category-digital-und-hybrid","category-events","category-populaer"],"acf":[],"_links":{"self":[{"href":"https:\/\/konferenztechnik.de\/ru\/wp-json\/wp\/v2\/posts\/21411","targetHints":{"allow":["GET"]}}],"collection":[{"href":"https:\/\/konferenztechnik.de\/ru\/wp-json\/wp\/v2\/posts"}],"about":[{"href":"https:\/\/konferenztechnik.de\/ru\/wp-json\/wp\/v2\/types\/post"}],"author":[{"embeddable":true,"href":"https:\/\/konferenztechnik.de\/ru\/wp-json\/wp\/v2\/users\/2"}],"replies":[{"embeddable":true,"href":"https:\/\/konferenztechnik.de\/ru\/wp-json\/wp\/v2\/comments?post=21411"}],"version-history":[{"count":0,"href":"https:\/\/konferenztechnik.de\/ru\/wp-json\/wp\/v2\/posts\/21411\/revisions"}],"wp:featuredmedia":[{"embeddable":true,"href":"https:\/\/konferenztechnik.de\/ru\/wp-json\/wp\/v2\/media\/21474"}],"wp:attachment":[{"href":"https:\/\/konferenztechnik.de\/ru\/wp-json\/wp\/v2\/media?parent=21411"}],"wp:term":[{"taxonomy":"category","embeddable":true,"href":"https:\/\/konferenztechnik.de\/ru\/wp-json\/wp\/v2\/categories?post=21411"},{"taxonomy":"post_tag","embeddable":true,"href":"https:\/\/konferenztechnik.de\/ru\/wp-json\/wp\/v2\/tags?post=21411"}],"curies":[{"name":"wp","href":"https:\/\/api.w.org\/{rel}","templated":true}]}}