{"id":49369,"date":"2026-01-30T16:44:53","date_gmt":"2026-01-30T15:44:53","guid":{"rendered":"https:\/\/konferenztechnik.de\/?p=49369"},"modified":"2026-01-30T17:09:29","modified_gmt":"2026-01-30T16:09:29","slug":"%d0%b1%d0%b5%d1%81%d0%bf%d1%80%d0%be%d0%b2%d0%be%d0%b4%d0%bd%d0%b0%d1%8f-%d0%ba%d0%be%d0%bd%d1%84%d0%b5%d1%80%d0%b5%d0%bd%d1%86-%d1%81%d0%b8%d1%81%d1%82%d0%b5%d0%bc%d0%b0-av-access-eshare-w90-4k","status":"publish","type":"post","link":"https:\/\/konferenztechnik.de\/ru\/%d0%b1%d0%b5%d1%81%d0%bf%d1%80%d0%be%d0%b2%d0%be%d0%b4%d0%bd%d0%b0%d1%8f-%d0%ba%d0%be%d0%bd%d1%84%d0%b5%d1%80%d0%b5%d0%bd%d1%86-%d1%81%d0%b8%d1%81%d1%82%d0%b5%d0%bc%d0%b0-av-access-eshare-w90-4k\/","title":{"rendered":"\u0411\u0435\u0441\u043f\u0440\u043e\u0432\u043e\u0434\u043d\u0430\u044f \u043a\u043e\u043d\u0444\u0435\u0440\u0435\u043d\u0446-\u0441\u0438\u0441\u0442\u0435\u043c\u0430 AV Access eShare W90 \u2013 4K"},"content":{"rendered":"\t\t<div data-elementor-type=\"wp-post\" data-elementor-id=\"49369\" class=\"elementor elementor-49369\" data-elementor-post-type=\"post\">\n\t\t\t\t<div data-particle_enable=\"false\" data-particle-mobile-disabled=\"false\" class=\"elementor-element elementor-element-59ad04c e-flex e-con-boxed e-con e-parent\" data-id=\"59ad04c\" data-element_type=\"container\" data-e-type=\"container\">\n\t\t\t\t\t<div class=\"e-con-inner\">\n\t\t<div data-particle_enable=\"false\" data-particle-mobile-disabled=\"false\" class=\"elementor-element elementor-element-be8f800 e-flex e-con-boxed e-con e-child\" data-id=\"be8f800\" data-element_type=\"container\" data-e-type=\"container\">\n\t\t\t\t\t<div class=\"e-con-inner\">\n\t\t\t\t<div class=\"elementor-element elementor-element-0afdee1 elementor-widget elementor-widget-heading\" data-id=\"0afdee1\" data-element_type=\"widget\" data-e-type=\"widget\" data-settings=\"{&quot;_animation&quot;:&quot;none&quot;}\" data-widget_type=\"heading.default\">\n\t\t\t\t<div class=\"elementor-widget-container\">\n\t\t\t\t\t<h1 class=\"elementor-heading-title elementor-size-default\">AV Access eShare W90 \u2013 4K Wireless Konferenzsystem f\u00fcr moderne Hybrid-Meetings<\/h1>\t\t\t\t<\/div>\n\t\t\t\t<\/div>\n\t\t\t\t\t<\/div>\n\t\t\t\t<\/div>\n\t\t<div data-particle_enable=\"false\" data-particle-mobile-disabled=\"false\" class=\"elementor-element elementor-element-80d832c e-grid e-con-boxed e-con e-child\" data-id=\"80d832c\" data-element_type=\"container\" data-e-type=\"container\">\n\t\t\t\t\t<div class=\"e-con-inner\">\n\t\t\t\t<div class=\"elementor-element elementor-element-99559f5 elementor-widget elementor-widget-image\" data-id=\"99559f5\" data-element_type=\"widget\" data-e-type=\"widget\" data-widget_type=\"image.default\">\n\t\t\t\t<div class=\"elementor-widget-container\">\n\t\t\t\t\t\t\t\t\t\t\t\t\t\t\t<img fetchpriority=\"high\" decoding=\"async\" width=\"800\" height=\"800\" src=\"https:\/\/konferenztechnik.de\/wp-content\/uploads\/2026\/01\/eshare-w90-wireless-4k-drahthlos-barco-clickshare-alternative-1024x1024.avif\" class=\"attachment-large size-large wp-image-49397\" alt=\"\" srcset=\"https:\/\/konferenztechnik.de\/wp-content\/uploads\/2026\/01\/eshare-w90-wireless-4k-drahthlos-barco-clickshare-alternative-1024x1024.avif 1024w, https:\/\/konferenztechnik.de\/wp-content\/uploads\/2026\/01\/eshare-w90-wireless-4k-drahthlos-barco-clickshare-alternative-300x300.avif 300w, https:\/\/konferenztechnik.de\/wp-content\/uploads\/2026\/01\/eshare-w90-wireless-4k-drahthlos-barco-clickshare-alternative-150x150.avif 150w, https:\/\/konferenztechnik.de\/wp-content\/uploads\/2026\/01\/eshare-w90-wireless-4k-drahthlos-barco-clickshare-alternative-768x768.avif 768w, https:\/\/konferenztechnik.de\/wp-content\/uploads\/2026\/01\/eshare-w90-wireless-4k-drahthlos-barco-clickshare-alternative-1536x1536.avif 1536w, https:\/\/konferenztechnik.de\/wp-content\/uploads\/2026\/01\/eshare-w90-wireless-4k-drahthlos-barco-clickshare-alternative-12x12.avif 12w, https:\/\/konferenztechnik.de\/wp-content\/uploads\/2026\/01\/eshare-w90-wireless-4k-drahthlos-barco-clickshare-alternative.avif 1600w\" sizes=\"(max-width: 800px) 100vw, 800px\" title=\"\">\t\t\t\t\t\t\t\t\t\t\t\t\t\t\t<\/div>\n\t\t\t\t<\/div>\n\t\t\t\t<div class=\"elementor-element elementor-element-477df0c content-align-cta-default elementor-widget elementor-widget-eael-cta-box\" data-id=\"477df0c\" data-element_type=\"widget\" data-e-type=\"widget\" data-widget_type=\"eael-cta-box.default\">\n\t\t\t\t<div class=\"elementor-widget-container\">\n\t\t\t\t\t\t\t<div class=\"eael-call-to-action cta-basic bg-lite cta-preset-1\">\n        <h2 class=\"title eael-cta-heading\">AV Access eShare W90<\/h2><p><img decoding=\"async\" class=\"alignnone wp-image-49297\" src=\"https:\/\/konferenztechnik.de\/wp-content\/uploads\/2026\/01\/neue-konferenztechnik.svg\" alt=\"\" width=\"99\" height=\"99\" title=\"\"><\/p><p>\u2022 Drahtlose Pr\u00e4sentation<\/p><p>\u2022 Quad\u2011View<\/p><p>\u2022 All\u2011in\u2011One\u2011USB\u2011C<\/p><p>\u2022 Dual\u2011HDMI\u2011Ausg\u00e4nge<\/p><p>\u2022\u00a0 Netzwerksegmentierung<\/p><a href=\"#kontaktbox\" class=\"cta-button cta-preset-1  \">Jetzt anfragen<\/a>\t<\/div>\n\t\t\t\t\t\t\t\t<\/div>\n\t\t\t\t<\/div>\n\t\t\t\t\t<\/div>\n\t\t\t\t<\/div>\n\t\t<div data-particle_enable=\"false\" data-particle-mobile-disabled=\"false\" class=\"elementor-element elementor-element-aaa82cd e-flex e-con-boxed e-con e-child\" data-id=\"aaa82cd\" data-element_type=\"container\" data-e-type=\"container\">\n\t\t\t\t\t<div class=\"e-con-inner\">\n\t\t\t\t<div class=\"elementor-element elementor-element-996ce7d elementor-widget__width-inherit elementor-widget elementor-widget-text-editor\" data-id=\"996ce7d\" data-element_type=\"widget\" data-e-type=\"widget\" data-widget_type=\"text-editor.default\">\n\t\t\t\t<div class=\"elementor-widget-container\">\n\t\t\t\t\t\t\t\t\t<p>Mit dem AV Access eShare W90 erweitern Sie Ihre Konferenztechnik um ein leistungsstarkes 4K\u2011Wireless\u2011Konferenzsystem. Drahtlose Inhaltsfreigabe, Quad-View\u2011Darstellung von bis zu vier Quellen gleichzeitig und eine vollwertige USB\u2011C\u2011Anbindung mit bis zu 65 W Laptop\u2011Ladung machen das System zu einer sehr interessanten Alternative zu Barco ClickShare.<\/p><p>\u00a0<\/p><p>Wir integrieren das eShare W90 nahtlos in Ihre bestehende Konferenz- und Medientechnik \u2013 von der Beratung \u00fcber die Planung bis zur Installation und Betreuung Ihrer Konferenzr\u00e4ume.<\/p>\t\t\t\t\t\t\t\t<\/div>\n\t\t\t\t<\/div>\n\t\t\t\t<div class=\"elementor-element elementor-element-c8b2497 elementor-toc--minimized-on-tablet elementor-widget elementor-widget-table-of-contents\" data-id=\"c8b2497\" data-element_type=\"widget\" data-e-type=\"widget\" data-settings=\"{&quot;headings_by_tags&quot;:[&quot;h2&quot;],&quot;no_headings_message&quot;:&quot;Es wurden keine \\u00dcberschriften auf dieser Seite gefunden.&quot;,&quot;marker_view&quot;:&quot;numbers&quot;,&quot;minimize_box&quot;:&quot;yes&quot;,&quot;minimized_on&quot;:&quot;tablet&quot;,&quot;hierarchical_view&quot;:&quot;yes&quot;,&quot;min_height&quot;:{&quot;unit&quot;:&quot;px&quot;,&quot;size&quot;:&quot;&quot;,&quot;sizes&quot;:[]},&quot;min_height_widescreen&quot;:{&quot;unit&quot;:&quot;px&quot;,&quot;size&quot;:&quot;&quot;,&quot;sizes&quot;:[]},&quot;min_height_laptop&quot;:{&quot;unit&quot;:&quot;px&quot;,&quot;size&quot;:&quot;&quot;,&quot;sizes&quot;:[]},&quot;min_height_tablet_extra&quot;:{&quot;unit&quot;:&quot;px&quot;,&quot;size&quot;:&quot;&quot;,&quot;sizes&quot;:[]},&quot;min_height_tablet&quot;:{&quot;unit&quot;:&quot;px&quot;,&quot;size&quot;:&quot;&quot;,&quot;sizes&quot;:[]},&quot;min_height_mobile&quot;:{&quot;unit&quot;:&quot;px&quot;,&quot;size&quot;:&quot;&quot;,&quot;sizes&quot;:[]}}\" data-widget_type=\"table-of-contents.default\">\n\t\t\t\t<div class=\"elementor-widget-container\">\n\t\t\t\t\t\t\t\t\t<div class=\"elementor-toc__header\">\n\t\t\t\t\t\t<h2 class=\"elementor-toc__header-title\">\n\t\t\t\tInhaltsverzeichnis\t\t\t<\/h2>\n\t\t\t\t\t\t\t\t\t\t<div class=\"elementor-toc__toggle-button elementor-toc__toggle-button--expand\" role=\"button\" tabindex=\"0\" aria-controls=\"elementor-toc__c8b2497\" aria-expanded=\"true\" aria-label=\"Open table of contents\"><svg aria-hidden=\"true\" class=\"e-font-icon-svg e-fas-chevron-down\" viewBox=\"0 0 448 512\" xmlns=\"http:\/\/www.w3.org\/2000\/svg\"><path d=\"M207.029 381.476L12.686 187.132c-9.373-9.373-9.373-24.569 0-33.941l22.667-22.667c9.357-9.357 24.522-9.375 33.901-.04L224 284.505l154.745-154.021c9.379-9.335 24.544-9.317 33.901.04l22.667 22.667c9.373 9.373 9.373 24.569 0 33.941L240.971 381.476c-9.373 9.372-24.569 9.372-33.942 0z\"><\/path><\/svg><\/div>\n\t\t\t\t<div class=\"elementor-toc__toggle-button elementor-toc__toggle-button--collapse\" role=\"button\" tabindex=\"0\" aria-controls=\"elementor-toc__c8b2497\" aria-expanded=\"true\" aria-label=\"Close table of contents\"><svg aria-hidden=\"true\" class=\"e-font-icon-svg e-fas-chevron-up\" viewBox=\"0 0 448 512\" xmlns=\"http:\/\/www.w3.org\/2000\/svg\"><path d=\"M240.971 130.524l194.343 194.343c9.373 9.373 9.373 24.569 0 33.941l-22.667 22.667c-9.357 9.357-24.522 9.375-33.901.04L224 227.495 69.255 381.516c-9.379 9.335-24.544 9.317-33.901-.04l-22.667-22.667c-9.373-9.373-9.373-24.569 0-33.941L207.03 130.525c9.372-9.373 24.568-9.373 33.941-.001z\"><\/path><\/svg><\/div>\n\t\t\t\t\t<\/div>\n\t\t\t\t<div id=\"elementor-toc__c8b2497\" class=\"elementor-toc__body\">\n\t\t\t<div class=\"elementor-toc__spinner-container\">\n\t\t\t\t<svg class=\"elementor-toc__spinner eicon-animation-spin e-font-icon-svg e-eicon-loading\" aria-hidden=\"true\" viewBox=\"0 0 1000 1000\" xmlns=\"http:\/\/www.w3.org\/2000\/svg\"><path d=\"M500 975V858C696 858 858 696 858 500S696 142 500 142 142 304 142 500H25C25 237 238 25 500 25S975 237 975 500 763 975 500 975Z\"><\/path><\/svg>\t\t\t<\/div>\n\t\t<\/div>\n\t\t\t\t\t\t<\/div>\n\t\t\t\t<\/div>\n\t\t\t\t\t<\/div>\n\t\t\t\t<\/div>\n\t\t<div data-particle_enable=\"false\" data-particle-mobile-disabled=\"false\" class=\"elementor-element elementor-element-b3ddd01 e-flex e-con-boxed e-con e-child\" data-id=\"b3ddd01\" data-element_type=\"container\" data-e-type=\"container\">\n\t\t\t\t\t<div class=\"e-con-inner\">\n\t\t\t\t<div class=\"elementor-element elementor-element-0064566 elementor-widget elementor-widget-heading\" data-id=\"0064566\" data-element_type=\"widget\" data-e-type=\"widget\" data-settings=\"{&quot;_animation&quot;:&quot;none&quot;}\" data-widget_type=\"heading.default\">\n\t\t\t\t<div class=\"elementor-widget-container\">\n\t\t\t\t\t<h2 class=\"elementor-heading-title elementor-size-default\">Warum ein Wireless Konferenzsystem wie eShare W90?<\/h2>\t\t\t\t<\/div>\n\t\t\t\t<\/div>\n\t\t\t\t<div class=\"elementor-element elementor-element-86d6d5b elementor-widget elementor-widget-image\" data-id=\"86d6d5b\" data-element_type=\"widget\" data-e-type=\"widget\" data-widget_type=\"image.default\">\n\t\t\t\t<div class=\"elementor-widget-container\">\n\t\t\t\t\t\t\t\t\t\t\t\t\t\t\t<img decoding=\"async\" width=\"1200\" height=\"538\" src=\"https:\/\/konferenztechnik.de\/wp-content\/uploads\/2026\/01\/eShare-W90-Wireless-Presentation-Conferencing-System-_-Top-Banner-_-NEW-1200x538-1.avif\" class=\"attachment-full size-full wp-image-49378\" alt=\"\" srcset=\"https:\/\/konferenztechnik.de\/wp-content\/uploads\/2026\/01\/eShare-W90-Wireless-Presentation-Conferencing-System-_-Top-Banner-_-NEW-1200x538-1.avif 1200w, https:\/\/konferenztechnik.de\/wp-content\/uploads\/2026\/01\/eShare-W90-Wireless-Presentation-Conferencing-System-_-Top-Banner-_-NEW-1200x538-1-300x135.avif 300w, https:\/\/konferenztechnik.de\/wp-content\/uploads\/2026\/01\/eShare-W90-Wireless-Presentation-Conferencing-System-_-Top-Banner-_-NEW-1200x538-1-1024x459.avif 1024w, https:\/\/konferenztechnik.de\/wp-content\/uploads\/2026\/01\/eShare-W90-Wireless-Presentation-Conferencing-System-_-Top-Banner-_-NEW-1200x538-1-768x344.avif 768w, https:\/\/konferenztechnik.de\/wp-content\/uploads\/2026\/01\/eShare-W90-Wireless-Presentation-Conferencing-System-_-Top-Banner-_-NEW-1200x538-1-18x8.avif 18w\" sizes=\"(max-width: 1200px) 100vw, 1200px\" title=\"\">\t\t\t\t\t\t\t\t\t\t\t\t\t\t\t<\/div>\n\t\t\t\t<\/div>\n\t\t\t\t<div class=\"elementor-element elementor-element-74974da elementor-widget__width-inherit elementor-widget elementor-widget-text-editor\" data-id=\"74974da\" data-element_type=\"widget\" data-e-type=\"widget\" data-widget_type=\"text-editor.default\">\n\t\t\t\t<div class=\"elementor-widget-container\">\n\t\t\t\t\t\t\t\t\t<p>Hybrid-Meetings geh\u00f6ren l\u00e4ngst zum Standard. Gleichzeitig sollen Konferenzr\u00e4ume einfach funktionieren \u2013 ohne Adapterchaos, komplizierte Umschaltungen oder zeitaufw\u00e4ndige Technik-Einweisungen.<\/p><p>\u00a0<\/p><p>Das eShare W90 adressiert genau diese Punkte:<\/p><p>\u00a0<\/p><ul><li>Drahtlose Pr\u00e4sentation statt Kabelsalat<\/li><\/ul><ul><li>Einfache Bedienung f\u00fcr alle Teilnehmer*innen (BYOD: Laptop, Tablet, Smartphone)<\/li><\/ul><ul><li>Sichere Trennung von Firmen- und Gastnetzwerk<\/li><\/ul><ul><li>Effizientere Zusammenarbeit durch gleichzeitige Anzeige mehrerer Inhalte<\/li><\/ul><p>F\u00fcr Unternehmen, Verwaltungen, Bildungseinrichtungen oder Verb\u00e4nde, die ein flexibles Wireless Konferenzsystem suchen, ist das eShare W90 eine \u00e4u\u00dferst attraktive L\u00f6sung.<\/p>\t\t\t\t\t\t\t\t<\/div>\n\t\t\t\t<\/div>\n\t\t\t\t<div class=\"elementor-element elementor-element-69fb1fd elementor-widget elementor-widget-heading\" data-id=\"69fb1fd\" data-element_type=\"widget\" data-e-type=\"widget\" data-settings=\"{&quot;_animation&quot;:&quot;none&quot;}\" data-widget_type=\"heading.default\">\n\t\t\t\t<div class=\"elementor-widget-container\">\n\t\t\t\t\t<h2 class=\"elementor-heading-title elementor-size-default\">Die wichtigsten Funktionen des AV Access eShare W90<\/h2>\t\t\t\t<\/div>\n\t\t\t\t<\/div>\n\t\t\t\t<div class=\"elementor-element elementor-element-9e75cd9 elementor-widget elementor-widget-heading\" data-id=\"9e75cd9\" data-element_type=\"widget\" data-e-type=\"widget\" data-settings=\"{&quot;_animation&quot;:&quot;none&quot;}\" data-widget_type=\"heading.default\">\n\t\t\t\t<div class=\"elementor-widget-container\">\n\t\t\t\t\t<h3 class=\"elementor-heading-title elementor-size-default\">All-in-One USB\u2011C \u2013 ein Kabel f\u00fcr alles<\/h3>\t\t\t\t<\/div>\n\t\t\t\t<\/div>\n\t\t\t\t<div class=\"elementor-element elementor-element-0126caf elementor-cta--skin-cover elementor-cta--valign-bottom elementor-widget elementor-widget-call-to-action\" data-id=\"0126caf\" data-element_type=\"widget\" data-e-type=\"widget\" data-widget_type=\"call-to-action.default\">\n\t\t\t\t<div class=\"elementor-widget-container\">\n\t\t\t\t\t\t\t<div class=\"elementor-cta\">\n\t\t\t\t\t<div class=\"elementor-cta__bg-wrapper\">\n\t\t\t\t<div class=\"elementor-cta__bg elementor-bg\" style=\"background-image: url(https:\/\/konferenztechnik.de\/wp-content\/uploads\/2026\/01\/konferenzzentrale-usb-c-4k.avif);\" role=\"img\" aria-label=\"konferenzzentrale-usb-c--4k\"><\/div>\n\t\t\t\t<div class=\"elementor-cta__bg-overlay\"><\/div>\n\t\t\t<\/div>\n\t\t\t\t\t\t\t<div class=\"elementor-cta__content\">\n\t\t\t\t\n\t\t\t\t\n\t\t\t\t\n\t\t\t\t\t\t\t\t\t<div class=\"elementor-cta__button-wrapper elementor-cta__content-item elementor-content-item \">\n\t\t\t\t\t<a class=\"elementor-cta__button elementor-button elementor-size-lg\" href=\"#kontaktbox\">\n\t\t\t\t\t\tJetzt anfragen\t\t\t\t\t<\/a>\n\t\t\t\t\t<\/div>\n\t\t\t\t\t\t\t<\/div>\n\t\t\t\t\t\t<\/div>\n\t\t\t\t\t\t<\/div>\n\t\t\t\t<\/div>\n\t\t\t\t<div class=\"elementor-element elementor-element-7458fb0 elementor-widget__width-inherit elementor-widget elementor-widget-text-editor\" data-id=\"7458fb0\" data-element_type=\"widget\" data-e-type=\"widget\" data-widget_type=\"text-editor.default\">\n\t\t\t\t<div class=\"elementor-widget-container\">\n\t\t\t\t\t\t\t\t\t<p>Der vollwertige USB\u2011C\u2011Port des eShare W90 \u00fcbernimmt in einem einzigen Kabel:<\/p><p>\u00a0<\/p><ul><li>\u00dcbertragung von Video und Audio in 4K<\/li><\/ul><ul><li>USB\u2011Datenanbindung (z. B. f\u00fcr Webcam, Video\u2011Bar, Speakerphone)<\/li><\/ul><ul><li>Netzwerkzugang (Gigabit Ethernet)<\/li><\/ul><ul><li>Laptop-Ladung mit bis zu 65 W<\/li><\/ul><p>Teilnehmer*innen verbinden einfach ihr Notebook per USB\u2011C mit der Konferenztechnik \u2013 Pr\u00e4sentation starten, Netzwerk nutzen und gleichzeitig laden.<\/p>\t\t\t\t\t\t\t\t<\/div>\n\t\t\t\t<\/div>\n\t\t\t\t<div class=\"elementor-element elementor-element-14cd03c elementor-widget elementor-widget-spacer\" data-id=\"14cd03c\" data-element_type=\"widget\" data-e-type=\"widget\" data-widget_type=\"spacer.default\">\n\t\t\t\t<div class=\"elementor-widget-container\">\n\t\t\t\t\t\t\t<div class=\"elementor-spacer\">\n\t\t\t<div class=\"elementor-spacer-inner\"><\/div>\n\t\t<\/div>\n\t\t\t\t\t\t<\/div>\n\t\t\t\t<\/div>\n\t\t\t\t<div class=\"elementor-element elementor-element-e1f6e3c elementor-widget elementor-widget-heading\" data-id=\"e1f6e3c\" data-element_type=\"widget\" data-e-type=\"widget\" data-settings=\"{&quot;_animation&quot;:&quot;none&quot;}\" data-widget_type=\"heading.default\">\n\t\t\t\t<div class=\"elementor-widget-container\">\n\t\t\t\t\t<h2 class=\"elementor-heading-title elementor-size-default\">Dual HDMI und Quad-View f\u00fcr mehr \u00dcbersicht<\/h2>\t\t\t\t<\/div>\n\t\t\t\t<\/div>\n\t\t\t\t<div class=\"elementor-element elementor-element-df7f8d4 elementor-widget elementor-widget-image\" data-id=\"df7f8d4\" data-element_type=\"widget\" data-e-type=\"widget\" data-widget_type=\"image.default\">\n\t\t\t\t<div class=\"elementor-widget-container\">\n\t\t\t\t\t\t\t\t\t\t\t\t\t\t\t<img loading=\"lazy\" decoding=\"async\" width=\"800\" height=\"653\" src=\"https:\/\/konferenztechnik.de\/wp-content\/uploads\/2026\/01\/quad-display-4k-1024x836.avif\" class=\"attachment-large size-large wp-image-49380\" alt=\"\" srcset=\"https:\/\/konferenztechnik.de\/wp-content\/uploads\/2026\/01\/quad-display-4k-1024x836.avif 1024w, https:\/\/konferenztechnik.de\/wp-content\/uploads\/2026\/01\/quad-display-4k-300x245.avif 300w, https:\/\/konferenztechnik.de\/wp-content\/uploads\/2026\/01\/quad-display-4k-768x627.avif 768w, https:\/\/konferenztechnik.de\/wp-content\/uploads\/2026\/01\/quad-display-4k-15x12.avif 15w, https:\/\/konferenztechnik.de\/wp-content\/uploads\/2026\/01\/quad-display-4k.avif 1536w\" sizes=\"(max-width: 800px) 100vw, 800px\" title=\"\">\t\t\t\t\t\t\t\t\t\t\t\t\t\t\t<\/div>\n\t\t\t\t<\/div>\n\t\t\t\t<div class=\"elementor-element elementor-element-a5d5df3 elementor-widget__width-inherit elementor-widget elementor-widget-text-editor\" data-id=\"a5d5df3\" data-element_type=\"widget\" data-e-type=\"widget\" data-widget_type=\"text-editor.default\">\n\t\t\t\t<div class=\"elementor-widget-container\">\n\t\t\t\t\t\t\t\t\t<p>F\u00fcr die Anzeige im Raum stehen zwei HDMI\u2011Ausg\u00e4nge zur Verf\u00fcgung. So k\u00f6nnen Sie:<\/p><p>\u00a0<\/p><ul><li>Einen oder zwei Displays \/ Projektoren ansteuern<\/li><\/ul><ul><li>Unterschiedliche Inhalte parallel auf zwei Bildschirmen zeigen<\/li><\/ul><ul><li>Im Quad\u2011View\u2011Modus bis zu vier Quellen gleichzeitig auf einem Display darstellen<\/li><\/ul><p>Gerade bei Projektvergleichen, Workshops, agilem Arbeiten oder Vorstandspr\u00e4sentationen ist diese Quad-View\u2011Funktion ein deutlicher Mehrwert gegen\u00fcber vielen klassischen Pr\u00e4sentationssystemen.<\/p>\t\t\t\t\t\t\t\t<\/div>\n\t\t\t\t<\/div>\n\t\t\t\t<div class=\"elementor-element elementor-element-5a292fb elementor-widget elementor-widget-spacer\" data-id=\"5a292fb\" data-element_type=\"widget\" data-e-type=\"widget\" data-widget_type=\"spacer.default\">\n\t\t\t\t<div class=\"elementor-widget-container\">\n\t\t\t\t\t\t\t<div class=\"elementor-spacer\">\n\t\t\t<div class=\"elementor-spacer-inner\"><\/div>\n\t\t<\/div>\n\t\t\t\t\t\t<\/div>\n\t\t\t\t<\/div>\n\t\t\t\t<div class=\"elementor-element elementor-element-c0711c2 elementor-widget elementor-widget-heading\" data-id=\"c0711c2\" data-element_type=\"widget\" data-e-type=\"widget\" data-settings=\"{&quot;_animation&quot;:&quot;none&quot;}\" data-widget_type=\"heading.default\">\n\t\t\t\t<div class=\"elementor-widget-container\">\n\t\t\t\t\t<h2 class=\"elementor-heading-title elementor-size-default\">Drahtlose Konferenzen mit einem Klick<\/h2>\t\t\t\t<\/div>\n\t\t\t\t<\/div>\n\t\t\t\t<div class=\"elementor-element elementor-element-2034039 elementor-widget elementor-widget-image\" data-id=\"2034039\" data-element_type=\"widget\" data-e-type=\"widget\" data-widget_type=\"image.default\">\n\t\t\t\t<div class=\"elementor-widget-container\">\n\t\t\t\t\t\t\t\t\t\t\t\t\t\t\t<img loading=\"lazy\" decoding=\"async\" width=\"938\" height=\"784\" src=\"https:\/\/konferenztechnik.de\/wp-content\/uploads\/2026\/01\/eShare-D30-dongle.avif\" class=\"attachment-full size-full wp-image-49381\" alt=\"\" srcset=\"https:\/\/konferenztechnik.de\/wp-content\/uploads\/2026\/01\/eShare-D30-dongle.avif 938w, https:\/\/konferenztechnik.de\/wp-content\/uploads\/2026\/01\/eShare-D30-dongle-300x251.avif 300w, https:\/\/konferenztechnik.de\/wp-content\/uploads\/2026\/01\/eShare-D30-dongle-768x642.avif 768w, https:\/\/konferenztechnik.de\/wp-content\/uploads\/2026\/01\/eShare-D30-dongle-14x12.avif 14w\" sizes=\"(max-width: 938px) 100vw, 938px\" title=\"\">\t\t\t\t\t\t\t\t\t\t\t\t\t\t\t<\/div>\n\t\t\t\t<\/div>\n\t\t\t\t<div class=\"elementor-element elementor-element-43ecf91 elementor-widget__width-inherit elementor-widget elementor-widget-text-editor\" data-id=\"43ecf91\" data-element_type=\"widget\" data-e-type=\"widget\" data-widget_type=\"text-editor.default\">\n\t\t\t\t<div class=\"elementor-widget-container\">\n\t\t\t\t\t\t\t\t\t<p>In Kombination mit dem USB\u2011C\u2011Dongle (eShare D30) wird das eShare W90 zur Wireless Conferencing L\u00f6sung.\u00a0<span style=\"background-color: transparent;\">Einmal koppeln, dann per Knopfdruck starten:<br \/><br \/><\/span><\/p><ul><li>Drahtlose Steuerung von USB\u2011Konferenzger\u00e4ten wie<\/li><\/ul><ul><li>Konferenzkameras<\/li><\/ul><ul><li>Video\u2011Bars<\/li><\/ul><ul><li>Freisprecheinrichtungen<\/li><\/ul><ul><li>Touchdisplays<\/li><\/ul><ul><li>Videokonferenzen ohne st\u00e4ndiges Umstecken von USB\u2011Kabeln<\/li><\/ul><p>Damit wird Ihr Konferenzraum zur komfortablen L\u00f6sung f\u00fcr hybride Meetings \u00fcber Microsoft Teams, Zoom, Webex und andere g\u00e4ngige Videokonferenzplattformen.<\/p>\t\t\t\t\t\t\t\t<\/div>\n\t\t\t\t<\/div>\n\t\t\t\t<div class=\"elementor-element elementor-element-0a18cc0 elementor-widget elementor-widget-heading\" data-id=\"0a18cc0\" data-element_type=\"widget\" data-e-type=\"widget\" data-settings=\"{&quot;_animation&quot;:&quot;none&quot;}\" data-widget_type=\"heading.default\">\n\t\t\t\t<div class=\"elementor-widget-container\">\n\t\t\t\t\t<h3 class=\"elementor-heading-title elementor-size-default\">Integrierter USB\u2011Hub f\u00fcr Konferenztechnik<\/h3>\t\t\t\t<\/div>\n\t\t\t\t<\/div>\n\t\t\t\t<div class=\"elementor-element elementor-element-9b9ce25 elementor-widget__width-inherit elementor-widget elementor-widget-text-editor\" data-id=\"9b9ce25\" data-element_type=\"widget\" data-e-type=\"widget\" data-widget_type=\"text-editor.default\">\n\t\t\t\t<div class=\"elementor-widget-container\">\n\t\t\t\t\t\t\t\t\t<p>\u00dcber den integrierten USB\u20113.0\u2011Hub binden Sie Ihre Konferenz- und AV\u2011Technik direkt am System an, zum Beispiel:<\/p><p>\u00a0<\/p><ul><li>PTZ\u2011 oder 4K\u2011Konferenzkameras<\/li><\/ul><ul><li>Konferenzlautsprecher \/ Speakerphones<\/li><\/ul><ul><li>Video\u2011Bars<\/li><\/ul><ul><li>Interaktive Displays \/ Touchdisplays<\/li><\/ul><p>So wird das eShare W90 zur zentralen Schaltstelle f\u00fcr Ihre Konferenztechnik im Raum.<\/p>\t\t\t\t\t\t\t\t<\/div>\n\t\t\t\t<\/div>\n\t\t\t\t<div class=\"elementor-element elementor-element-20f3448 elementor-widget elementor-widget-image\" data-id=\"20f3448\" data-element_type=\"widget\" data-e-type=\"widget\" data-widget_type=\"image.default\">\n\t\t\t\t<div class=\"elementor-widget-container\">\n\t\t\t\t\t\t\t\t\t\t\t\t\t\t\t<img loading=\"lazy\" decoding=\"async\" width=\"800\" height=\"645\" src=\"https:\/\/konferenztechnik.de\/wp-content\/uploads\/2026\/01\/verbindungen-eShare-W90-1024x825.avif\" class=\"attachment-large size-large wp-image-49382\" alt=\"\" srcset=\"https:\/\/konferenztechnik.de\/wp-content\/uploads\/2026\/01\/verbindungen-eShare-W90-1024x825.avif 1024w, https:\/\/konferenztechnik.de\/wp-content\/uploads\/2026\/01\/verbindungen-eShare-W90-300x242.avif 300w, https:\/\/konferenztechnik.de\/wp-content\/uploads\/2026\/01\/verbindungen-eShare-W90-768x619.avif 768w, https:\/\/konferenztechnik.de\/wp-content\/uploads\/2026\/01\/verbindungen-eShare-W90-1536x1237.avif 1536w, https:\/\/konferenztechnik.de\/wp-content\/uploads\/2026\/01\/verbindungen-eShare-W90-15x12.avif 15w, https:\/\/konferenztechnik.de\/wp-content\/uploads\/2026\/01\/verbindungen-eShare-W90.avif 1600w\" sizes=\"(max-width: 800px) 100vw, 800px\" title=\"\">\t\t\t\t\t\t\t\t\t\t\t\t\t\t\t<\/div>\n\t\t\t\t<\/div>\n\t\t\t\t<div class=\"elementor-element elementor-element-c321616 elementor-widget elementor-widget-heading\" data-id=\"c321616\" data-element_type=\"widget\" data-e-type=\"widget\" data-settings=\"{&quot;_animation&quot;:&quot;none&quot;}\" data-widget_type=\"heading.default\">\n\t\t\t\t<div class=\"elementor-widget-container\">\n\t\t\t\t\t<h3 class=\"elementor-heading-title elementor-size-default\">Flexible, plattformunabh\u00e4ngige Inhaltsfreigabe<\/h3>\t\t\t\t<\/div>\n\t\t\t\t<\/div>\n\t\t\t\t<div class=\"elementor-element elementor-element-8b81d3b elementor-widget__width-inherit elementor-widget elementor-widget-text-editor\" data-id=\"8b81d3b\" data-element_type=\"widget\" data-e-type=\"widget\" data-widget_type=\"text-editor.default\">\n\t\t\t\t<div class=\"elementor-widget-container\">\n\t\t\t\t\t\t\t\t\t<p>Das Wireless Pr\u00e4sentationssystem eShare W90 unterst\u00fctzt:<\/p><p>\u00a0<\/p><ul><li>HDMI und USB\u2011C als kabelgebundene Eing\u00e4nge<\/li><\/ul><ul><li>AirPlay<\/li><\/ul><ul><li>Miracast<\/li><\/ul><ul><li>Dongle-basiertes Casting (eShare D30 \/ D20)<\/li><\/ul><p>Teilnehmer*innen k\u00f6nnen Inhalte von Windows\u2011Laptops, macOS, iOS und Android Ger\u00e4ten freigeben \u2013 ideal f\u00fcr BYOD\u2011Szenarien, Schulungen, Workshops und Kundentermine.<\/p>\t\t\t\t\t\t\t\t<\/div>\n\t\t\t\t<\/div>\n\t\t\t\t<div class=\"elementor-element elementor-element-8ccf0eb elementor-widget elementor-widget-heading\" data-id=\"8ccf0eb\" data-element_type=\"widget\" data-e-type=\"widget\" data-settings=\"{&quot;_animation&quot;:&quot;none&quot;}\" data-widget_type=\"heading.default\">\n\t\t\t\t<div class=\"elementor-widget-container\">\n\t\t\t\t\t<h3 class=\"elementor-heading-title elementor-size-default\">Smarte Netzwerkanbindung mit zwei Gigabit-Ports<\/h3>\t\t\t\t<\/div>\n\t\t\t\t<\/div>\n\t\t\t\t<div class=\"elementor-element elementor-element-47bbe06 elementor-widget__width-inherit elementor-widget elementor-widget-text-editor\" data-id=\"47bbe06\" data-element_type=\"widget\" data-e-type=\"widget\" data-widget_type=\"text-editor.default\">\n\t\t\t\t<div class=\"elementor-widget-container\">\n\t\t\t\t\t\t\t\t\t<p>Das Wireless Konferenzsystem verf\u00fcgt \u00fcber zwei Gigabit\u2011Ethernet\u2011Ports und erm\u00f6glicht:<\/p><p>\u00a0<\/p><ul><li>Trennung von internem Unternehmensnetzwerk und Gastnetz<\/li><\/ul><ul><li>Komfortablen Internetzugang f\u00fcr Besucher*innen<\/li><\/ul><ul><li>Schutz sensibler Unternehmensdaten durch Netzwerksegmentierung<\/li><\/ul><p>Gerade in Konferenzzentren, Hotels oder Unternehmensstandorten mit vielen externen G\u00e4sten ist dies ein wichtiger Sicherheitsaspekt.<\/p>\t\t\t\t\t\t\t\t<\/div>\n\t\t\t\t<\/div>\n\t\t\t\t<div class=\"elementor-element elementor-element-1e79d93 elementor-widget elementor-widget-spacer\" data-id=\"1e79d93\" data-element_type=\"widget\" data-e-type=\"widget\" data-widget_type=\"spacer.default\">\n\t\t\t\t<div class=\"elementor-widget-container\">\n\t\t\t\t\t\t\t<div class=\"elementor-spacer\">\n\t\t\t<div class=\"elementor-spacer-inner\"><\/div>\n\t\t<\/div>\n\t\t\t\t\t\t<\/div>\n\t\t\t\t<\/div>\n\t\t\t\t<div class=\"elementor-element elementor-element-40a320c elementor-widget elementor-widget-heading\" data-id=\"40a320c\" data-element_type=\"widget\" data-e-type=\"widget\" data-settings=\"{&quot;_animation&quot;:&quot;none&quot;}\" data-widget_type=\"heading.default\">\n\t\t\t\t<div class=\"elementor-widget-container\">\n\t\t\t\t\t<h2 class=\"elementor-heading-title elementor-size-default\">AV Access eShare W90 als Alternative zu Barco ClickShare<\/h2>\t\t\t\t<\/div>\n\t\t\t\t<\/div>\n\t\t\t\t<div class=\"elementor-element elementor-element-10b31f2 elementor-widget__width-inherit elementor-widget elementor-widget-text-editor\" data-id=\"10b31f2\" data-element_type=\"widget\" data-e-type=\"widget\" data-widget_type=\"text-editor.default\">\n\t\t\t\t<div class=\"elementor-widget-container\">\n\t\t\t\t\t\t\t\t\t<p>Als leistungsstarke <strong class=\"\">Alternative zu Barco ClickShare<\/strong> bietet das AV Access eShare W90 ein 4K\u2011Wireless\u2011Konferenzsystem mit Quad\u2011View, Dual\u2011HDMI\u2011Ausg\u00e4ngen und vollwertigem USB\u2011C mit 65 W Power Delivery. BYOD-Unterst\u00fctzung, integrierter USB\u2011Hub f\u00fcr Kameras und Speakerphones sowie die Trennung von Firmen- und Gastnetz machen das eShare W90 zur attraktiven <strong class=\"\">Barco\u2011ClickShare\u2011Alternative<\/strong> f\u00fcr moderne Konferenzr\u00e4ume und Hybrid-Meetings.<\/p><p>\u00a0<\/p><ul><li>4K Wireless Konferenzsystem mit moderner USB\u2011C\u2011Konnektivit\u00e4t<\/li><\/ul><ul><li>Quad\u2011View\u2011Funktion f\u00fcr bis zu vier gleichzeitige Pr\u00e4sentationen<\/li><\/ul><ul><li>Dual HDMI-Ausg\u00e4nge f\u00fcr professionelle Konferenzr\u00e4ume<\/li><\/ul><ul><li>Einfache Bedienung und Plug\u2011and\u2011Play\u2011Konzept<\/li><\/ul><p>Wir beraten Sie gerne, ob das eShare W90 als ClickShare Alternative f\u00fcr Ihre R\u00e4ume passt \u2013 inklusive Vergleich zu bestehenden Systemen und m\u00f6glichen Migrationsszenarien.<\/p>\t\t\t\t\t\t\t\t<\/div>\n\t\t\t\t<\/div>\n\t\t\t\t<div class=\"elementor-element elementor-element-f4ff4d5 elementor-widget elementor-widget-spacer\" data-id=\"f4ff4d5\" data-element_type=\"widget\" data-e-type=\"widget\" data-widget_type=\"spacer.default\">\n\t\t\t\t<div class=\"elementor-widget-container\">\n\t\t\t\t\t\t\t<div class=\"elementor-spacer\">\n\t\t\t<div class=\"elementor-spacer-inner\"><\/div>\n\t\t<\/div>\n\t\t\t\t\t\t<\/div>\n\t\t\t\t<\/div>\n\t\t<div data-particle_enable=\"false\" data-particle-mobile-disabled=\"false\" class=\"elementor-element elementor-element-2a7d694 e-con-full e-flex e-con e-child\" data-id=\"2a7d694\" data-element_type=\"container\" data-e-type=\"container\">\n\t\t\t\t<div class=\"elementor-element elementor-element-24db6d7 elementor-align-right e-transform elementor-widget elementor-widget-button\" data-id=\"24db6d7\" data-element_type=\"widget\" data-e-type=\"widget\" data-settings=\"{&quot;_transform_scale_effect_hover&quot;:{&quot;unit&quot;:&quot;px&quot;,&quot;size&quot;:1.100000000000000088817841970012523233890533447265625,&quot;sizes&quot;:[]},&quot;_transform_scale_effect_hover_widescreen&quot;:{&quot;unit&quot;:&quot;px&quot;,&quot;size&quot;:&quot;&quot;,&quot;sizes&quot;:[]},&quot;_transform_scale_effect_hover_laptop&quot;:{&quot;unit&quot;:&quot;px&quot;,&quot;size&quot;:&quot;&quot;,&quot;sizes&quot;:[]},&quot;_transform_scale_effect_hover_tablet_extra&quot;:{&quot;unit&quot;:&quot;px&quot;,&quot;size&quot;:&quot;&quot;,&quot;sizes&quot;:[]},&quot;_transform_scale_effect_hover_tablet&quot;:{&quot;unit&quot;:&quot;px&quot;,&quot;size&quot;:&quot;&quot;,&quot;sizes&quot;:[]},&quot;_transform_scale_effect_hover_mobile&quot;:{&quot;unit&quot;:&quot;px&quot;,&quot;size&quot;:&quot;&quot;,&quot;sizes&quot;:[]}}\" data-widget_type=\"button.default\">\n\t\t\t\t<div class=\"elementor-widget-container\">\n\t\t\t\t\t\t\t\t\t<div class=\"elementor-button-wrapper\">\n\t\t\t\t\t<a class=\"elementor-button elementor-button-link elementor-size-lg\" href=\"#serviceteam\">\n\t\t\t\t\t\t<span class=\"elementor-button-content-wrapper\">\n\t\t\t\t\t\t\t\t\t<span class=\"elementor-button-text\">Jetzt anfragen<\/span>\n\t\t\t\t\t<\/span>\n\t\t\t\t\t<\/a>\n\t\t\t\t<\/div>\n\t\t\t\t\t\t\t\t<\/div>\n\t\t\t\t<\/div>\n\t\t\t\t<\/div>\n\t\t\t\t<div class=\"elementor-element elementor-element-ba54505 elementor-widget elementor-widget-heading\" data-id=\"ba54505\" data-element_type=\"widget\" data-e-type=\"widget\" data-settings=\"{&quot;_animation&quot;:&quot;none&quot;}\" data-widget_type=\"heading.default\">\n\t\t\t\t<div class=\"elementor-widget-container\">\n\t\t\t\t\t<h2 class=\"elementor-heading-title elementor-size-default\">Typische Einsatzbereiche f\u00fcr das eShare W90<\/h2>\t\t\t\t<\/div>\n\t\t\t\t<\/div>\n\t\t\t\t<div class=\"elementor-element elementor-element-372a0c8 elementor-widget__width-inherit elementor-widget elementor-widget-text-editor\" data-id=\"372a0c8\" data-element_type=\"widget\" data-e-type=\"widget\" data-widget_type=\"text-editor.default\">\n\t\t\t\t<div class=\"elementor-widget-container\">\n\t\t\t\t\t\t\t\t\t<p>Das AV Access eShare W90 eignet sich besonders f\u00fcr:<\/p><p>\u00a0<\/p><ul><li>Konferenzr\u00e4ume und Vorstandszimmer<\/li><\/ul><ul><li>Projekt- und Besprechungsr\u00e4ume<\/li><\/ul><ul><li>Hybride Schulungs- und Seminarr\u00e4ume<\/li><\/ul><ul><li>Bildungs- und Weiterbildungseinrichtungen<\/li><\/ul><ul><li>Unternehmensstandorte mit regelm\u00e4\u00dfigem G\u00e4steverkehr (Kund<i>innen, Partner<\/i>innen)<\/li><\/ul><p>\u00dcberall dort, wo hybride Meetings, drahtlose Pr\u00e4sentationen und eine zuverl\u00e4ssige, einfach bedienbare Konferenztechnik gefragt sind, spielt dieses Wireless Pr\u00e4sentationssystem seine St\u00e4rken aus.<\/p>\t\t\t\t\t\t\t\t<\/div>\n\t\t\t\t<\/div>\n\t\t\t\t<div class=\"elementor-element elementor-element-248014e elementor-widget elementor-widget-heading\" data-id=\"248014e\" data-element_type=\"widget\" data-e-type=\"widget\" data-settings=\"{&quot;_animation&quot;:&quot;none&quot;}\" data-widget_type=\"heading.default\">\n\t\t\t\t<div class=\"elementor-widget-container\">\n\t\t\t\t\t<h2 class=\"elementor-heading-title elementor-size-default\">Integration durch PCS \u2013 konferenztechnik.de<\/h2>\t\t\t\t<\/div>\n\t\t\t\t<\/div>\n\t\t\t\t<div class=\"elementor-element elementor-element-e146dca elementor-widget__width-inherit elementor-widget elementor-widget-text-editor\" data-id=\"e146dca\" data-element_type=\"widget\" data-e-type=\"widget\" data-widget_type=\"text-editor.default\">\n\t\t\t\t<div class=\"elementor-widget-container\">\n\t\t\t\t\t\t\t\t\t<p>Wir unterst\u00fctzen Sie dabei, das AV Access eShare W90 optimal in Ihre Konferenz- und Medientechnik einzubinden:<\/p><p>\u00a0<\/p><ul><li>Beratung zu geeigneten Wireless Konferenzsystemen und Alternativen<\/li><li>Planung kompletter Konferenzr\u00e4ume inkl. Displays, LED\u2011W\u00e4nde, Kameras, Audio und Steuerung<\/li><li>Lieferung, Installation und Inbetriebnahme vor Ort<\/li><\/ul>\t\t\t\t\t\t\t\t<\/div>\n\t\t\t\t<\/div>\n\t\t\t\t<div class=\"elementor-element elementor-element-7548301 elementor-widget elementor-widget-menu-anchor\" data-id=\"7548301\" data-element_type=\"widget\" data-e-type=\"widget\" data-widget_type=\"menu-anchor.default\">\n\t\t\t\t<div class=\"elementor-widget-container\">\n\t\t\t\t\t\t\t<div class=\"elementor-menu-anchor\" id=\"kontaktbox\"><\/div>\n\t\t\t\t\t\t<\/div>\n\t\t\t\t<\/div>\n\t\t\t\t\t<\/div>\n\t\t\t\t<\/div>\n\t\t\t\t<div class=\"elementor-element elementor-element-45399b5 elementor-widget elementor-widget-shortcode\" data-id=\"45399b5\" data-element_type=\"widget\" data-e-type=\"widget\" data-widget_type=\"shortcode.default\">\n\t\t\t\t<div class=\"elementor-widget-container\">\n\t\t\t\t\t\t\t<div class=\"elementor-shortcode\"><\/div>\n\t\t\t\t\t\t<\/div>\n\t\t\t\t<\/div>\n\t\t\t\t\t<\/div>\n\t\t\t\t<\/div>\n\t\t\t\t<\/div>\n\t\t","protected":false},"excerpt":{"rendered":"<p>\u0411\u043b\u0430\u0433\u043e\u0434\u0430\u0440\u044f Quad-View, \u0443\u043d\u0438\u0432\u0435\u0440\u0441\u0430\u043b\u044c\u043d\u043e\u043c\u0443 USB-C, \u0434\u0432\u0443\u043c \u0432\u044b\u0445\u043e\u0434\u0430\u043c HDMI \u0438 \u0438\u043d\u0442\u0435\u0433\u0440\u0438\u0440\u043e\u0432\u0430\u043d\u043d\u043e\u0439 \u0441\u0435\u0442\u0435\u0432\u043e\u0439 \u0441\u0435\u0433\u043c\u0435\u043d\u0442\u0430\u0446\u0438\u0438, AV Access eShare W90 \u043f\u0440\u0435\u0434\u043b\u0430\u0433\u0430\u0435\u0442 \u0438\u043c\u0435\u043d\u043d\u043e \u0442\u0435 \u0444\u0443\u043d\u043a\u0446\u0438\u0438, \u043a\u043e\u0442\u043e\u0440\u044b\u0435 \u0434\u0435\u043b\u0430\u044e\u0442 \u0441\u043e\u0432\u0440\u0435\u043c\u0435\u043d\u043d\u044b\u0435 \u0433\u0438\u0431\u0440\u0438\u0434\u043d\u044b\u0435 \u0441\u043e\u0432\u0435\u0449\u0430\u043d\u0438\u044f \u0431\u043e\u043b\u0435\u0435 \u044d\u0444\u0444\u0435\u043a\u0442\u0438\u0432\u043d\u044b\u043c\u0438 \u0438 \u0447\u0435\u0442\u043a\u0438\u043c\u0438. <\/p>","protected":false},"author":2,"featured_media":49371,"comment_status":"closed","ping_status":"closed","sticky":false,"template":"","format":"standard","meta":{"_acf_changed":false,"footnotes":""},"categories":[39],"tags":[],"class_list":["post-49369","post","type-post","status-publish","format-standard","has-post-thumbnail","hentry","category-produkte"],"acf":[],"_links":{"self":[{"href":"https:\/\/konferenztechnik.de\/ru\/wp-json\/wp\/v2\/posts\/49369","targetHints":{"allow":["GET"]}}],"collection":[{"href":"https:\/\/konferenztechnik.de\/ru\/wp-json\/wp\/v2\/posts"}],"about":[{"href":"https:\/\/konferenztechnik.de\/ru\/wp-json\/wp\/v2\/types\/post"}],"author":[{"embeddable":true,"href":"https:\/\/konferenztechnik.de\/ru\/wp-json\/wp\/v2\/users\/2"}],"replies":[{"embeddable":true,"href":"https:\/\/konferenztechnik.de\/ru\/wp-json\/wp\/v2\/comments?post=49369"}],"version-history":[{"count":0,"href":"https:\/\/konferenztechnik.de\/ru\/wp-json\/wp\/v2\/posts\/49369\/revisions"}],"wp:featuredmedia":[{"embeddable":true,"href":"https:\/\/konferenztechnik.de\/ru\/wp-json\/wp\/v2\/media\/49371"}],"wp:attachment":[{"href":"https:\/\/konferenztechnik.de\/ru\/wp-json\/wp\/v2\/media?parent=49369"}],"wp:term":[{"taxonomy":"category","embeddable":true,"href":"https:\/\/konferenztechnik.de\/ru\/wp-json\/wp\/v2\/categories?post=49369"},{"taxonomy":"post_tag","embeddable":true,"href":"https:\/\/konferenztechnik.de\/ru\/wp-json\/wp\/v2\/tags?post=49369"}],"curies":[{"name":"wp","href":"https:\/\/api.w.org\/{rel}","templated":true}]}}