{"id":21411,"date":"2023-03-11T09:26:28","date_gmt":"2023-03-11T08:26:28","guid":{"rendered":"http:\/\/dev.konferenztechnik.de\/?p=21411"},"modified":"2023-06-27T13:07:32","modified_gmt":"2023-06-27T11:07:32","slug":"microsoft-eki%cc%87pleri%cc%87yle-konferanslar","status":"publish","type":"post","link":"https:\/\/konferenztechnik.de\/tr\/microsoft-eki%cc%87pleri%cc%87yle-konferanslar\/","title":{"rendered":"Microsoft Teams ile Konferanslar"},"content":{"rendered":"<div data-elementor-type=\"wp-post\" data-elementor-id=\"21411\" class=\"elementor elementor-21411\" data-elementor-post-type=\"post\">\n\t\t\t\t<div data-particle_enable=\"false\" data-particle-mobile-disabled=\"false\" class=\"elementor-element elementor-element-7e33ec7 e-flex e-con-boxed e-con e-parent\" data-id=\"7e33ec7\" data-element_type=\"container\">\n\t\t\t\t\t<div class=\"e-con-inner\">\n\t\t\t\t<div class=\"elementor-element elementor-element-d60f76d elementor-widget elementor-widget-heading\" data-id=\"d60f76d\" data-element_type=\"widget\" data-widget_type=\"heading.default\">\n\t\t\t\t<div class=\"elementor-widget-container\">\n\t\t\t\t\t<h1 class=\"elementor-heading-title elementor-size-default\">Microsoft Teams (MS Teams) ile profesyonel konferanslar<\/h1>\t\t\t\t<\/div>\n\t\t\t\t<\/div>\n\t\t\t\t<div class=\"elementor-element elementor-element-788517c elementor-widget elementor-widget-image\" data-id=\"788517c\" data-element_type=\"widget\" data-widget_type=\"image.default\">\n\t\t\t\t<div class=\"elementor-widget-container\">\n\t\t\t\t\t\t\t\t\t\t\t\t\t\t\t<img fetchpriority=\"high\" decoding=\"async\" width=\"1300\" height=\"490\" src=\"https:\/\/konferenztechnik.de\/wp-content\/uploads\/2023\/02\/konferenzen-mit-msteams.jpg\" class=\"attachment-full size-full wp-image-20396\" alt=\"MS ekipleri ile konferanslar\" srcset=\"https:\/\/konferenztechnik.de\/wp-content\/uploads\/2023\/02\/konferenzen-mit-msteams.jpg 1300w, https:\/\/konferenztechnik.de\/wp-content\/uploads\/2023\/02\/konferenzen-mit-msteams-300x113.jpg 300w, https:\/\/konferenztechnik.de\/wp-content\/uploads\/2023\/02\/konferenzen-mit-msteams-1024x386.jpg 1024w, https:\/\/konferenztechnik.de\/wp-content\/uploads\/2023\/02\/konferenzen-mit-msteams-768x289.jpg 768w\" sizes=\"(max-width: 1300px) 100vw, 1300px\" title=\"\">\t\t\t\t\t\t\t\t\t\t\t\t\t\t\t<\/div>\n\t\t\t\t<\/div>\n\t\t\t\t\t<\/div>\n\t\t\t\t<\/div>\n\t\t<div data-particle_enable=\"false\" data-particle-mobile-disabled=\"false\" class=\"elementor-element elementor-element-cb4ea25 e-flex e-con-boxed e-con e-parent\" data-id=\"cb4ea25\" data-element_type=\"container\">\n\t\t\t\t\t<div class=\"e-con-inner\">\n\t\t\t\t<div class=\"elementor-element elementor-element-41a6122 elementor-widget elementor-widget-heading\" data-id=\"41a6122\" data-element_type=\"widget\" data-widget_type=\"heading.default\">\n\t\t\t\t<div class=\"elementor-widget-container\">\n\t\t\t\t\t<h2 class=\"elementor-heading-title elementor-size-default\">MS Teams art\u0131k \u00e7ok dilli ve \"Simultane terc\u00fcme\" i\u015flevine de sahip<\/h2>\t\t\t\t<\/div>\n\t\t\t\t<\/div>\n\t\t\t\t<div class=\"elementor-element elementor-element-5ead877 elementor-widget elementor-widget-text-editor\" data-id=\"5ead877\" data-element_type=\"widget\" data-widget_type=\"text-editor.default\">\n\t\t\t\t<div class=\"elementor-widget-container\">\n\t\t\t\t\t\t\t\t\t<p>Microsoft Teams (MS Teams), dijital ve hibrit formatlar s\u00f6z konusu oldu\u011funda uzun s\u00fcre Zoom'un gerisinde kald\u0131. Ancak teknisyenlerimiz d\u00fczenli olarak MS Teams'in aray\u0131 nas\u0131l kapatt\u0131\u011f\u0131n\u0131 rapor ediyordu: kullan\u0131c\u0131 aray\u00fcz\u00fc s\u00fcrekli olarak geli\u015ftiriliyor ve \u00f6zellikle ses motoru gittik\u00e7e daha iyi hale geliyordu. Ses kalitesi a\u00e7\u0131s\u0131ndan Zoom ve MS Teams \u015fu anda ayn\u0131 seviyede. Y\u0131l\u0131n ba\u015f\u0131nda Microsoft, profesyonel terc\u00fcmanl\u0131\u011f\u0131 da Teams'e entegre edece\u011fini duyurdu ve s\u00f6z\u00fcn\u00fc tuttu. Microsoft, profesyonel terc\u00fcmanlar\u0131 entegre etme se\u00e7ene\u011fi sunuyor. \u0130nsanlar art\u0131k Teams'e terc\u00fcman olarak eklenebiliyor ve se\u00e7ilebiliyor. Bu i\u015flev Microsoft'ta \"dil yorumlama\" olarak adland\u0131r\u0131l\u0131yor.<\/p>\t\t\t\t\t\t\t\t<\/div>\n\t\t\t\t<\/div>\n\t\t\t\t<div class=\"elementor-element elementor-element-1578a0d elementor-icon-list--layout-traditional elementor-list-item-link-full_width elementor-widget elementor-widget-icon-list\" data-id=\"1578a0d\" data-element_type=\"widget\" data-widget_type=\"icon-list.default\">\n\t\t\t\t<div class=\"elementor-widget-container\">\n\t\t\t\t\t\t\t<ul class=\"elementor-icon-list-items\">\n\t\t\t\t\t\t\t<li class=\"elementor-icon-list-item\">\n\t\t\t\t\t\t\t\t\t\t\t<a href=\"https:\/\/support.microsoft.com\/de-de\/office\/verwenden-der-sprachinterpretation-in-einer-teams-besprechung-b9fdde0f-1896-48ba-8540-efc99f5f4b2e\" target=\"_blank\" rel=\"noopener\">\n\n\t\t\t\t\t\t\t\t\t\t\t\t<span class=\"elementor-icon-list-icon\">\n\t\t\t\t\t\t\t<svg aria-hidden=\"true\" class=\"e-font-icon-svg e-fas-chevron-right\" viewbox=\"0 0 320 512\" xmlns=\"http:\/\/www.w3.org\/2000\/svg\"><path d=\"M285.476 272.971L91.132 467.314c-9.373 9.373-24.569 9.373-33.941 0l-22.667-22.667c-9.357-9.357-9.375-24.522-.04-33.901L188.505 256 34.484 101.255c-9.335-9.379-9.317-24.544.04-33.901l22.667-22.667c9.373-9.373 24.569-9.373 33.941 0L285.475 239.03c9.373 9.372 9.373 24.568.001 33.941z\"><\/path><\/svg>\t\t\t\t\t\t<\/span>\n\t\t\t\t\t\t\t\t\t\t<span class=\"elementor-icon-list-text\">Bir ekip toplant\u0131s\u0131nda dil terc\u00fcmesi kullanma<\/span>\n\t\t\t\t\t\t\t\t\t\t\t<\/a>\n\t\t\t\t\t\t\t\t\t<\/li>\n\t\t\t\t\t\t<\/ul>\n\t\t\t\t\t\t<\/div>\n\t\t\t\t<\/div>\n\t\t\t\t\t<\/div>\n\t\t\t\t<\/div>\n\t\t<div data-particle_enable=\"false\" data-particle-mobile-disabled=\"false\" class=\"elementor-element elementor-element-44b9623 e-flex e-con-boxed e-con e-parent\" data-id=\"44b9623\" data-element_type=\"container\">\n\t\t\t\t\t<div class=\"e-con-inner\">\n\t\t\t\t<div class=\"elementor-element elementor-element-fed357e elementor-widget elementor-widget-heading\" data-id=\"fed357e\" data-element_type=\"widget\" data-widget_type=\"heading.default\">\n\t\t\t\t<div class=\"elementor-widget-container\">\n\t\t\t\t\t<h2 class=\"elementor-heading-title elementor-size-default\">PCS \u2013 konferenztechnik.de Microsoft Teams ile profesyonel konferans deste\u011fi sunuyor<\/h2>\t\t\t\t<\/div>\n\t\t\t\t<\/div>\n\t\t\t\t<div class=\"elementor-element elementor-element-cfcc30e elementor-widget elementor-widget-text-editor\" data-id=\"cfcc30e\" data-element_type=\"widget\" data-widget_type=\"text-editor.default\">\n\t\t\t\t<div class=\"elementor-widget-container\">\n\t\t\t\t\t\t\t\t\t<p>Dijital formatlar i\u00e7in uzmanlar\u0131m\u0131z \u015fu anda sertifikal\u0131 Teams y\u00f6neticileri olmak i\u00e7in daha fazla e\u011fitim almaktad\u0131r. MS Teams ile profesyonel etkinlikler d\u00fczenlemek daha fazla tuzak ve engel bar\u0131nd\u0131r\u0131yor. \u00d6zellikle b\u00fcy\u00fck \u015firketler Teams'i merkezi olarak kurumsal BT sistemlerine entegre etmi\u015f ve kendi g\u00fcvenlik \u00f6nlemlerini, yetkilerini ve k\u0131s\u0131tlamalar\u0131n\u0131 tan\u0131mlam\u0131\u015flard\u0131r. \u015eirket ve y\u00f6netilen etki alan\u0131 d\u0131\u015f\u0131ndaki kat\u0131l\u0131mc\u0131lara aniden oturum a\u00e7amayacaklar\u0131 s\u00f6ylenir...<\/p>\t\t\t\t\t\t\t\t<\/div>\n\t\t\t\t<\/div>\n\t\t\t\t\t<\/div>\n\t\t\t\t<\/div>\n\t\t<div data-particle_enable=\"false\" data-particle-mobile-disabled=\"false\" class=\"elementor-element elementor-element-3fa7e7e e-flex e-con-boxed e-con e-parent\" data-id=\"3fa7e7e\" data-element_type=\"container\">\n\t\t\t\t\t<div class=\"e-con-inner\">\n\t\t\t\t<div class=\"elementor-element elementor-element-3cd7839 elementor-widget elementor-widget-heading\" data-id=\"3cd7839\" data-element_type=\"widget\" data-widget_type=\"heading.default\">\n\t\t\t\t<div class=\"elementor-widget-container\">\n\t\t\t\t\t<h2 class=\"elementor-heading-title elementor-size-default\">MS Teams ve veri koruma ve veri g\u00fcvenli\u011fi<\/h2>\t\t\t\t<\/div>\n\t\t\t\t<\/div>\n\t\t\t\t<div class=\"elementor-element elementor-element-f726fbe elementor-widget elementor-widget-text-editor\" data-id=\"f726fbe\" data-element_type=\"widget\" data-widget_type=\"text-editor.default\">\n\t\t\t\t<div class=\"elementor-widget-container\">\n\t\t\t\t\t\t\t\t\t<p>Microsoft'a veri g\u00fcvenli\u011fi hakk\u0131nda soru sordu\u011funuzda \u015fu yan\u0131t\u0131 al\u0131rs\u0131n\u0131z: \"Konu\u015fmalar\u0131m ve verilerim g\u00fcvende mi?\" \"Evet, Microsoft Teams Office 365'in ayr\u0131lmaz bir par\u00e7as\u0131 oldu\u011fundan, kullan\u0131c\u0131lar\u0131n Office 365'ten zaten a\u015fina oldu\u011fu ayn\u0131 veri koruma ve uyumluluk \u00f6zelliklerini sunar. Veriler iletim ve depolama s\u0131ras\u0131nda \u015fifrelenir. Dosyalar SharePoint'te depolan\u0131r ve SharePoint \u015fifrelemesiyle g\u00fcvence alt\u0131na al\u0131n\u0131r. Notlar OneNote'ta saklan\u0131r ve OneNote \u015fifrelemesiyle g\u00fcvence alt\u0131na al\u0131n\u0131r.\" Ancak, Alman ve Avrupal\u0131 veri koruma uzmanlar\u0131 Microsoft'un kullan\u0131c\u0131 verilerini ele al\u0131\u015f bi\u00e7imine \u00f6fke duyuyor. Ayn\u0131 zamanda, m\u00fc\u015fterilerimizin MS Teams kulland\u0131\u011f\u0131 yerlerde, veri g\u00fcvenli\u011fi konusu genellikle \u015firket taraf\u0131nda BT taraf\u0131ndan a\u00e7\u0131kl\u0131\u011fa kavu\u015fturulur ve kabul edilir. Bununla birlikte, bir\u00e7ok m\u00fc\u015fterimiz i\u00e7in Google ve Microsoft gibi hizmetlerin kullan\u0131m\u0131na izin verilmemektedir. Bu durumda, Zoom ile kendi sunucular\u0131m\u0131zdaki \u00e7\u00f6z\u00fcm\u00fcm\u00fcz\u00fc veya hatta Televic'inki gibi tamamen ba\u011f\u0131ms\u0131z \u00e7\u00f6z\u00fcmleri \u00f6neriyoruz.<\/p>\t\t\t\t\t\t\t\t<\/div>\n\t\t\t\t<\/div>\n\t\t\t\t\t<\/div>\n\t\t\t\t<\/div>\n\t\t<div data-particle_enable=\"false\" data-particle-mobile-disabled=\"false\" class=\"elementor-element elementor-element-e36dffa e-flex e-con-boxed e-con e-parent\" data-id=\"e36dffa\" data-element_type=\"container\">\n\t\t\t\t\t<div class=\"e-con-inner\">\n\t\t\t\t<div class=\"elementor-element elementor-element-0bd5989 elementor-widget elementor-widget-heading\" data-id=\"0bd5989\" data-element_type=\"widget\" data-widget_type=\"heading.default\">\n\t\t\t\t<div class=\"elementor-widget-container\">\n\t\t\t\t\t<h2 class=\"elementor-heading-title elementor-size-default\">Kendi sunucular\u0131n\u0131zda \/ \u015firket i\u00e7inde MS Teams<\/h2>\t\t\t\t<\/div>\n\t\t\t\t<\/div>\n\t\t\t\t<div class=\"elementor-element elementor-element-22f26d9 elementor-widget elementor-widget-text-editor\" data-id=\"22f26d9\" data-element_type=\"widget\" data-widget_type=\"text-editor.default\">\n\t\t\t\t<div class=\"elementor-widget-container\">\n\t\t\t\t\t\t\t\t\t<p>Microsoft Teams kendi sunucular\u0131mda da kullan\u0131labilir mi? Hay\u0131r, Microsoft Teams SharePoint Online ve Azure Active Directory ile i\u015fbirli\u011fi i\u00e7in tasarlanm\u0131\u015ft\u0131r. Baz\u0131 i\u015flevleri hibrit bir ortamda kullanmak m\u00fcmk\u00fcn olsa da, Microsoft Teams i\u015flevlerinin tamam\u0131 yerel bir y\u00fcklemede kullan\u0131lamaz. Skype Kurumsal'dan a\u015fina olabilece\u011finiz gibi Microsoft Teams i\u00e7in sunucu y\u00fcklemeleri yoktur. Microsoft Teams saf bir bulut \u00e7\u00f6z\u00fcm\u00fcd\u00fcr.<\/p>\t\t\t\t\t\t\t\t<\/div>\n\t\t\t\t<\/div>\n\t\t\t\t\t<\/div>\n\t\t\t\t<\/div>\n\t\t<div data-particle_enable=\"false\" data-particle-mobile-disabled=\"false\" class=\"elementor-element elementor-element-8376a8e e-flex e-con-boxed e-con e-parent\" data-id=\"8376a8e\" data-element_type=\"container\">\n\t\t\t\t\t<div class=\"e-con-inner\">\n\t\t\t\t<div class=\"elementor-element elementor-element-9ba0dcb elementor-widget elementor-widget-heading\" data-id=\"9ba0dcb\" data-element_type=\"widget\" data-widget_type=\"heading.default\">\n\t\t\t\t<div class=\"elementor-widget-container\">\n\t\t\t\t\t<h2 class=\"elementor-heading-title elementor-size-default\">Mart ay\u0131ndan itibaren yeni Microsoft Teams \u2013 MS Teams 2.0<\/h2>\t\t\t\t<\/div>\n\t\t\t\t<\/div>\n\t\t\t\t<div class=\"elementor-element elementor-element-e59189f elementor-widget elementor-widget-text-editor\" data-id=\"e59189f\" data-element_type=\"widget\" data-widget_type=\"text-editor.default\">\n\t\t\t\t<div class=\"elementor-widget-container\">\n\t\t\t\t\t\t\t\t\t<p>Microsoft, \u00f6zellikle performans a\u00e7\u0131s\u0131ndan b\u00fcy\u00fck bir geli\u015fmeden s\u00f6z ediyor. Ses kalitesi ve arkas\u0131ndaki ses motoru bizi \u015fimdiden etkiledi. \u00d6zellikle video g\u00f6r\u00fcnt\u00fclerinde iyile\u015ftirmeler yap\u0131lmas\u0131n\u0131 umuyoruz. Bununla birlikte, \"\u00e7oklu hesap\" kullan\u0131m\u0131n\u0131n basitle\u015ftirilece\u011fi de a\u00e7\u0131kland\u0131. Farkl\u0131 kurulu\u015flarda Teams kullanan herkes bunun ne kadar zahmetli ve hataya a\u00e7\u0131k oldu\u011funu bilir. Teams m\u00fchendisleri taraf\u0131ndan The Verge'de yap\u0131lan duyurular ileriye do\u011fru b\u00fcy\u00fck bir ad\u0131m gibi g\u00f6r\u00fcn\u00fcyor. Ancak sat\u0131r aralar\u0131nda Microsoft 11, Edge taray\u0131c\u0131 ve PC bilgisayarlar hakk\u0131nda da \u00e7ok \u015fey okuyoruz. Yeni Teams'in Apple cihazlar\u0131nda veya Linux sistemlerinde nas\u0131l \u00e7al\u0131\u015faca\u011f\u0131n\u0131 \u00e7ok merak ediyoruz. Sizi geli\u015fmelerden haberdar edece\u011fiz.<\/p>\t\t\t\t\t\t\t\t<\/div>\n\t\t\t\t<\/div>\n\t\t\t\t<div class=\"elementor-element elementor-element-925c4fc elementor-icon-list--layout-traditional elementor-list-item-link-full_width elementor-widget elementor-widget-icon-list\" data-id=\"925c4fc\" data-element_type=\"widget\" data-widget_type=\"icon-list.default\">\n\t\t\t\t<div class=\"elementor-widget-container\">\n\t\t\t\t\t\t\t<ul class=\"elementor-icon-list-items\">\n\t\t\t\t\t\t\t<li class=\"elementor-icon-list-item\">\n\t\t\t\t\t\t\t\t\t\t\t<a href=\"https:\/\/www.theverge.com\/2023\/2\/20\/23607037\/microsoft-teams-performance-improvements-less-cpu-memory\" target=\"_blank\" rel=\"noopener\">\n\n\t\t\t\t\t\t\t\t\t\t\t\t<span class=\"elementor-icon-list-icon\">\n\t\t\t\t\t\t\t<svg aria-hidden=\"true\" class=\"e-font-icon-svg e-fas-chevron-right\" viewbox=\"0 0 320 512\" xmlns=\"http:\/\/www.w3.org\/2000\/svg\"><path d=\"M285.476 272.971L91.132 467.314c-9.373 9.373-24.569 9.373-33.941 0l-22.667-22.667c-9.357-9.357-9.375-24.522-.04-33.901L188.505 256 34.484 101.255c-9.335-9.379-9.317-24.544.04-33.901l22.667-22.667c9.373-9.373 24.569-9.373 33.941 0L285.475 239.03c9.373 9.372 9.373 24.568.001 33.941z\"><\/path><\/svg>\t\t\t\t\t\t<\/span>\n\t\t\t\t\t\t\t\t\t\t<span class=\"elementor-icon-list-text\">The Verge \u2013 Microsoft Teams \u00f6n\u00fcm\u00fczdeki ay b\u00fcy\u00fck performans iyile\u015ftirmeleri al\u0131yor<\/span>\n\t\t\t\t\t\t\t\t\t\t\t<\/a>\n\t\t\t\t\t\t\t\t\t<\/li>\n\t\t\t\t\t\t\t\t<li class=\"elementor-icon-list-item\">\n\t\t\t\t\t\t\t\t\t\t\t<a href=\"https:\/\/www.drwindows.de\/news\/microsoft-teams-2-0-neue-version-mit-massiv-besserer-performance-startet-im-maerz\" target=\"_blank\" rel=\"noopener\">\n\n\t\t\t\t\t\t\t\t\t\t\t\t<span class=\"elementor-icon-list-icon\">\n\t\t\t\t\t\t\t<svg aria-hidden=\"true\" class=\"e-font-icon-svg e-fas-chevron-right\" viewbox=\"0 0 320 512\" xmlns=\"http:\/\/www.w3.org\/2000\/svg\"><path d=\"M285.476 272.971L91.132 467.314c-9.373 9.373-24.569 9.373-33.941 0l-22.667-22.667c-9.357-9.357-9.375-24.522-.04-33.901L188.505 256 34.484 101.255c-9.335-9.379-9.317-24.544.04-33.901l22.667-22.667c9.373-9.373 24.569-9.373 33.941 0L285.475 239.03c9.373 9.372 9.373 24.568.001 33.941z\"><\/path><\/svg>\t\t\t\t\t\t<\/span>\n\t\t\t\t\t\t\t\t\t\t<span class=\"elementor-icon-list-text\">Dr Windows \u2013 Microsoft Teams 2.0<\/span>\n\t\t\t\t\t\t\t\t\t\t\t<\/a>\n\t\t\t\t\t\t\t\t\t<\/li>\n\t\t\t\t\t\t<\/ul>\n\t\t\t\t\t\t<\/div>\n\t\t\t\t<\/div>\n\t\t\t\t\t<\/div>\n\t\t\t\t<\/div>\n\t\t<div data-particle_enable=\"false\" data-particle-mobile-disabled=\"false\" class=\"elementor-element elementor-element-72f4941 e-flex e-con-boxed e-con e-parent\" data-id=\"72f4941\" data-element_type=\"container\">\n\t\t\t\t\t<div class=\"e-con-inner\">\n\t\t<div data-particle_enable=\"false\" data-particle-mobile-disabled=\"false\" class=\"elementor-element elementor-element-591d7be e-con-full e-flex e-con e-parent\" data-id=\"591d7be\" data-element_type=\"container\" data-settings=\"{&quot;background_background&quot;:&quot;classic&quot;}\">\n\t\t<div data-particle_enable=\"false\" data-particle-mobile-disabled=\"false\" class=\"elementor-element elementor-element-46d3a2d e-con-full e-flex e-con e-parent\" data-id=\"46d3a2d\" data-element_type=\"container\" data-settings=\"{&quot;background_background&quot;:&quot;classic&quot;}\">\n\t\t\t\t<div class=\"elementor-element elementor-element-1b7cde0 elementor-widget elementor-widget-text-editor\" data-id=\"1b7cde0\" data-element_type=\"widget\" data-widget_type=\"text-editor.default\">\n\t\t\t\t<div class=\"elementor-widget-container\">\n\t\t\t\t\t\t\t\t\t<h3>Servis ekibiniz<\/h3>\n<p>Uzman departman\u0131m\u0131z sorular\u0131n\u0131z\u0131 yan\u0131tlamaktan, \u00fcr\u00fcnler hakk\u0131nda tavsiyelerde bulunmaktan, size ki\u015fiselle\u015ftirilmi\u015f bir fiyat teklifi veya bireysel proje planlamas\u0131 sunmaktan mutluluk duyacakt\u0131r.<\/p>\t\t\t\t\t\t\t\t<\/div>\n\t\t\t\t<\/div>\n\t\t<div data-particle_enable=\"false\" data-particle-mobile-disabled=\"false\" class=\"elementor-element elementor-element-f5fcd95 e-flex e-con-boxed e-con e-parent\" data-id=\"f5fcd95\" data-element_type=\"container\">\n\t\t\t\t\t<div class=\"e-con-inner\">\n\t\t\t\t<div class=\"elementor-element elementor-element-35cbe1b elementor-widget elementor-widget-image\" data-id=\"35cbe1b\" data-element_type=\"widget\" data-widget_type=\"image.default\">\n\t\t\t\t<div class=\"elementor-widget-container\">\n\t\t\t\t\t\t\t\t\t\t\t\t\t\t\t<img decoding=\"async\" width=\"150\" height=\"150\" src=\"https:\/\/konferenztechnik.de\/wp-content\/uploads\/2021\/08\/Monika-van-den-Boogaard-PCS-GmbH-konferenztechnik-small.jpg\" class=\"attachment-full size-full wp-image-18125\" alt=\"Monika van den Boogaard, Proje Dan\u0131\u015fman\u0131 PCS\" title=\"\">\t\t\t\t\t\t\t\t\t\t\t\t\t\t\t<\/div>\n\t\t\t\t<\/div>\n\t\t\t\t<div class=\"elementor-element elementor-element-de96823 elementor-widget elementor-widget-image\" data-id=\"de96823\" data-element_type=\"widget\" data-widget_type=\"image.default\">\n\t\t\t\t<div class=\"elementor-widget-container\">\n\t\t\t\t\t\t\t\t\t\t\t\t\t\t\t<img decoding=\"async\" width=\"150\" height=\"150\" src=\"https:\/\/konferenztechnik.de\/wp-content\/uploads\/2021\/08\/Sebastian-Meyer-PCS-GmbH-konferenztechnik-small.jpg\" class=\"attachment-full size-full wp-image-18120\" alt=\"Sebastian Meyer, Proje Planlay\u0131c\u0131s\u0131 PCS\" title=\"\">\t\t\t\t\t\t\t\t\t\t\t\t\t\t\t<\/div>\n\t\t\t\t<\/div>\n\t\t\t\t<div class=\"elementor-element elementor-element-316cc9b elementor-widget elementor-widget-image\" data-id=\"316cc9b\" data-element_type=\"widget\" data-widget_type=\"image.default\">\n\t\t\t\t<div class=\"elementor-widget-container\">\n\t\t\t\t\t\t\t\t\t\t\t\t\t\t\t<img loading=\"lazy\" decoding=\"async\" width=\"150\" height=\"150\" src=\"https:\/\/konferenztechnik.de\/wp-content\/uploads\/2021\/06\/sebastian-gegusch-pcs-gmbh.jpg\" class=\"attachment-full size-full wp-image-17774\" alt=\"Sebastian Gegusch-Gautier, Proje Dan\u0131\u015fman\u0131 PCS\" title=\"\">\t\t\t\t\t\t\t\t\t\t\t\t\t\t\t<\/div>\n\t\t\t\t<\/div>\n\t\t\t\t\t<\/div>\n\t\t\t\t<\/div>\n\t\t\t\t<div class=\"elementor-element elementor-element-f1b47e3 elementor-widget elementor-widget-text-editor\" data-id=\"f1b47e3\" data-element_type=\"widget\" data-widget_type=\"text-editor.default\">\n\t\t\t\t<div class=\"elementor-widget-container\">\n\t\t\t\t\t\t\t\t\t<p><a href=\"tel:08007274624\"><b>0800 727 46 24<\/b><\/a><br \/><a href=\"mailto:becker@konferenztechnik.de\">info@konferenztechnik.de<\/a><\/p>\t\t\t\t\t\t\t\t<\/div>\n\t\t\t\t<\/div>\n\t\t\t\t<\/div>\n\t\t<div data-particle_enable=\"false\" data-particle-mobile-disabled=\"false\" class=\"elementor-element elementor-element-2164f3c e-con-full e-flex e-con e-parent\" data-id=\"2164f3c\" data-element_type=\"container\">\n\t\t\t\t<div class=\"elementor-element elementor-element-f55b3a4 elementor-widget elementor-widget-text-editor\" data-id=\"f55b3a4\" data-element_type=\"widget\" data-widget_type=\"text-editor.default\">\n\t\t\t\t<div class=\"elementor-widget-container\">\n\t\t\t\t\t\t\t\t\t<h3>Geri arama hizmeti<\/h3>\t\t\t\t\t\t\t\t<\/div>\n\t\t\t\t<\/div>\n\t\t\t\t<div class=\"elementor-element elementor-element-1f4b959 elementor-button-align-stretch elementor-widget elementor-widget-form\" data-id=\"1f4b959\" data-element_type=\"widget\" data-settings=\"{&quot;step_next_label&quot;:&quot;N\\u00e4chster&quot;,&quot;step_previous_label&quot;:&quot;Voriger&quot;,&quot;button_width&quot;:&quot;100&quot;,&quot;step_type&quot;:&quot;number_text&quot;,&quot;step_icon_shape&quot;:&quot;circle&quot;}\" data-widget_type=\"form.default\">\n\t\t\t\t<div class=\"elementor-widget-container\">\n\t\t\t\t\t\t\t<form class=\"elementor-form\" method=\"post\" name=\"R\u00fcckruf Chris\" aria-label=\"Chris&#039;i hat\u0131rla\" action=\"\">\n\t\t\t<input type=\"hidden\" name=\"post_id\" value=\"21411\"\/>\n\t\t\t<input type=\"hidden\" name=\"form_id\" value=\"1f4b959\"\/>\n\t\t\t<input type=\"hidden\" name=\"referer_title\" value=\"\" \/>\n\n\t\t\t\n\t\t\t<div class=\"elementor-form-fields-wrapper elementor-labels-above\">\n\t\t\t\t\t\t\t\t<div class=\"elementor-field-type-tel elementor-field-group elementor-column elementor-field-group-name elementor-col-100 elementor-field-required\">\n\t\t\t\t\t\t\t\t\t\t\t\t<label for=\"form-field-name\" class=\"elementor-field-label\">\n\t\t\t\t\t\t\t\tTelefon numaran\u0131z\t\t\t\t\t\t\t<\/label>\n\t\t\t\t\t\t\t\t<input size=\"1\" type=\"tel\" name=\"form_fields[name]\" id=\"form-field-name\" class=\"elementor-field elementor-size-sm  elementor-field-textual\" required=\"required\" pattern=\"[0-9()#&amp;+*-=.]+\" title=\"Yaln\u0131zca say\u0131lar ve telefon karakterleri (#, -, *, vb.) kabul edilir.\">\n\n\t\t\t\t\t\t<\/div>\n\t\t\t\t\t\t\t\t<div class=\"elementor-field-type-text elementor-field-group elementor-column elementor-field-group-email elementor-col-100 elementor-field-required\">\n\t\t\t\t\t\t\t\t\t\t\t\t<label for=\"form-field-email\" class=\"elementor-field-label\">\n\t\t\t\t\t\t\t\tSizin ad\u0131n\u0131z\t\t\t\t\t\t\t<\/label>\n\t\t\t\t\t\t\t\t\t\t\t\t\t\t<input size=\"1\" type=\"text\" name=\"form_fields[email]\" id=\"form-field-email\" class=\"elementor-field elementor-size-sm  elementor-field-textual\" required=\"required\">\n\t\t\t\t\t\t\t\t\t\t\t<\/div>\n\t\t\t\t\t\t\t\t<div class=\"elementor-field-type-textarea elementor-field-group elementor-column elementor-field-group-message elementor-col-100\">\n\t\t\t\t\t\t\t\t\t\t\t\t<label for=\"form-field-message\" class=\"elementor-field-label\">\n\t\t\t\t\t\t\t\tMesaj\u0131n\u0131z\t\t\t\t\t\t\t<\/label>\n\t\t\t\t\t\t<textarea class=\"elementor-field-textual elementor-field  elementor-size-sm\" name=\"form_fields[message]\" id=\"form-field-message\" rows=\"4\"><\/textarea>\t\t\t\t<\/div>\n\t\t\t\t\t\t\t\t<div class=\"elementor-field-group elementor-column elementor-field-type-submit elementor-col-100 e-form__buttons\">\n\t\t\t\t\t<button class=\"elementor-button elementor-size-sm elementor-animation-shrink\" type=\"submit\">\n\t\t\t\t\t\t<span class=\"elementor-button-content-wrapper\">\n\t\t\t\t\t\t\t\t\t\t\t\t\t\t\t\t\t\t\t\t\t\t<span class=\"elementor-button-text\">G\u00f6nder<\/span>\n\t\t\t\t\t\t\t\t\t\t\t\t\t<\/span>\n\t\t\t\t\t<\/button>\n\t\t\t\t<\/div>\n\t\t\t<\/div>\n\t\t<input type=\"hidden\" name=\"trp-form-language\" value=\"tr\"\/><\/form>\n\t\t\t\t\t\t<\/div>\n\t\t\t\t<\/div>\n\t\t\t\t<\/div>\n\t\t\t\t<\/div>\n\t\t\t\t\t<\/div>\n\t\t\t\t<\/div>\n\t\t<div data-particle_enable=\"false\" data-particle-mobile-disabled=\"false\" class=\"elementor-element elementor-element-96402b8 e-flex e-con-boxed e-con e-parent\" data-id=\"96402b8\" data-element_type=\"container\">\n\t\t\t\t\t<div class=\"e-con-inner\">\n\t\t\t\t<div class=\"elementor-element elementor-element-27529f3 elementor-widget elementor-widget-shortcode\" data-id=\"27529f3\" data-element_type=\"widget\" data-widget_type=\"shortcode.default\">\n\t\t\t\t<div class=\"elementor-widget-container\">\n\t\t\t\t\t\t\t<div class=\"elementor-shortcode\">\t\t<div data-elementor-type=\"container\" data-elementor-id=\"29098\" class=\"elementor elementor-29098\" data-elementor-post-type=\"elementor_library\">\n\t\t\t\t<div data-particle_enable=\"false\" data-particle-mobile-disabled=\"false\" class=\"elementor-element elementor-element-699d0d1a e-flex e-con-boxed e-con e-parent\" data-id=\"699d0d1a\" data-element_type=\"container\">\n\t\t\t\t\t<div class=\"e-con-inner\">\n\t\t\t\t<div class=\"elementor-element elementor-element-11f236ba elementor-widget elementor-widget-post-navigation\" data-id=\"11f236ba\" data-element_type=\"widget\" data-widget_type=\"post-navigation.default\">\n\t\t\t\t<div class=\"elementor-widget-container\">\n\t\t\t\t\t\t\t<div class=\"elementor-post-navigation\" role=\"navigation\" aria-label=\"Navigasyon G\u00f6nder\">\n\t\t\t<div class=\"elementor-post-navigation__prev elementor-post-navigation__link\">\n\t\t\t\t<a href=\"https:\/\/konferenztechnik.de\/tr\/av-ses-ve-goeruentue-eki%cc%87pmani-ki%cc%87ralama-satin-alma-kurulum-ki%cc%87ralama\/\" rel=\"prev\"><span class=\"post-navigation__arrow-wrapper post-navigation__arrow-prev\"><svg aria-hidden=\"true\" class=\"e-font-icon-svg e-fas-arrow-left\" viewbox=\"0 0 448 512\" xmlns=\"http:\/\/www.w3.org\/2000\/svg\"><path d=\"M257.5 445.1l-22.2 22.2c-9.4 9.4-24.6 9.4-33.9 0L7 273c-9.4-9.4-9.4-24.6 0-33.9L201.4 44.7c9.4-9.4 24.6-9.4 33.9 0l22.2 22.2c9.5 9.5 9.3 25-.4 34.3L136.6 216H424c13.3 0 24 10.7 24 24v32c0 13.3-10.7 24-24 24H136.6l120.5 114.8c9.8 9.3 10 24.8.4 34.3z\"><\/path><\/svg><span class=\"elementor-screen-only\">Prev<\/span><\/span><span class=\"elementor-post-navigation__link__prev\"><span class=\"post-navigation__prev--label\">\u00d6nceki<\/span><span class=\"post-navigation__prev--title\">AV: Ses ve video teknolojisi<\/span><\/span><\/a>\t\t\t<\/div>\n\t\t\t\t\t\t<div class=\"elementor-post-navigation__next elementor-post-navigation__link\">\n\t\t\t\t<a href=\"https:\/\/konferenztechnik.de\/tr\/etkinlikler-icin-acilis-sayfalari-sanal-etkinlik-platformlari\/\" rel=\"next\"><span class=\"elementor-post-navigation__link__next\"><span class=\"post-navigation__next--label\">Sonraki<\/span><span class=\"post-navigation__next--title\">Etkinlikler i\u00e7in a\u00e7\u0131l\u0131\u015f sayfalar\u0131, sanal etkinlik platformlar\u0131<\/span><\/span><span class=\"post-navigation__arrow-wrapper post-navigation__arrow-next\"><svg aria-hidden=\"true\" class=\"e-font-icon-svg e-fas-arrow-right\" viewbox=\"0 0 448 512\" xmlns=\"http:\/\/www.w3.org\/2000\/svg\"><path d=\"M190.5 66.9l22.2-22.2c9.4-9.4 24.6-9.4 33.9 0L441 239c9.4 9.4 9.4 24.6 0 33.9L246.6 467.3c-9.4 9.4-24.6 9.4-33.9 0l-22.2-22.2c-9.5-9.5-9.3-25 .4-34.3L311.4 296H24c-13.3 0-24-10.7-24-24v-32c0-13.3 10.7-24 24-24h287.4L190.9 101.2c-9.8-9.3-10-24.8-.4-34.3z\"><\/path><\/svg><span class=\"elementor-screen-only\">Sonraki<\/span><\/span><\/a>\t\t\t<\/div>\n\t\t<\/div>\n\t\t\t\t\t\t<\/div>\n\t\t\t\t<\/div>\n\t\t\t\t<div class=\"elementor-element elementor-element-81a2b13 elementor-align-center elementor-icon-list--layout-traditional elementor-list-item-link-full_width elementor-widget elementor-widget-icon-list\" data-id=\"81a2b13\" data-element_type=\"widget\" data-widget_type=\"icon-list.default\">\n\t\t\t\t<div class=\"elementor-widget-container\">\n\t\t\t\t\t\t\t<ul class=\"elementor-icon-list-items\">\n\t\t\t\t\t\t\t<li class=\"elementor-icon-list-item\">\n\t\t\t\t\t\t\t\t\t\t\t<a href=\"\/tr\/haberler\/\">\n\n\t\t\t\t\t\t\t\t\t\t\t\t<span class=\"elementor-icon-list-icon\">\n\t\t\t\t\t\t\t<svg xmlns=\"http:\/\/www.w3.org\/2000\/svg\" id=\"uuid-5a27b650-727a-4659-9d92-75e42c38903b\" viewbox=\"0 0 19.67 14.54\"><g id=\"uuid-40aca98c-811b-43af-9bb7-b3a092d9bdfe\"><rect x=\".03\" width=\"6\" height=\"6\" rx=\"2\" ry=\"2\" style=\"fill:currentColor\"><\/rect><rect x=\"6.85\" width=\"6\" height=\"7.65\" rx=\"2\" ry=\"2\" style=\"fill:currentColor\"><\/rect><rect x=\"13.67\" width=\"6\" height=\"6.51\" rx=\"2\" ry=\"2\" style=\"fill:currentColor\"><\/rect><rect y=\"7\" width=\"6\" height=\"7.55\" rx=\"2\" ry=\"2\" style=\"fill:currentColor\"><\/rect><rect x=\"13.64\" y=\"7.22\" width=\"6\" height=\"7.33\" rx=\"2\" ry=\"2\" style=\"fill:currentColor\"><\/rect><rect x=\"6.82\" y=\"8.54\" width=\"6\" height=\"6\" rx=\"2\" ry=\"2\" style=\"fill:currentColor\"><\/rect><\/g><\/svg>\t\t\t\t\t\t<\/span>\n\t\t\t\t\t\t\t\t\t\t<span class=\"elementor-icon-list-text\"><\/span>\n\t\t\t\t\t\t\t\t\t\t\t<\/a>\n\t\t\t\t\t\t\t\t\t<\/li>\n\t\t\t\t\t\t<\/ul>\n\t\t\t\t\t\t<\/div>\n\t\t\t\t<\/div>\n\t\t\t\t\t<\/div>\n\t\t\t\t<\/div>\n\t\t\t\t<\/div>\n\t\t<\/div>\n\t\t\t\t\t\t<\/div>\n\t\t\t\t<\/div>\n\t\t\t\t\t<\/div>\n\t\t\t\t<\/div>\n\t\t\t\t<\/div>","protected":false},"excerpt":{"rendered":"<p>MS Teams art\u0131k \u00e7ok dilli ve \"simultane terc\u00fcme\" i\u015flevine de sahip<\/p>","protected":false},"author":2,"featured_media":21474,"comment_status":"closed","ping_status":"closed","sticky":false,"template":"","format":"standard","meta":{"_acf_changed":false,"footnotes":""},"categories":[16,21,20],"tags":[],"class_list":["post-21411","post","type-post","status-publish","format-standard","has-post-thumbnail","hentry","category-digital-und-hybrid","category-events","category-populaer"],"acf":[],"_links":{"self":[{"href":"https:\/\/konferenztechnik.de\/tr\/wp-json\/wp\/v2\/posts\/21411","targetHints":{"allow":["GET"]}}],"collection":[{"href":"https:\/\/konferenztechnik.de\/tr\/wp-json\/wp\/v2\/posts"}],"about":[{"href":"https:\/\/konferenztechnik.de\/tr\/wp-json\/wp\/v2\/types\/post"}],"author":[{"embeddable":true,"href":"https:\/\/konferenztechnik.de\/tr\/wp-json\/wp\/v2\/users\/2"}],"replies":[{"embeddable":true,"href":"https:\/\/konferenztechnik.de\/tr\/wp-json\/wp\/v2\/comments?post=21411"}],"version-history":[{"count":0,"href":"https:\/\/konferenztechnik.de\/tr\/wp-json\/wp\/v2\/posts\/21411\/revisions"}],"wp:featuredmedia":[{"embeddable":true,"href":"https:\/\/konferenztechnik.de\/tr\/wp-json\/wp\/v2\/media\/21474"}],"wp:attachment":[{"href":"https:\/\/konferenztechnik.de\/tr\/wp-json\/wp\/v2\/media?parent=21411"}],"wp:term":[{"taxonomy":"category","embeddable":true,"href":"https:\/\/konferenztechnik.de\/tr\/wp-json\/wp\/v2\/categories?post=21411"},{"taxonomy":"post_tag","embeddable":true,"href":"https:\/\/konferenztechnik.de\/tr\/wp-json\/wp\/v2\/tags?post=21411"}],"curies":[{"name":"wp","href":"https:\/\/api.w.org\/{rel}","templated":true}]}}