{"id":24659,"date":"2023-07-13T12:41:00","date_gmt":"2023-07-13T10:41:00","guid":{"rendered":"http:\/\/dev.konferenztechnik.de\/?p=24659"},"modified":"2024-09-02T15:18:44","modified_gmt":"2024-09-02T13:18:44","slug":"soezlue-ceviri-merkezleri-ve-soezlue-ceviri-stuedyolari","status":"publish","type":"post","link":"https:\/\/konferenztechnik.de\/tr\/soezlue-ceviri-merkezleri-ve-soezlue-ceviri-stuedyolari\/","title":{"rendered":"S\u00f6zl\u00fc \u00e7eviri merkezleri ve s\u00f6zl\u00fc \u00e7eviri st\u00fcdyolar\u0131"},"content":{"rendered":"<div data-elementor-type=\"wp-post\" data-elementor-id=\"24659\" class=\"elementor elementor-24659\" data-elementor-post-type=\"post\">\n\t\t\t\t<div data-particle_enable=\"false\" data-particle-mobile-disabled=\"false\" class=\"elementor-element elementor-element-baef4a6 e-con-full e-flex e-con e-parent\" data-id=\"baef4a6\" data-element_type=\"container\">\n\t\t<div data-particle_enable=\"false\" data-particle-mobile-disabled=\"false\" class=\"elementor-element elementor-element-034e08c e-flex e-con-boxed e-con e-child\" data-id=\"034e08c\" data-element_type=\"container\">\n\t\t\t\t\t<div class=\"e-con-inner\">\n\t\t\t\t<div class=\"elementor-element elementor-element-d60f76d elementor-widget__width-inherit elementor-widget elementor-widget-heading\" data-id=\"d60f76d\" data-element_type=\"widget\" data-widget_type=\"heading.default\">\n\t\t\t\t<div class=\"elementor-widget-container\">\n\t\t\t\t\t<h1 class=\"elementor-heading-title elementor-size-default\">S\u00f6zl\u00fc \u00e7eviri merkezleri ve s\u00f6zl\u00fc \u00e7eviri st\u00fcdyolar\u0131<\/h1>\t\t\t\t<\/div>\n\t\t\t\t<\/div>\n\t\t\t\t<div class=\"elementor-element elementor-element-03d8cb1 elementor-widget elementor-widget-image\" data-id=\"03d8cb1\" data-element_type=\"widget\" data-widget_type=\"image.default\">\n\t\t\t\t<div class=\"elementor-widget-container\">\n\t\t\t\t\t\t\t\t\t\t\t\t\t\t\t<img fetchpriority=\"high\" decoding=\"async\" width=\"2560\" height=\"955\" src=\"https:\/\/konferenztechnik.de\/wp-content\/uploads\/2023\/07\/dolmetsch-hub-mieten-rsi-scaled.webp\" class=\"attachment-full size-full wp-image-39349\" alt=\"Bir konferans teknisyeni bir s\u00f6zl\u00fc \u00e7eviri merkezini i\u015fletir, terc\u00fcmanlar s\u00f6zl\u00fc \u00e7eviri st\u00fcdyosunda oturur ve bir konferans\u0131 yorumlar.\" srcset=\"https:\/\/konferenztechnik.de\/wp-content\/uploads\/2023\/07\/dolmetsch-hub-mieten-rsi-scaled.webp 2560w, https:\/\/konferenztechnik.de\/wp-content\/uploads\/2023\/07\/dolmetsch-hub-mieten-rsi-300x112.webp 300w, https:\/\/konferenztechnik.de\/wp-content\/uploads\/2023\/07\/dolmetsch-hub-mieten-rsi-1024x382.webp 1024w, https:\/\/konferenztechnik.de\/wp-content\/uploads\/2023\/07\/dolmetsch-hub-mieten-rsi-768x287.webp 768w, https:\/\/konferenztechnik.de\/wp-content\/uploads\/2023\/07\/dolmetsch-hub-mieten-rsi-1536x573.webp 1536w, https:\/\/konferenztechnik.de\/wp-content\/uploads\/2023\/07\/dolmetsch-hub-mieten-rsi-2048x764.webp 2048w, https:\/\/konferenztechnik.de\/wp-content\/uploads\/2023\/07\/dolmetsch-hub-mieten-rsi-18x7.webp 18w\" sizes=\"(max-width: 2560px) 100vw, 2560px\" title=\"\">\t\t\t\t\t\t\t\t\t\t\t\t\t\t\t<\/div>\n\t\t\t\t<\/div>\n\t\t\t\t\t<\/div>\n\t\t\t\t<\/div>\n\t\t\t\t<\/div>\n\t\t<div data-particle_enable=\"false\" data-particle-mobile-disabled=\"false\" class=\"elementor-element elementor-element-6fe2463 e-flex e-con-boxed e-con e-parent\" data-id=\"6fe2463\" data-element_type=\"container\">\n\t\t\t\t\t<div class=\"e-con-inner\">\n\t\t\t\t<div class=\"elementor-element elementor-element-33702d2 elementor-widget__width-inherit elementor-widget elementor-widget-heading\" data-id=\"33702d2\" data-element_type=\"widget\" data-widget_type=\"heading.default\">\n\t\t\t\t<div class=\"elementor-widget-container\">\n\t\t\t\t\t<h2 class=\"elementor-heading-title elementor-size-default\">Lokasyonlar\u0131m\u0131zdaki s\u00f6zl\u00fc \u00e7eviri merkezlerimiz<\/h2>\t\t\t\t<\/div>\n\t\t\t\t<\/div>\n\t\t\t\t<div class=\"elementor-element elementor-element-72c091c elementor-widget__width-inherit elementor-widget elementor-widget-eael-post-list\" data-id=\"72c091c\" data-element_type=\"widget\" data-settings=\"{&quot;_animation&quot;:&quot;none&quot;}\" data-widget_type=\"eael-post-list.default\">\n\t\t\t\t<div class=\"elementor-widget-container\">\n\t\t\t\t\t<div class=\"eael-post-list-container advanced layout-advanced\"><div class=\"eael-post-list-wrap\"><div class=\"eael-post-list-posts-wrap eael-post-appender eael-post-appender-72c091c\"><div class=\"eael-post-list-post\"><div class=\"eael-post-list-post-inner\"><div class=\"eael-post-list-thumbnail\"><a href=\"https:\/\/konferenztechnik.de\/tr\/soezlue-tercueme-merkezi-soezlue-tercueme-stuedyosu-berlin\/\">\n                <img decoding=\"async\" src=\"https:\/\/konferenztechnik.de\/wp-content\/uploads\/2022\/09\/dolmetsch-studio-berlin-jpg.webp\" alt=\"PCS&#039;nin Berlin&#039;deki s\u00f6zl\u00fc \u00e7eviri st\u00fcdyolar\u0131ndan biri, burada en \u00fcst katta, s\u00f6zl\u00fc \u00e7eviri kabinleri manzaral\u0131\" title=\"\">\n            <\/a><\/div><div class=\"eael-post-list-content\"><h3 class=\"eael-post-list-title\"><a href=\"https:\/\/konferenztechnik.de\/tr\/soezlue-tercueme-merkezi-soezlue-tercueme-stuedyosu-berlin\/\" >S\u00f6zl\u00fc \u00e7eviri merkezi, s\u00f6zl\u00fc \u00e7eviri st\u00fcdyosu Berlin<\/a><\/h3><p>Berlin'deki s\u00f6zl\u00fc terc\u00fcme merkezimiz merkezi bir konumda, profesyonel ve elveri\u015flidir. Birden fazla...<\/p><a href=\"https:\/\/konferenztechnik.de\/tr\/soezlue-tercueme-merkezi-soezlue-tercueme-stuedyosu-berlin\/\" class=\"eael-post-elements-readmore-btn\" >\u015fimdi bilgilendir<\/a><div class=\"boxed-meta\"><\/div><\/div><\/div><\/div><div class=\"eael-post-list-post\"><div class=\"eael-post-list-post-inner\"><div class=\"eael-post-list-thumbnail\"><a href=\"https:\/\/konferenztechnik.de\/tr\/soezlue-tercueme-merkezi-soezlue-tercueme-stuedyosu-duesseldorf\/\">\n                <img decoding=\"async\" src=\"https:\/\/konferenztechnik.de\/wp-content\/uploads\/2022\/04\/dolmetsch-hub-duesseldorf-rooftop-jpg.webp\" alt=\"Simultane terc\u00fcmanlar, PCS D\u00fcsseldorf&#039;taki s\u00f6zl\u00fc \u00e7eviri merkezinde ses yal\u0131t\u0131ml\u0131 bir s\u00f6zl\u00fc \u00e7eviri kabininde oturuyor\" title=\"\">\n            <\/a><\/div><div class=\"eael-post-list-content\"><h3 class=\"eael-post-list-title\"><a href=\"https:\/\/konferenztechnik.de\/tr\/soezlue-tercueme-merkezi-soezlue-tercueme-stuedyosu-duesseldorf\/\" >S\u00f6zl\u00fc \u00e7eviri merkezi, s\u00f6zl\u00fc \u00e7eviri st\u00fcdyosu D\u00fcsseldorf<\/a><\/h3><p>D\u00fcsseldorf'taki s\u00f6zl\u00fc \u00e7eviri merkezimiz, konsantre ve keyifli bir \u00e7al\u0131\u015fma i\u00e7in m\u00fckemmel bir ortam sunuyor.<\/p><a href=\"https:\/\/konferenztechnik.de\/tr\/soezlue-tercueme-merkezi-soezlue-tercueme-stuedyosu-duesseldorf\/\" class=\"eael-post-elements-readmore-btn\" >\u015fimdi bilgilendir<\/a><div class=\"boxed-meta\"><\/div><\/div><\/div><\/div><div class=\"eael-post-list-post\"><div class=\"eael-post-list-post-inner\"><div class=\"eael-post-list-thumbnail\"><a href=\"https:\/\/konferenztechnik.de\/tr\/soezlue-tercueme-merkezi%cc%87-soezlue-tercueme-stuedyosu-mueni%cc%87h\/\">\n                <img decoding=\"async\" src=\"https:\/\/konferenztechnik.de\/wp-content\/uploads\/2023\/07\/dolmetsch-hub-muenchen-jpg.webp\" alt=\"M\u00fcnih&#039;te s\u00f6zl\u00fc \u00e7eviri kabinleri bulunan s\u00f6zl\u00fc \u00e7eviri merkezi\" title=\"\">\n            <\/a><\/div><div class=\"eael-post-list-content\"><h3 class=\"eael-post-list-title\"><a href=\"https:\/\/konferenztechnik.de\/tr\/soezlue-tercueme-merkezi%cc%87-soezlue-tercueme-stuedyosu-mueni%cc%87h\/\" >S\u00f6zl\u00fc \u00c7eviri Merkezi, S\u00f6zl\u00fc \u00c7eviri St\u00fcdyosu M\u00fcnih<\/a><\/h3><p>M\u00fcnih'teki s\u00f6zl\u00fc \u00e7eviri merkezimiz en k\u00fc\u00e7\u00fck HUB'\u0131m\u0131zd\u0131r ve 8 i\u015f istasyonu bar\u0131nd\u0131r\u0131r,...<\/p><a href=\"https:\/\/konferenztechnik.de\/tr\/soezlue-tercueme-merkezi%cc%87-soezlue-tercueme-stuedyosu-mueni%cc%87h\/\" class=\"eael-post-elements-readmore-btn\" >\u015fimdi bilgilendir<\/a><div class=\"boxed-meta\"><\/div><\/div><\/div><\/div><\/div><\/div>\n\t\t<\/div>\t\t\t\t<\/div>\n\t\t\t\t<\/div>\n\t\t\t\t\t<\/div>\n\t\t\t\t<\/div>\n\t\t<div data-particle_enable=\"false\" data-particle-mobile-disabled=\"false\" class=\"elementor-element elementor-element-f69ce23 e-flex e-con-boxed e-con e-parent\" data-id=\"f69ce23\" data-element_type=\"container\">\n\t\t\t\t\t<div class=\"e-con-inner\">\n\t\t\t\t<div class=\"elementor-element elementor-element-9b35b62 elementor-widget elementor-widget-button\" data-id=\"9b35b62\" data-element_type=\"widget\" data-widget_type=\"button.default\">\n\t\t\t\t<div class=\"elementor-widget-container\">\n\t\t\t\t\t\t\t\t\t<div class=\"elementor-button-wrapper\">\n\t\t\t\t\t<a class=\"elementor-button elementor-button-link elementor-size-lg\" href=\"#serviceteam\">\n\t\t\t\t\t\t<span class=\"elementor-button-content-wrapper\">\n\t\t\t\t\t\t<span class=\"elementor-button-icon\">\n\t\t\t\t<svg aria-hidden=\"true\" class=\"e-font-icon-svg e-far-arrow-alt-circle-down\" viewbox=\"0 0 512 512\" xmlns=\"http:\/\/www.w3.org\/2000\/svg\"><path d=\"M256 8C119 8 8 119 8 256s111 248 248 248 248-111 248-248S393 8 256 8zm0 448c-110.5 0-200-89.5-200-200S145.5 56 256 56s200 89.5 200 200-89.5 200-200 200zm-32-316v116h-67c-10.7 0-16 12.9-8.5 20.5l99 99c4.7 4.7 12.3 4.7 17 0l99-99c7.6-7.6 2.2-20.5-8.5-20.5h-67V140c0-6.6-5.4-12-12-12h-40c-6.6 0-12 5.4-12 12z\"><\/path><\/svg>\t\t\t<\/span>\n\t\t\t\t\t\t\t\t\t<span class=\"elementor-button-text\">\u015eimdi Sorgula<\/span>\n\t\t\t\t\t<\/span>\n\t\t\t\t\t<\/a>\n\t\t\t\t<\/div>\n\t\t\t\t\t\t\t\t<\/div>\n\t\t\t\t<\/div>\n\t\t\t\t\t<\/div>\n\t\t\t\t<\/div>\n\t\t<div data-particle_enable=\"false\" data-particle-mobile-disabled=\"false\" class=\"elementor-element elementor-element-24051e3 e-flex e-con-boxed e-con e-parent\" data-id=\"24051e3\" data-element_type=\"container\">\n\t\t\t\t\t<div class=\"e-con-inner\">\n\t\t\t\t<div class=\"elementor-element elementor-element-3f90a70 elementor-widget__width-inherit elementor-widget elementor-widget-heading\" data-id=\"3f90a70\" data-element_type=\"widget\" data-widget_type=\"heading.default\">\n\t\t\t\t<div class=\"elementor-widget-container\">\n\t\t\t\t\t<h2 class=\"elementor-heading-title elementor-size-default\">Sabit ve mobil s\u00f6zl\u00fc \u00e7eviri merkezleri ve s\u00f6zl\u00fc \u00e7eviri st\u00fcdyolar\u0131<\/h2>\t\t\t\t<\/div>\n\t\t\t\t<\/div>\n\t\t\t\t<div class=\"elementor-element elementor-element-d70d198 elementor-widget__width-inherit elementor-widget elementor-widget-text-editor\" data-id=\"d70d198\" data-element_type=\"widget\" data-widget_type=\"text-editor.default\">\n\t\t\t\t<div class=\"elementor-widget-container\">\n\t\t\t\t\t\t\t\t\t<p>PCS konferenztechnik.de, Almanya genelinde \u00e7e\u015fitli b\u00fcy\u00fckl\u00fcklerde s\u00f6zl\u00fc \u00e7eviri st\u00fcdyolar\u0131na sahip s\u00f6zl\u00fc \u00e7eviri merkezleri i\u015fletmektedir. T\u00fcm lokasyonlarda en profesyonel teknolojiyi, etkinlik koordinasyonunu, modern tesisleri, yemek servisini ve tam hizmeti sunuyoruz.<\/p><p>\u00a0<\/p><p>St\u00fcdyolar\u0131m\u0131zda deneyimli teknisyenler \u00e7al\u0131\u015fmaktad\u0131r ve etkinli\u011finiz teknik moderat\u00f6rlerimiz taraf\u0131ndan kurulacak ve desteklenecektir.<\/p><p>\u00a0<\/p><p>Video konferanslar\u0131n\u0131za, yay\u0131nlar\u0131n\u0131za veya yerinde etkinliklerinize do\u011frudan merkezlerimizden terc\u00fcmanlar ekleyin.<\/p><p>Gerekirse, Almanya ve Avrupa genelinde \u015firketinizde veya tesislerinizde ge\u00e7ici veya kal\u0131c\u0131 s\u00f6zl\u00fc \u00e7eviri merkezleri de kurabiliriz.<\/p>\t\t\t\t\t\t\t\t<\/div>\n\t\t\t\t<\/div>\n\t\t\t\t<div class=\"elementor-element elementor-element-d20e8eb elementor-icon-list--layout-traditional elementor-list-item-link-full_width elementor-widget elementor-widget-icon-list\" data-id=\"d20e8eb\" data-element_type=\"widget\" data-widget_type=\"icon-list.default\">\n\t\t\t\t<div class=\"elementor-widget-container\">\n\t\t\t\t\t\t\t<ul class=\"elementor-icon-list-items\">\n\t\t\t\t\t\t\t<li class=\"elementor-icon-list-item\">\n\t\t\t\t\t\t\t\t\t\t\t<a href=\"\/tr\/tercuemanlik-merkezi%cc%87-nedi%cc%87r\/\">\n\n\t\t\t\t\t\t\t\t\t\t\t\t<span class=\"elementor-icon-list-icon\">\n\t\t\t\t\t\t\t<svg aria-hidden=\"true\" class=\"e-font-icon-svg e-fas-chevron-right\" viewbox=\"0 0 320 512\" xmlns=\"http:\/\/www.w3.org\/2000\/svg\"><path d=\"M285.476 272.971L91.132 467.314c-9.373 9.373-24.569 9.373-33.941 0l-22.667-22.667c-9.357-9.357-9.375-24.522-.04-33.901L188.505 256 34.484 101.255c-9.335-9.379-9.317-24.544.04-33.901l22.667-22.667c9.373-9.373 24.569-9.373 33.941 0L285.475 239.03c9.373 9.372 9.373 24.568.001 33.941z\"><\/path><\/svg>\t\t\t\t\t\t<\/span>\n\t\t\t\t\t\t\t\t\t\t<span class=\"elementor-icon-list-text\">Terc\u00fcme merkezi nedir?<\/span>\n\t\t\t\t\t\t\t\t\t\t\t<\/a>\n\t\t\t\t\t\t\t\t\t<\/li>\n\t\t\t\t\t\t<\/ul>\n\t\t\t\t\t\t<\/div>\n\t\t\t\t<\/div>\n\t\t\t\t<div class=\"elementor-element elementor-element-b2c114c elementor-widget__width-inherit elementor-widget elementor-widget-heading\" data-id=\"b2c114c\" data-element_type=\"widget\" id=\"wanndolmetschhub\" data-widget_type=\"heading.default\">\n\t\t\t\t<div class=\"elementor-widget-container\">\n\t\t\t\t\t<h2 class=\"elementor-heading-title elementor-size-default\"> Ne zaman ve neden bir terc\u00fcmanl\u0131k merkezi kullan\u0131lmal\u0131?<\/h2>\t\t\t\t<\/div>\n\t\t\t\t<\/div>\n\t\t\t\t<div class=\"elementor-element elementor-element-8608670 elementor-widget__width-inherit elementor-widget elementor-widget-text-editor\" data-id=\"8608670\" data-element_type=\"widget\" data-widget_type=\"text-editor.default\">\n\t\t\t\t<div class=\"elementor-widget-container\">\n\t\t\t\t\t\t\t\t\t<p>Dometsch merkezinin amac\u0131, maliyetleri ve zaman\u0131 en aza indirirken canl\u0131 etkinliklerin m\u00fcmk\u00fcn olan en iyi \u015fekilde yorumlanmas\u0131n\u0131 sa\u011flamakt\u0131r.<\/p><p>\u00a0<\/p><p>Hepsinden \u00f6nemlisi, teknoloji, ula\u015f\u0131m ve konaklama i\u00e7in kurulum ve s\u00f6k\u00fcm maliyetlerinden tasarruf edilir. Bu nedenle s\u00f6zl\u00fc \u00e7eviri merkezinde \u00e7al\u0131\u015fmak, i\u015fi sahada yapmaktan genellikle daha iklim dostudur.<\/p><p>\u00a0<\/p><p>Terc\u00fcmanlar i\u00e7in m\u00fcmk\u00fcn olan en iyi \u00e7al\u0131\u015fma ko\u015fullar\u0131n\u0131 yaratmak ve teknik a\u00e7\u0131dan m\u00fckemmel ses ve g\u00f6r\u00fcnt\u00fc kalitesini garanti etmek, profesyonel bir s\u00f6zl\u00fc terc\u00fcme merkezinin temel g\u00f6revleridir.<\/p>\t\t\t\t\t\t\t\t<\/div>\n\t\t\t\t<\/div>\n\t\t\t\t<div class=\"elementor-element elementor-element-66a72f2 elementor-widget__width-inherit elementor-widget elementor-widget-heading\" data-id=\"66a72f2\" data-element_type=\"widget\" data-widget_type=\"heading.default\">\n\t\t\t\t<div class=\"elementor-widget-container\">\n\t\t\t\t\t<h2 class=\"elementor-heading-title elementor-size-default\">Ne sunuyoruz<\/h2>\t\t\t\t<\/div>\n\t\t\t\t<\/div>\n\t\t\t\t<div class=\"elementor-element elementor-element-80fe9c2 elementor-widget__width-inherit elementor-widget elementor-widget-heading\" data-id=\"80fe9c2\" data-element_type=\"widget\" data-widget_type=\"heading.default\">\n\t\t\t\t<div class=\"elementor-widget-container\">\n\t\t\t\t\t<h2 class=\"elementor-heading-title elementor-size-default\">Ses ve g\u00f6r\u00fcnt\u00fcde teknik parlakl\u0131k<\/h2>\t\t\t\t<\/div>\n\t\t\t\t<\/div>\n\t\t\t\t<div class=\"elementor-element elementor-element-bf99b5f elementor-widget__width-inherit elementor-widget elementor-widget-text-editor\" data-id=\"bf99b5f\" data-element_type=\"widget\" data-widget_type=\"text-editor.default\">\n\t\t\t\t<div class=\"elementor-widget-container\">\n\t\t\t\t\t\t\t\t\t<p>E\u011fitimli etkinlik teknisyenleri ve profesyonel bir ses ve g\u00f6r\u00fcnt\u00fc ortam\u0131, kompres\u00f6rler, s\u0131n\u0131rlay\u0131c\u0131lar ve DIN uyumlu i\u015fleme kulaklar\u0131 korur ve konsantre olmay\u0131 sa\u011flar. Uzaktan terc\u00fcmanl\u0131\u011f\u0131m\u0131z konu\u015fma kalitesi ve s\u0131f\u0131r gecikme i\u00e7in optimize edilmi\u015ftir.<\/p><p>\u00a0<\/p><p>\u00a0<\/p><p>Terc\u00fcmanlara, m\u00fcmk\u00fcn olan en iyi \u00e7al\u0131\u015fmay\u0131 garanti eden ola\u011fan profesyonel teknoloji sa\u011flanmaktad\u0131r.<\/p>\t\t\t\t\t\t\t\t<\/div>\n\t\t\t\t<\/div>\n\t\t\t\t\t<\/div>\n\t\t\t\t<\/div>\n\t\t<div data-particle_enable=\"false\" data-particle-mobile-disabled=\"false\" class=\"elementor-element elementor-element-8895ae0 e-flex e-con-boxed e-con e-parent\" data-id=\"8895ae0\" data-element_type=\"container\">\n\t\t\t\t\t<div class=\"e-con-inner\">\n\t\t\t\t<div class=\"elementor-element elementor-element-1192d01 elementor-widget__width-inherit elementor-widget elementor-widget-heading\" data-id=\"1192d01\" data-element_type=\"widget\" data-widget_type=\"heading.default\">\n\t\t\t\t<div class=\"elementor-widget-container\">\n\t\t\t\t\t<h2 class=\"elementor-heading-title elementor-size-default\">Ar\u0131za emniyetli internet ba\u011flant\u0131s\u0131 <\/h2>\t\t\t\t<\/div>\n\t\t\t\t<\/div>\n\t\t\t\t<div class=\"elementor-element elementor-element-2d792b5 elementor-widget__width-inherit elementor-widget elementor-widget-text-editor\" data-id=\"2d792b5\" data-element_type=\"widget\" data-widget_type=\"text-editor.default\">\n\t\t\t\t<div class=\"elementor-widget-container\">\n\t\t\t\t\t\t\t\t\t<p>\u0130nternet ba\u011flant\u0131lar\u0131m\u0131z \u00e7oklu bant geni\u015fli\u011fi ve gecikme s\u00fcresi gereksinimlerini kar\u015f\u0131l\u0131yor ve merkezlerimiz elektrik ve internet kesintilerine kar\u015f\u0131 da haz\u0131rl\u0131kl\u0131. \u0130nternet ve elektrik kesilse bile kendi g\u00fc\u00e7 kayna\u011f\u0131m\u0131z ve y\u00fcksek kaliteli mobil internetimiz sayesinde \u00e7al\u0131\u015fmaya devam edebiliyoruz.<\/p>\t\t\t\t\t\t\t\t<\/div>\n\t\t\t\t<\/div>\n\t\t\t\t\t<\/div>\n\t\t\t\t<\/div>\n\t\t<div data-particle_enable=\"false\" data-particle-mobile-disabled=\"false\" class=\"elementor-element elementor-element-cbc9814 e-flex e-con-boxed e-con e-parent\" data-id=\"cbc9814\" data-element_type=\"container\">\n\t\t\t\t\t<div class=\"e-con-inner\">\n\t\t\t\t<div class=\"elementor-element elementor-element-30d60b7 elementor-widget__width-inherit elementor-widget elementor-widget-heading\" data-id=\"30d60b7\" data-element_type=\"widget\" data-widget_type=\"heading.default\">\n\t\t\t\t<div class=\"elementor-widget-container\">\n\t\t\t\t\t<h2 class=\"elementor-heading-title elementor-size-default\">GDPR ve engelsiz uygulama<\/h2>\t\t\t\t<\/div>\n\t\t\t\t<\/div>\n\t\t\t\t<div class=\"elementor-element elementor-element-2efe0ba elementor-widget__width-inherit elementor-widget elementor-widget-text-editor\" data-id=\"2efe0ba\" data-element_type=\"widget\" data-widget_type=\"text-editor.default\">\n\t\t\t\t<div class=\"elementor-widget-container\">\n\t\t\t\t\t\t\t\t\t<p>Veri koruma ve engelsiz eri\u015fimi dikkate al\u0131yoruz. Sistemlerimiz Almanya'da bulunan g\u00fcvenli sunucular\u0131m\u0131zda \u00e7al\u0131\u015f\u0131r ve GDPR uyumludur.\u00a0<\/p>\t\t\t\t\t\t\t\t<\/div>\n\t\t\t\t<\/div>\n\t\t\t\t\t<\/div>\n\t\t\t\t<\/div>\n\t\t<div data-particle_enable=\"false\" data-particle-mobile-disabled=\"false\" class=\"elementor-element elementor-element-c1f5e7c e-flex e-con-boxed e-con e-parent\" data-id=\"c1f5e7c\" data-element_type=\"container\">\n\t\t\t\t\t<div class=\"e-con-inner\">\n\t\t\t\t<div class=\"elementor-element elementor-element-d2252af elementor-widget__width-inherit elementor-widget elementor-widget-heading\" data-id=\"d2252af\" data-element_type=\"widget\" data-widget_type=\"heading.default\">\n\t\t\t\t<div class=\"elementor-widget-container\">\n\t\t\t\t\t<h2 class=\"elementor-heading-title elementor-size-default\">Etkinlik y\u00f6netimi, moderasyon, organizasyon ve destek<\/h2>\t\t\t\t<\/div>\n\t\t\t\t<\/div>\n\t\t\t\t<div class=\"elementor-element elementor-element-1fb9ea1 elementor-widget__width-inherit elementor-widget elementor-widget-text-editor\" data-id=\"1fb9ea1\" data-element_type=\"widget\" data-widget_type=\"text-editor.default\">\n\t\t\t\t<div class=\"elementor-widget-container\">\n\t\t\t\t\t\t\t\t\t<p>Dolemtscher*innen bizimle bir ekip olarak \u00e7al\u0131\u015fabilir, fikir al\u0131\u015fveri\u015finde bulunabilir, tek bir yerde tart\u0131\u015fmalar ve isti\u015fareler yapabilir.<\/p><p>\u00a0<\/p><p>Teknik moderat\u00f6rlerimiz her etkinlikte size rehberlik eder, sizi ve m\u00fc\u015fteriyi destekler ve her t\u00fcrl\u00fc soruyu yan\u0131tlamak i\u00e7in her zaman haz\u0131rd\u0131r. Video konferanslar\u0131n d\u00fczenlenmesi, kat\u0131l\u0131mc\u0131lar\u0131n desteklenmesi, ses ve g\u00f6r\u00fcnt\u00fcn\u00fcn y\u00f6netilmesi ve ses kanallar\u0131n\u0131n koordine edilmesiyle ilgileniyoruz. Yerinde teknisyenlerimiz ki\u015fisel irtibat ki\u015fileri olarak hizmetinizdedir. Servis hatt\u0131m\u0131z t\u00fcm uzak kat\u0131l\u0131mc\u0131lar i\u00e7in mevcuttur.<\/p>\t\t\t\t\t\t\t\t<\/div>\n\t\t\t\t<\/div>\n\t\t\t\t\t<\/div>\n\t\t\t\t<\/div>\n\t\t<div data-particle_enable=\"false\" data-particle-mobile-disabled=\"false\" class=\"elementor-element elementor-element-abf2577 e-flex e-con-boxed e-con e-parent\" data-id=\"abf2577\" data-element_type=\"container\">\n\t\t\t\t\t<div class=\"e-con-inner\">\n\t\t\t\t<div class=\"elementor-element elementor-element-7f0b7f9 elementor-widget__width-inherit elementor-widget elementor-widget-heading\" data-id=\"7f0b7f9\" data-element_type=\"widget\" data-widget_type=\"heading.default\">\n\t\t\t\t<div class=\"elementor-widget-container\">\n\t\t\t\t\t<h2 class=\"elementor-heading-title elementor-size-default\">Atmosfer, misafirperverlik<\/h2>\t\t\t\t<\/div>\n\t\t\t\t<\/div>\n\t\t\t\t<div class=\"elementor-element elementor-element-2dcdcdf elementor-widget__width-inherit elementor-widget elementor-widget-text-editor\" data-id=\"2dcdcdf\" data-element_type=\"widget\" data-widget_type=\"text-editor.default\">\n\t\t\t\t<div class=\"elementor-widget-container\">\n\t\t\t\t\t\t\t\t\t<p>Size keyifli bir konaklama, yemek servisi, kar\u015f\u0131lama hizmeti ve \u00e7ok daha fazlas\u0131n\u0131 sunuyoruz. \u00d6zel bir \u015feye ihtiyac\u0131n\u0131z varsa bizimle ileti\u015fime ge\u00e7in. S\u00f6zl\u00fc terc\u00fcme st\u00fcdyolar\u0131 etkinlik ortam\u0131n\u0131n bir par\u00e7as\u0131d\u0131r. Buradaki \u00e7al\u0131\u015fman\u0131z ba\u015fl\u0131 ba\u015f\u0131na birinci s\u0131n\u0131f bir etkinlik olmal\u0131d\u0131r.<\/p><p>\u00a0<\/p><p>St\u00fcdyolar\u0131m\u0131zda bol miktarda alan\u0131m\u0131z var. St\u00fcdyolar\u0131n hemen yan\u0131nda park yerlerimiz, iyi toplu ta\u015f\u0131ma ba\u011flant\u0131lar\u0131m\u0131z ve molalar s\u0131ras\u0131nda dinlenebilece\u011finiz yerlerimiz var.<\/p>\t\t\t\t\t\t\t\t<\/div>\n\t\t\t\t<\/div>\n\t\t\t\t\t<\/div>\n\t\t\t\t<\/div>\n\t\t<div data-particle_enable=\"false\" data-particle-mobile-disabled=\"false\" class=\"elementor-element elementor-element-3439f35 e-flex e-con-boxed e-con e-parent\" data-id=\"3439f35\" data-element_type=\"container\" data-settings=\"{&quot;background_background&quot;:&quot;classic&quot;}\">\n\t\t\t\t\t<div class=\"e-con-inner\">\n\t\t\t\t<div class=\"elementor-element elementor-element-5bc6b6d elementor-widget elementor-widget-text-editor\" data-id=\"5bc6b6d\" data-element_type=\"widget\" data-widget_type=\"text-editor.default\">\n\t\t\t\t<div class=\"elementor-widget-container\">\n\t\t\t\t\t\t\t\t\t<p>St\u00fcdyolar\u0131m\u0131zda optimum ko\u015fullar\u0131 sa\u011fl\u0131yoruz: en iyi ses kalitesi, en d\u00fc\u015f\u00fck gecikme s\u00fcresi, en g\u00fcvenli ba\u011flant\u0131 ve ho\u015f ve profesyonel bir atmosfer standartlar\u0131m\u0131zd\u0131r. Herhangi bir sorunuz, talebiniz veya \u00f6zel gereksiniminiz varsa bize bildirin. Sizden haber almak i\u00e7in sab\u0131rs\u0131zlan\u0131yoruz.<\/p>\t\t\t\t\t\t\t\t<\/div>\n\t\t\t\t<\/div>\n\t\t\t\t\t<\/div>\n\t\t\t\t<\/div>\n\t\t<div data-particle_enable=\"false\" data-particle-mobile-disabled=\"false\" class=\"elementor-element elementor-element-b3c0d35 e-flex e-con-boxed e-con e-parent\" data-id=\"b3c0d35\" data-element_type=\"container\">\n\t\t\t\t\t<div class=\"e-con-inner\">\n\t\t\t\t<div class=\"elementor-element elementor-element-52737ca elementor-widget elementor-widget-shortcode\" data-id=\"52737ca\" data-element_type=\"widget\" data-widget_type=\"shortcode.default\">\n\t\t\t\t<div class=\"elementor-widget-container\">\n\t\t\t\t\t\t\t<div class=\"elementor-shortcode\"><\/div>\n\t\t\t\t\t\t<\/div>\n\t\t\t\t<\/div>\n\t\t\t\t\t<\/div>\n\t\t\t\t<\/div>\n\t\t<div data-particle_enable=\"false\" data-particle-mobile-disabled=\"false\" class=\"elementor-element elementor-element-a6dba62 e-flex e-con-boxed e-con e-parent\" data-id=\"a6dba62\" data-element_type=\"container\">\n\t\t\t\t\t<div class=\"e-con-inner\">\n\t\t\t\t<div class=\"elementor-element elementor-element-08a4530 elementor-widget elementor-widget-shortcode\" data-id=\"08a4530\" data-element_type=\"widget\" data-widget_type=\"shortcode.default\">\n\t\t\t\t<div class=\"elementor-widget-container\">\n\t\t\t\t\t\t\t<div class=\"elementor-shortcode\"><\/div>\n\t\t\t\t\t\t<\/div>\n\t\t\t\t<\/div>\n\t\t\t\t\t<\/div>\n\t\t\t\t<\/div>\n\t\t\t\t<\/div>","protected":false},"excerpt":{"rendered":"<p>Uzaktan s\u00f6zl\u00fc \u00e7eviri, video konferanslar i\u00e7in s\u00f6zl\u00fc \u00e7eviri, yay\u0131n ak\u0131\u015f\u0131 ve yerinde toplant\u0131lar i\u00e7in profesyonel merkezlerimiz<\/p>","protected":false},"author":2,"featured_media":24663,"comment_status":"closed","ping_status":"closed","sticky":false,"template":"","format":"standard","meta":{"_acf_changed":false,"footnotes":""},"categories":[39,16,21,20],"tags":[129,131,128,130],"class_list":["post-24659","post","type-post","status-publish","format-standard","has-post-thumbnail","hentry","category-produkte","category-digital-und-hybrid","category-events","category-populaer","tag-dolmetscherhub","tag-dolmetscherstudio","tag-dolmetschhub","tag-dolmetschstudio"],"acf":[],"_links":{"self":[{"href":"https:\/\/konferenztechnik.de\/tr\/wp-json\/wp\/v2\/posts\/24659","targetHints":{"allow":["GET"]}}],"collection":[{"href":"https:\/\/konferenztechnik.de\/tr\/wp-json\/wp\/v2\/posts"}],"about":[{"href":"https:\/\/konferenztechnik.de\/tr\/wp-json\/wp\/v2\/types\/post"}],"author":[{"embeddable":true,"href":"https:\/\/konferenztechnik.de\/tr\/wp-json\/wp\/v2\/users\/2"}],"replies":[{"embeddable":true,"href":"https:\/\/konferenztechnik.de\/tr\/wp-json\/wp\/v2\/comments?post=24659"}],"version-history":[{"count":0,"href":"https:\/\/konferenztechnik.de\/tr\/wp-json\/wp\/v2\/posts\/24659\/revisions"}],"wp:featuredmedia":[{"embeddable":true,"href":"https:\/\/konferenztechnik.de\/tr\/wp-json\/wp\/v2\/media\/24663"}],"wp:attachment":[{"href":"https:\/\/konferenztechnik.de\/tr\/wp-json\/wp\/v2\/media?parent=24659"}],"wp:term":[{"taxonomy":"category","embeddable":true,"href":"https:\/\/konferenztechnik.de\/tr\/wp-json\/wp\/v2\/categories?post=24659"},{"taxonomy":"post_tag","embeddable":true,"href":"https:\/\/konferenztechnik.de\/tr\/wp-json\/wp\/v2\/tags?post=24659"}],"curies":[{"name":"wp","href":"https:\/\/api.w.org\/{rel}","templated":true}]}}