{"id":37805,"date":"2023-07-25T08:54:13","date_gmt":"2023-07-25T06:54:13","guid":{"rendered":"https:\/\/konferenztechnik.de\/?p=37805"},"modified":"2023-11-01T13:04:38","modified_gmt":"2023-11-01T12:04:38","slug":"tavan-mikrofonlu-ve-tavan-hoparloerlue-konferans-salonlari","status":"publish","type":"post","link":"https:\/\/konferenztechnik.de\/tr\/tavan-mikrofonlu-ve-tavan-hoparloerlue-konferans-salonlari\/","title":{"rendered":"Tavan mikrofonlu ve tavan hoparl\u00f6rl\u00fc konferans odalar\u0131"},"content":{"rendered":"<div data-elementor-type=\"wp-post\" data-elementor-id=\"37805\" class=\"elementor elementor-37805\" data-elementor-post-type=\"post\">\n\t\t\t\t<div data-particle_enable=\"false\" data-particle-mobile-disabled=\"false\" class=\"elementor-element elementor-element-3e7552c9 e-flex e-con-boxed e-con e-parent\" data-id=\"3e7552c9\" data-element_type=\"container\">\n\t\t\t\t\t<div class=\"e-con-inner\">\n\t\t\t\t<div class=\"elementor-element elementor-element-44ecdb81 elementor-widget__width-inherit elementor-widget elementor-widget-heading\" data-id=\"44ecdb81\" data-element_type=\"widget\" data-widget_type=\"heading.default\">\n\t\t\t\t<div class=\"elementor-widget-container\">\n\t\t\t\t\t<h1 class=\"elementor-heading-title elementor-size-default\">Tavan mikrofonlu ve tavan hoparl\u00f6rl\u00fc konferans odalar\u0131 <\/h1>\t\t\t\t<\/div>\n\t\t\t\t<\/div>\n\t\t\t\t<div class=\"elementor-element elementor-element-55f290e2 elementor-widget elementor-widget-image\" data-id=\"55f290e2\" data-element_type=\"widget\" data-widget_type=\"image.default\">\n\t\t\t\t<div class=\"elementor-widget-container\">\n\t\t\t\t\t\t\t\t\t\t\t\t\t\t\t<img fetchpriority=\"high\" decoding=\"async\" width=\"1300\" height=\"485\" src=\"https:\/\/konferenztechnik.de\/wp-content\/uploads\/2023\/07\/konferenzraum-deckensysteme-jpg.webp\" class=\"attachment-full size-full wp-image-37810\" alt=\"\u00c7izilen 6 ki\u015filik k\u00fc\u00e7\u00fck bir toplant\u0131 odas\u0131nda, Shure&#039;un STEM sisteminden tavan mikrofonlar\u0131n\u0131n verimlili\u011finin kat\u0131l\u0131mc\u0131lar\u0131 ne kadar iyi kapsad\u0131\u011f\u0131n\u0131 g\u00f6steren bir diyagram.\" srcset=\"https:\/\/konferenztechnik.de\/wp-content\/uploads\/2023\/07\/konferenzraum-deckensysteme-jpg.webp 1300w, https:\/\/konferenztechnik.de\/wp-content\/uploads\/2023\/07\/konferenzraum-deckensysteme-300x112.webp 300w, https:\/\/konferenztechnik.de\/wp-content\/uploads\/2023\/07\/konferenzraum-deckensysteme-1024x382.webp 1024w, https:\/\/konferenztechnik.de\/wp-content\/uploads\/2023\/07\/konferenzraum-deckensysteme-768x287.webp 768w, https:\/\/konferenztechnik.de\/wp-content\/uploads\/2023\/07\/konferenzraum-deckensysteme-18x7.webp 18w\" sizes=\"(max-width: 1300px) 100vw, 1300px\" title=\"\">\t\t\t\t\t\t\t\t\t\t\t\t\t\t\t<\/div>\n\t\t\t\t<\/div>\n\t\t<div data-particle_enable=\"false\" data-particle-mobile-disabled=\"false\" class=\"elementor-element elementor-element-e640698 e-flex e-con-boxed e-con e-parent\" data-id=\"e640698\" data-element_type=\"container\">\n\t\t\t\t\t<div class=\"e-con-inner\">\n\t\t\t\t<div class=\"elementor-element elementor-element-c346b30 elementor-widget elementor-widget-button\" data-id=\"c346b30\" data-element_type=\"widget\" data-widget_type=\"button.default\">\n\t\t\t\t<div class=\"elementor-widget-container\">\n\t\t\t\t\t\t\t\t\t<div class=\"elementor-button-wrapper\">\n\t\t\t\t\t<a class=\"elementor-button elementor-button-link elementor-size-lg\" href=\"#serviceteam\">\n\t\t\t\t\t\t<span class=\"elementor-button-content-wrapper\">\n\t\t\t\t\t\t<span class=\"elementor-button-icon\">\n\t\t\t\t<svg aria-hidden=\"true\" class=\"e-font-icon-svg e-far-arrow-alt-circle-down\" viewbox=\"0 0 512 512\" xmlns=\"http:\/\/www.w3.org\/2000\/svg\"><path d=\"M256 8C119 8 8 119 8 256s111 248 248 248 248-111 248-248S393 8 256 8zm0 448c-110.5 0-200-89.5-200-200S145.5 56 256 56s200 89.5 200 200-89.5 200-200 200zm-32-316v116h-67c-10.7 0-16 12.9-8.5 20.5l99 99c4.7 4.7 12.3 4.7 17 0l99-99c7.6-7.6 2.2-20.5-8.5-20.5h-67V140c0-6.6-5.4-12-12-12h-40c-6.6 0-12 5.4-12 12z\"><\/path><\/svg>\t\t\t<\/span>\n\t\t\t\t\t\t\t\t\t<span class=\"elementor-button-text\">\u015eimdi Sorgula<\/span>\n\t\t\t\t\t<\/span>\n\t\t\t\t\t<\/a>\n\t\t\t\t<\/div>\n\t\t\t\t\t\t\t\t<\/div>\n\t\t\t\t<\/div>\n\t\t\t\t\t<\/div>\n\t\t\t\t<\/div>\n\t\t\t\t\t<\/div>\n\t\t\t\t<\/div>\n\t\t<div data-particle_enable=\"false\" data-particle-mobile-disabled=\"false\" class=\"elementor-element elementor-element-11daaf25 e-flex e-con-boxed e-con e-parent\" data-id=\"11daaf25\" data-element_type=\"container\">\n\t\t\t\t\t<div class=\"e-con-inner\">\n\t\t\t\t<div class=\"elementor-element elementor-element-15197735 elementor-widget elementor-widget-heading\" data-id=\"15197735\" data-element_type=\"widget\" data-settings=\"{&quot;_animation&quot;:&quot;none&quot;}\" data-widget_type=\"heading.default\">\n\t\t\t\t<div class=\"elementor-widget-container\">\n\t\t\t\t\t<h2 class=\"elementor-heading-title elementor-size-default\">Y\u00fcksek kaliteli tavan mikrofonlar\u0131 ile en y\u00fcksek ses kalitesi<\/h2>\t\t\t\t<\/div>\n\t\t\t\t<\/div>\n\t\t\t\t<div class=\"elementor-element elementor-element-2144f5f4 elementor-widget__width-inherit elementor-widget elementor-widget-text-editor\" data-id=\"2144f5f4\" data-element_type=\"widget\" data-widget_type=\"text-editor.default\">\n\t\t\t\t<div class=\"elementor-widget-container\">\n\t\t\t\t\t\t\t\t\t<p>Optimum ses kapsam\u0131 bizim i\u00e7in ba\u015flang\u0131\u00e7 noktas\u0131 ve tasar\u0131m\u0131n en \u00f6nemli y\u00f6n\u00fcd\u00fcr. M\u00fcmk\u00fcnse y\u00fcksek kaliteli bir tavan kurulumu her zaman \u2013'ye tercih edilir.<\/p><p>\u00a0<\/p><p>Konferans odas\u0131n\u0131n tavan\u0131na monte edilebilen yenilik\u00e7i mikrofon dizileri, her toplant\u0131 odas\u0131nda m\u00fckemmel, y\u00fcksek kaliteli ses kapsam\u0131 sa\u011flar.<\/p><p>\u00a0<\/p><p>\u00d6zellikle \u00fcretici Shure, STEM ekosistemi ile ola\u011fan\u00fcst\u00fc ses kalitesine sahip y\u00fcksek kaliteli ancak uygun maliyetli bir konferans odas\u0131 \u00e7\u00f6z\u00fcm\u00fc sunuyor.<\/p>\t\t\t\t\t\t\t\t<\/div>\n\t\t\t\t<\/div>\n\t\t\t\t<div class=\"elementor-element elementor-element-e46a533 elementor-widget elementor-widget-video\" data-id=\"e46a533\" data-element_type=\"widget\" data-settings=\"{&quot;video_type&quot;:&quot;hosted&quot;,&quot;autoplay&quot;:&quot;yes&quot;,&quot;play_on_mobile&quot;:&quot;yes&quot;,&quot;mute&quot;:&quot;yes&quot;,&quot;loop&quot;:&quot;yes&quot;}\" data-widget_type=\"video.default\">\n\t\t\t\t<div class=\"elementor-widget-container\">\n\t\t\t\t\t\t\t<div class=\"e-hosted-video elementor-wrapper elementor-open-inline\">\n\t\t\t\t\t<video class=\"elementor-video\" src=\"https:\/\/konferenztechnik.de\/wp-content\/uploads\/2023\/07\/21_STEM_WebAssets_Ceiling_BeamCoverageAnimation_DE.mp4\" autoplay=\"\" loop=\"\" muted=\"muted\" playsinline=\"\" controlslist=\"nodownload\"><\/video>\n\t\t\t\t<\/div>\n\t\t\t\t\t\t<\/div>\n\t\t\t\t<\/div>\n\t\t\t\t<div class=\"elementor-element elementor-element-61472d5 elementor-widget elementor-widget-heading\" data-id=\"61472d5\" data-element_type=\"widget\" data-settings=\"{&quot;_animation&quot;:&quot;none&quot;}\" data-widget_type=\"heading.default\">\n\t\t\t\t<div class=\"elementor-widget-container\">\n\t\t\t\t\t<h2 class=\"elementor-heading-title elementor-size-default\">Ortam g\u00fcr\u00fclt\u00fcs\u00fcnden koruma<\/h2>\t\t\t\t<\/div>\n\t\t\t\t<\/div>\n\t\t\t\t<div class=\"elementor-element elementor-element-8ae2906 elementor-widget__width-inherit elementor-widget elementor-widget-text-editor\" data-id=\"8ae2906\" data-element_type=\"widget\" data-widget_type=\"text-editor.default\">\n\t\t\t\t<div class=\"elementor-widget-container\">\n\t\t\t\t\t\t\t\t\t<p>Ses \u00e7itleme ile \u00f6nemli toplant\u0131lar art\u0131k g\u00fcr\u00fclt\u00fcl\u00fc ofis ortamlar\u0131 ve sokak g\u00fcr\u00fclt\u00fcs\u00fcnden rahats\u0131z olmaz. Stem Ceiling'in ses \u00e7itleme modu, dikkat da\u011f\u0131tan ortam g\u00fcr\u00fclt\u00fcs\u00fcn\u00fc engelleyerek kat\u0131l\u0131mc\u0131lar\u0131n \u00f6nemli konulara odaklanabilmesini ve odadaki her sesin optimum ses kalitesiyle yakalanmas\u0131n\u0131 sa\u011flar.<\/p>\t\t\t\t\t\t\t\t<\/div>\n\t\t\t\t<\/div>\n\t\t\t\t<div class=\"elementor-element elementor-element-d35de58 elementor-widget elementor-widget-video\" data-id=\"d35de58\" data-element_type=\"widget\" data-settings=\"{&quot;video_type&quot;:&quot;hosted&quot;,&quot;autoplay&quot;:&quot;yes&quot;,&quot;play_on_mobile&quot;:&quot;yes&quot;,&quot;mute&quot;:&quot;yes&quot;,&quot;loop&quot;:&quot;yes&quot;}\" data-widget_type=\"video.default\">\n\t\t\t\t<div class=\"elementor-widget-container\">\n\t\t\t\t\t\t\t<div class=\"e-hosted-video elementor-wrapper elementor-open-inline\">\n\t\t\t\t\t<video class=\"elementor-video\" src=\"https:\/\/konferenztechnik.de\/wp-content\/uploads\/2023\/07\/deckenmikrofon-stem-system.mp4\" autoplay=\"\" loop=\"\" muted=\"muted\" playsinline=\"\" controlslist=\"nodownload\"><\/video>\n\t\t\t\t<\/div>\n\t\t\t\t\t\t<\/div>\n\t\t\t\t<\/div>\n\t\t\t\t<div class=\"elementor-element elementor-element-220fbeb elementor-widget elementor-widget-heading\" data-id=\"220fbeb\" data-element_type=\"widget\" data-settings=\"{&quot;_animation&quot;:&quot;none&quot;}\" data-widget_type=\"heading.default\">\n\t\t\t\t<div class=\"elementor-widget-container\">\n\t\t\t\t\t<h2 class=\"elementor-heading-title elementor-size-default\">Tasarlay\u0131n, test edin, optimize edin<\/h2>\t\t\t\t<\/div>\n\t\t\t\t<\/div>\n\t\t\t\t<div class=\"elementor-element elementor-element-517cae6 eael-image-hotspot-align-centered elementor-widget elementor-widget-eael-image-hotspots\" data-id=\"517cae6\" data-element_type=\"widget\" data-widget_type=\"eael-image-hotspots.default\">\n\t\t\t\t<div class=\"elementor-widget-container\">\n\t\t\t\t\t        <div class=\"eael-image-hotspots\">\n            <div class=\"eael-hot-spot-image\">\n                                    <a class=\"eael-hot-spot-wrap elementor-repeater-item-3f8e8e7 eael-hot-spot-tooptip\" data-tipso=\"&lt;span class=&quot;eael-single-tooltip eael-tooltip-517cae6&quot;&gt;&lt;p&gt;Optimieren Deckenmikrofon\u00a0&lt;\/p&gt;&lt;\/span&gt;\" data-tooltip-position-global=\"top\" target=\"_blank\" data-tooltip-size=\"default\" data-tooltip-width=\"\" data-tooltip-animation-speed=\"200\" data-tooltip-animation-delay=\"200\" data-tooltip-background=\"var( --e-global-color-accent )\" data-tooltip-text-color=\"#FFFFFF\" data-eael-tooltip-arrow=\"yes\" aria-label=\"Git\">\n                        <span class=\"eael-hot-spot-inner hotspot-animation\">\n                            <span class=\"eael-hotspot-icon-wrap\"><svg class=\"eael-hotspot-icon eael-hotspot-tooltip e-font-icon-svg e-fas-plus-circle\" viewbox=\"0 0 512 512\" xmlns=\"http:\/\/www.w3.org\/2000\/svg\"><path d=\"M256 8C119 8 8 119 8 256s111 248 248 248 248-111 248-248S393 8 256 8zm144 276c0 6.6-5.4 12-12 12h-92v92c0 6.6-5.4 12-12 12h-56c-6.6 0-12-5.4-12-12v-92h-92c-6.6 0-12-5.4-12-12v-56c0-6.6 5.4-12 12-12h92v-92c0-6.6 5.4-12 12-12h56c6.6 0 12 5.4 12 12v92h92c6.6 0 12 5.4 12 12v56z\"><\/path><\/svg><\/span>                        <\/span>\n                    <\/a>\n                                    <a class=\"eael-hot-spot-wrap elementor-repeater-item-77e6dd5 eael-hot-spot-tooptip\" data-tipso=\"&lt;span class=&quot;eael-single-tooltip eael-tooltip-517cae6&quot;&gt;&lt;p&gt;Soundbar mit integrierter Kamera und gro\u00dfes Display&lt;\/p&gt;&lt;\/span&gt;\" data-tooltip-position-global=\"top\" target=\"_blank\" data-tooltip-size=\"default\" data-tooltip-width=\"\" data-tooltip-animation-speed=\"200\" data-tooltip-animation-delay=\"200\" data-tooltip-background=\"var( --e-global-color-accent )\" data-tooltip-text-color=\"#FFFFFF\" data-eael-tooltip-arrow=\"yes\" aria-label=\"Git\">\n                        <span class=\"eael-hot-spot-inner hotspot-animation\">\n                            <span class=\"eael-hotspot-icon-wrap\"><svg class=\"eael-hotspot-icon eael-hotspot-tooltip e-font-icon-svg e-fas-plus\" viewbox=\"0 0 448 512\" xmlns=\"http:\/\/www.w3.org\/2000\/svg\"><path d=\"M416 208H272V64c0-17.67-14.33-32-32-32h-32c-17.67 0-32 14.33-32 32v144H32c-17.67 0-32 14.33-32 32v32c0 17.67 14.33 32 32 32h144v144c0 17.67 14.33 32 32 32h32c17.67 0 32-14.33 32-32V304h144c17.67 0 32-14.33 32-32v-32c0-17.67-14.33-32-32-32z\"><\/path><\/svg><\/span>                        <\/span>\n                    <\/a>\n                                    <a class=\"eael-hot-spot-wrap elementor-repeater-item-4a0de14 eael-hot-spot-tooptip\" data-tipso=\"&lt;span class=&quot;eael-single-tooltip eael-tooltip-517cae6&quot;&gt;&lt;p&gt;Bestuhlung f\u00fcr Sitzungen mit einer Dauer von \u00fcber 5 Stunden.&lt;\/p&gt;&lt;\/span&gt;\" data-tooltip-position-global=\"top\" target=\"_blank\" data-tooltip-size=\"default\" data-tooltip-width=\"\" data-tooltip-animation-speed=\"200\" data-tooltip-animation-delay=\"200\" data-tooltip-background=\"var( --e-global-color-accent )\" data-tooltip-text-color=\"#FFFFFF\" data-eael-tooltip-arrow=\"yes\" aria-label=\"Git\">\n                        <span class=\"eael-hot-spot-inner hotspot-animation\">\n                            <span class=\"eael-hotspot-icon-wrap\"><svg class=\"eael-hotspot-icon eael-hotspot-tooltip e-font-icon-svg e-fas-plus\" viewbox=\"0 0 448 512\" xmlns=\"http:\/\/www.w3.org\/2000\/svg\"><path d=\"M416 208H272V64c0-17.67-14.33-32-32-32h-32c-17.67 0-32 14.33-32 32v144H32c-17.67 0-32 14.33-32 32v32c0 17.67 14.33 32 32 32h144v144c0 17.67 14.33 32 32 32h32c17.67 0 32-14.33 32-32V304h144c17.67 0 32-14.33 32-32v-32c0-17.67-14.33-32-32-32z\"><\/path><\/svg><\/span>                        <\/span>\n                    <\/a>\n                \n                <img decoding=\"async\" width=\"1000\" height=\"1000\" src=\"https:\/\/konferenztechnik.de\/wp-content\/uploads\/2023\/03\/testaufbau-konferenzraum.jpg\" class=\"attachment-full size-full wp-image-23519\" alt=\"Hibrit oturumlar ve toplant\u0131lar i\u00e7in tavan mikrofonu, kamera ve b\u00fcy\u00fck monit\u00f6r bulunan yakla\u015f\u0131k 10 ki\u015filik konferans odas\u0131\" srcset=\"https:\/\/konferenztechnik.de\/wp-content\/uploads\/2023\/03\/testaufbau-konferenzraum.jpg 1000w, https:\/\/konferenztechnik.de\/wp-content\/uploads\/2023\/03\/testaufbau-konferenzraum-300x300.jpg 300w, https:\/\/konferenztechnik.de\/wp-content\/uploads\/2023\/03\/testaufbau-konferenzraum-150x150.jpg 150w, https:\/\/konferenztechnik.de\/wp-content\/uploads\/2023\/03\/testaufbau-konferenzraum-768x768.jpg 768w, https:\/\/konferenztechnik.de\/wp-content\/uploads\/2023\/03\/testaufbau-konferenzraum-12x12.jpg 12w\" sizes=\"(max-width: 1000px) 100vw, 1000px\" title=\"\">            <\/div>\n        <\/div>\n\t\t\t\t<\/div>\n\t\t\t\t<\/div>\n\t\t\t\t<div class=\"elementor-element elementor-element-3c683d5b elementor-widget__width-inherit elementor-widget elementor-widget-text-editor\" data-id=\"3c683d5b\" data-element_type=\"widget\" data-widget_type=\"text-editor.default\">\n\t\t\t\t<div class=\"elementor-widget-container\">\n\t\t\t\t\t\t\t\t\t<p>M\u00fc\u015fterinin tesisindeki bu test kurulumu, tavan mikrofonu i\u00e7in optimum y\u00fcksekli\u011fi belirler. Halihaz\u0131rda kurulu olan ekran ayakta yap\u0131lan sunumlar i\u00e7in uygundur. Kat\u0131l\u0131mc\u0131lar burada video arac\u0131l\u0131\u011f\u0131yla g\u00f6sterilirse, sahadaki meslekta\u015flar\u0131ndan daha y\u00fcksekte olurlar ki bu iyi de\u011fildir. Y\u00fcksekli\u011fi ayarlanabilen bir ekran burada ak\u0131ll\u0131ca bir \u00e7\u00f6z\u00fcm olabilir.<\/p>\t\t\t\t\t\t\t\t<\/div>\n\t\t\t\t<\/div>\n\t\t<a class=\"eael-wrapper-link-71136a3f --eael-wrapper-link-tag\" href=\"#serviceteam\"><\/a><div data-eael-wrapper-link=\"eael-wrapper-link-71136a3f\" data-particle_enable=\"false\" data-particle-mobile-disabled=\"false\" class=\"elementor-element elementor-element-71136a3f e-flex e-con-boxed e-con e-parent\" data-id=\"71136a3f\" data-element_type=\"container\" data-settings=\"{&quot;background_background&quot;:&quot;classic&quot;}\">\n\t\t\t\t\t<div class=\"e-con-inner\">\n\t\t\t\t<div class=\"elementor-element elementor-element-1bdb6ae8 elementor-widget elementor-widget-text-editor\" data-id=\"1bdb6ae8\" data-element_type=\"widget\" data-widget_type=\"text-editor.default\">\n\t\t\t\t<div class=\"elementor-widget-container\">\n\t\t\t\t\t\t\t\t\t<p>Her oda farkl\u0131d\u0131r ve k\u00fc\u00e7\u00fck ayr\u0131nt\u0131lar akustik durumu temelden de\u011fi\u015ftirebilir. Ekibimizle ilk durumunuz hakk\u0131nda konu\u015fun.<\/p>\t\t\t\t\t\t\t\t<\/div>\n\t\t\t\t<\/div>\n\t\t\t\t\t<\/div>\n\t\t\t\t<\/div>\n\t\t\t\t\t<\/div>\n\t\t\t\t<\/div>\n\t\t<div data-particle_enable=\"false\" data-particle-mobile-disabled=\"false\" class=\"elementor-element elementor-element-18c8660 e-flex e-con-boxed e-con e-parent\" data-id=\"18c8660\" data-element_type=\"container\">\n\t\t\t\t\t<div class=\"e-con-inner\">\n\t\t\t\t<div class=\"elementor-element elementor-element-abae942 elementor-widget elementor-widget-image\" data-id=\"abae942\" data-element_type=\"widget\" data-widget_type=\"image.default\">\n\t\t\t\t<div class=\"elementor-widget-container\">\n\t\t\t\t\t\t\t\t\t\t\t\t\t\t\t<img decoding=\"async\" width=\"1520\" height=\"971\" src=\"https:\/\/konferenztechnik.de\/wp-content\/uploads\/2023\/07\/technik-fuer-konferenzraeume-jpg.webp\" class=\"attachment-full size-full wp-image-37891\" alt=\"Shure \u00fcreticisinin STEM ses bile\u015fenleri, \u00f6zellikle tavan mikrofonlar\u0131, tavan hoparl\u00f6rleri, monit\u00f6r hoparl\u00f6r \u00e7ubu\u011fu ve bu bile\u015fenleri kontrol etmek i\u00e7in bir tablet g\u00f6r\u00fclebilir\" srcset=\"https:\/\/konferenztechnik.de\/wp-content\/uploads\/2023\/07\/technik-fuer-konferenzraeume-jpg.webp 1520w, https:\/\/konferenztechnik.de\/wp-content\/uploads\/2023\/07\/technik-fuer-konferenzraeume-300x192.webp 300w, https:\/\/konferenztechnik.de\/wp-content\/uploads\/2023\/07\/technik-fuer-konferenzraeume-1024x654.webp 1024w, https:\/\/konferenztechnik.de\/wp-content\/uploads\/2023\/07\/technik-fuer-konferenzraeume-768x491.webp 768w, https:\/\/konferenztechnik.de\/wp-content\/uploads\/2023\/07\/technik-fuer-konferenzraeume-18x12.webp 18w\" sizes=\"(max-width: 1520px) 100vw, 1520px\" title=\"\">\t\t\t\t\t\t\t\t\t\t\t\t\t\t\t<\/div>\n\t\t\t\t<\/div>\n\t\t\t\t<div class=\"elementor-element elementor-element-c88f716 elementor-widget__width-inherit elementor-widget elementor-widget-text-editor\" data-id=\"c88f716\" data-element_type=\"widget\" data-widget_type=\"text-editor.default\">\n\t\t\t\t<div class=\"elementor-widget-container\">\n\t\t\t\t\t\t\t\t\t<p>Modern konferans odalar\u0131 a\u011f teknolojisi \u00fczerinden ileti\u015fim kurar. Farkl\u0131 \u00fcreticilerin \u2013 bile\u015fenleri birbirleriyle kolayca birle\u015ftirilebilir. Bir konferans odas\u0131 genellikle bir kontrol\u00f6r (genellikle dokunmatik ekranl\u0131 bir kontrol\u00f6r), bir a\u011f hub'\u0131, hoparl\u00f6rler (tavan, duvar, masa), mikrofonlar (giderek artan say\u0131da ak\u0131ll\u0131ca kontrol edilen mikrofon dizileri) ve kamera teknolojisi \u2013'den olu\u015fur ve evet, bunlar art\u0131k otomatik ve ak\u0131ll\u0131 bir \u015fekilde kontrol edilmektedir.\u00a0<\/p>\t\t\t\t\t\t\t\t<\/div>\n\t\t\t\t<\/div>\n\t\t\t\t\t<\/div>\n\t\t\t\t<\/div>\n\t\t<div data-particle_enable=\"false\" data-particle-mobile-disabled=\"false\" class=\"elementor-element elementor-element-541f880 e-flex e-con-boxed e-con e-parent\" data-id=\"541f880\" data-element_type=\"container\">\n\t\t\t\t\t<div class=\"e-con-inner\">\n\t\t\t\t<div class=\"elementor-element elementor-element-2d6873f5 elementor-widget elementor-widget-shortcode\" data-id=\"2d6873f5\" data-element_type=\"widget\" data-widget_type=\"shortcode.default\">\n\t\t\t\t<div class=\"elementor-widget-container\">\n\t\t\t\t\t\t\t<div class=\"elementor-shortcode\"><\/div>\n\t\t\t\t\t\t<\/div>\n\t\t\t\t<\/div>\n\t\t\t\t\t<\/div>\n\t\t\t\t<\/div>\n\t\t<div data-particle_enable=\"false\" data-particle-mobile-disabled=\"false\" class=\"elementor-element elementor-element-7dd483fd e-flex e-con-boxed e-con e-parent\" data-id=\"7dd483fd\" data-element_type=\"container\">\n\t\t\t\t\t<div class=\"e-con-inner\">\n\t\t\t\t<div class=\"elementor-element elementor-element-2eb0f188 elementor-widget elementor-widget-shortcode\" data-id=\"2eb0f188\" data-element_type=\"widget\" data-widget_type=\"shortcode.default\">\n\t\t\t\t<div class=\"elementor-widget-container\">\n\t\t\t\t\t\t\t<div class=\"elementor-shortcode\"><\/div>\n\t\t\t\t\t\t<\/div>\n\t\t\t\t<\/div>\n\t\t\t\t\t<\/div>\n\t\t\t\t<\/div>\n\t\t\t\t<\/div>","protected":false},"excerpt":{"rendered":"<p>Optimum ses kapsam\u0131 bizim i\u00e7in ba\u015flang\u0131\u00e7 noktas\u0131 ve tasar\u0131m\u0131n en \u00f6nemli y\u00f6n\u00fcd\u00fcr.\u00a0<\/p>","protected":false},"author":2,"featured_media":37827,"comment_status":"closed","ping_status":"closed","sticky":false,"template":"","format":"standard","meta":{"_acf_changed":false,"footnotes":""},"categories":[39,22,20],"tags":[],"class_list":["post-37805","post","type-post","status-publish","format-standard","has-post-thumbnail","hentry","category-produkte","category-installation","category-populaer"],"acf":[],"_links":{"self":[{"href":"https:\/\/konferenztechnik.de\/tr\/wp-json\/wp\/v2\/posts\/37805","targetHints":{"allow":["GET"]}}],"collection":[{"href":"https:\/\/konferenztechnik.de\/tr\/wp-json\/wp\/v2\/posts"}],"about":[{"href":"https:\/\/konferenztechnik.de\/tr\/wp-json\/wp\/v2\/types\/post"}],"author":[{"embeddable":true,"href":"https:\/\/konferenztechnik.de\/tr\/wp-json\/wp\/v2\/users\/2"}],"replies":[{"embeddable":true,"href":"https:\/\/konferenztechnik.de\/tr\/wp-json\/wp\/v2\/comments?post=37805"}],"version-history":[{"count":0,"href":"https:\/\/konferenztechnik.de\/tr\/wp-json\/wp\/v2\/posts\/37805\/revisions"}],"wp:featuredmedia":[{"embeddable":true,"href":"https:\/\/konferenztechnik.de\/tr\/wp-json\/wp\/v2\/media\/37827"}],"wp:attachment":[{"href":"https:\/\/konferenztechnik.de\/tr\/wp-json\/wp\/v2\/media?parent=37805"}],"wp:term":[{"taxonomy":"category","embeddable":true,"href":"https:\/\/konferenztechnik.de\/tr\/wp-json\/wp\/v2\/categories?post=37805"},{"taxonomy":"post_tag","embeddable":true,"href":"https:\/\/konferenztechnik.de\/tr\/wp-json\/wp\/v2\/tags?post=37805"}],"curies":[{"name":"wp","href":"https:\/\/api.w.org\/{rel}","templated":true}]}}