{"id":44135,"date":"2024-02-08T19:38:50","date_gmt":"2024-02-08T18:38:50","guid":{"rendered":"https:\/\/konferenztechnik.de\/?p=44135"},"modified":"2024-02-12T12:03:03","modified_gmt":"2024-02-12T11:03:03","slug":"shure-mxw-next-2-kablosuz-mikrofon-sistemi","status":"publish","type":"post","link":"https:\/\/konferenztechnik.de\/tr\/shure-mxw-next-2-kablosuz-mikrofon-sistemi\/","title":{"rendered":"Shure MXW NEXT 2 kablosuz mikrofon sistemi"},"content":{"rendered":"<div data-elementor-type=\"wp-post\" data-elementor-id=\"44135\" class=\"elementor elementor-44135\" data-elementor-post-type=\"post\">\n\t\t\t\t<div data-particle_enable=\"false\" data-particle-mobile-disabled=\"false\" class=\"elementor-element elementor-element-a289ae1 e-flex e-con-boxed e-con e-parent\" data-id=\"a289ae1\" data-element_type=\"container\">\n\t\t\t\t\t<div class=\"e-con-inner\">\n\t\t\t\t<div class=\"elementor-element elementor-element-f89973f elementor-widget elementor-widget-heading\" data-id=\"f89973f\" data-element_type=\"widget\" data-widget_type=\"heading.default\">\n\t\t\t\t<div class=\"elementor-widget-container\">\n\t\t\t\t\t<h1 class=\"elementor-heading-title elementor-size-default\">Shure MXW Next 2 \u2013 kablosuz mikrofon sistemi <\/h1>\t\t\t\t<\/div>\n\t\t\t\t<\/div>\n\t\t\t\t<div class=\"elementor-element elementor-element-c48124e elementor-widget elementor-widget-image\" data-id=\"c48124e\" data-element_type=\"widget\" data-widget_type=\"image.default\">\n\t\t\t\t<div class=\"elementor-widget-container\">\n\t\t\t\t\t\t\t\t\t\t\t\t\t\t\t<img fetchpriority=\"high\" decoding=\"async\" width=\"1300\" height=\"485\" src=\"https:\/\/konferenztechnik.de\/wp-content\/uploads\/2024\/02\/MXW-NEXT-2-Drahtloses-Mikrofonsystem-jpg.webp\" class=\"attachment-full size-full wp-image-44137\" alt=\"Bir kad\u0131n ve bir erkek bir konferansta mikrofonlara konu\u015fuyor\" srcset=\"https:\/\/konferenztechnik.de\/wp-content\/uploads\/2024\/02\/MXW-NEXT-2-Drahtloses-Mikrofonsystem-jpg.webp 1300w, https:\/\/konferenztechnik.de\/wp-content\/uploads\/2024\/02\/MXW-NEXT-2-Drahtloses-Mikrofonsystem-300x112.webp 300w, https:\/\/konferenztechnik.de\/wp-content\/uploads\/2024\/02\/MXW-NEXT-2-Drahtloses-Mikrofonsystem-1024x382.webp 1024w, https:\/\/konferenztechnik.de\/wp-content\/uploads\/2024\/02\/MXW-NEXT-2-Drahtloses-Mikrofonsystem-768x287.webp 768w, https:\/\/konferenztechnik.de\/wp-content\/uploads\/2024\/02\/MXW-NEXT-2-Drahtloses-Mikrofonsystem-18x7.webp 18w\" sizes=\"(max-width: 1300px) 100vw, 1300px\" title=\"\">\t\t\t\t\t\t\t\t\t\t\t\t\t\t\t<\/div>\n\t\t\t\t<\/div>\n\t\t\t\t<div class=\"elementor-element elementor-element-4c61502 elementor-widget__width-inherit elementor-widget elementor-widget-text-editor\" data-id=\"4c61502\" data-element_type=\"widget\" data-widget_type=\"text-editor.default\">\n\t\t\t\t<div class=\"elementor-widget-container\">\n\t\t\t\t\t\t\t\t\t<p>Basit, g\u00fcvenilir, uygun maliyetli<\/p><p>\u00a0<\/p>\t\t\t\t\t\t\t\t<\/div>\n\t\t\t\t<\/div>\n\t\t<div data-particle_enable=\"false\" data-particle-mobile-disabled=\"false\" class=\"elementor-element elementor-element-f0a84af e-flex e-con-boxed e-con e-child\" data-id=\"f0a84af\" data-element_type=\"container\">\n\t\t\t\t\t<div class=\"e-con-inner\">\n\t\t\t\t<div class=\"elementor-element elementor-element-08e4d47 elementor-widget elementor-widget-button\" data-id=\"08e4d47\" data-element_type=\"widget\" data-widget_type=\"button.default\">\n\t\t\t\t<div class=\"elementor-widget-container\">\n\t\t\t\t\t\t\t\t\t<div class=\"elementor-button-wrapper\">\n\t\t\t\t\t<a class=\"elementor-button elementor-button-link elementor-size-lg\" href=\"#serviceteam\">\n\t\t\t\t\t\t<span class=\"elementor-button-content-wrapper\">\n\t\t\t\t\t\t<span class=\"elementor-button-icon\">\n\t\t\t\t<svg aria-hidden=\"true\" class=\"e-font-icon-svg e-far-arrow-alt-circle-down\" viewbox=\"0 0 512 512\" xmlns=\"http:\/\/www.w3.org\/2000\/svg\"><path d=\"M256 8C119 8 8 119 8 256s111 248 248 248 248-111 248-248S393 8 256 8zm0 448c-110.5 0-200-89.5-200-200S145.5 56 256 56s200 89.5 200 200-89.5 200-200 200zm-32-316v116h-67c-10.7 0-16 12.9-8.5 20.5l99 99c4.7 4.7 12.3 4.7 17 0l99-99c7.6-7.6 2.2-20.5-8.5-20.5h-67V140c0-6.6-5.4-12-12-12h-40c-6.6 0-12 5.4-12 12z\"><\/path><\/svg>\t\t\t<\/span>\n\t\t\t\t\t\t\t\t\t<span class=\"elementor-button-text\">\u015eimdi Sorgula<\/span>\n\t\t\t\t\t<\/span>\n\t\t\t\t\t<\/a>\n\t\t\t\t<\/div>\n\t\t\t\t\t\t\t\t<\/div>\n\t\t\t\t<\/div>\n\t\t\t\t\t<\/div>\n\t\t\t\t<\/div>\n\t\t\t\t\t<\/div>\n\t\t\t\t<\/div>\n\t\t<div data-particle_enable=\"false\" data-particle-mobile-disabled=\"false\" class=\"elementor-element elementor-element-b0146d0 e-flex e-con-boxed e-con e-parent\" data-id=\"b0146d0\" data-element_type=\"container\">\n\t\t\t\t\t<div class=\"e-con-inner\">\n\t\t<div data-particle_enable=\"false\" data-particle-mobile-disabled=\"false\" class=\"elementor-element elementor-element-4b31a25 e-flex e-con-boxed e-con e-child\" data-id=\"4b31a25\" data-element_type=\"container\">\n\t\t\t\t\t<div class=\"e-con-inner\">\n\t\t<!-- dce invisible element c3a9cdb -->\t\t<div class=\"dce-visibility-event elementor-element elementor-element-bb48386 elementor-widget elementor-widget-button\" data-id=\"bb48386\" data-element_type=\"widget\" data-settings=\"{&quot;enabled_visibility&quot;:&quot;yes&quot;,&quot;dce_visibility_selected&quot;:&quot;yes&quot;}\" data-widget_type=\"button.default\">\n\t\t\t\t<div class=\"elementor-widget-container\">\n\t\t\t\t\t\t\t\t\t<div class=\"elementor-button-wrapper\">\n\t\t\t\t\t<a class=\"elementor-button elementor-size-lg\" role=\"button\">\n\t\t\t\t\t\t<span class=\"elementor-button-content-wrapper\">\n\t\t\t\t\t\t\t\t\t<span class=\"elementor-button-text\">Sat\u0131n Al<\/span>\n\t\t\t\t\t<\/span>\n\t\t\t\t\t<\/a>\n\t\t\t\t<\/div>\n\t\t\t\t\t\t\t\t<\/div>\n\t\t\t\t<\/div>\n\t\t\t\t<div class=\"dce-visibility-event elementor-element elementor-element-31a06a9 elementor-widget elementor-widget-button\" data-id=\"31a06a9\" data-element_type=\"widget\" data-settings=\"{&quot;enabled_visibility&quot;:&quot;yes&quot;,&quot;dce_visibility_selected&quot;:&quot;yes&quot;}\" data-widget_type=\"button.default\">\n\t\t\t\t<div class=\"elementor-widget-container\">\n\t\t\t\t\t\t\t\t\t<div class=\"elementor-button-wrapper\">\n\t\t\t\t\t<a class=\"elementor-button elementor-size-lg\" role=\"button\">\n\t\t\t\t\t\t<span class=\"elementor-button-content-wrapper\">\n\t\t\t\t\t\t\t\t\t<span class=\"elementor-button-text\">K\u0130RALAMA<\/span>\n\t\t\t\t\t<\/span>\n\t\t\t\t\t<\/a>\n\t\t\t\t<\/div>\n\t\t\t\t\t\t\t\t<\/div>\n\t\t\t\t<\/div>\n\t\t\t\t\t<\/div>\n\t\t\t\t<\/div>\n\t\t\t\t<div class=\"elementor-element elementor-element-f1550e6 elementor-widget elementor-widget-heading\" data-id=\"f1550e6\" data-element_type=\"widget\" data-settings=\"{&quot;_animation&quot;:&quot;none&quot;}\" data-widget_type=\"heading.default\">\n\t\t\t\t<div class=\"elementor-widget-container\">\n\t\t\t\t\t<h2 class=\"elementor-heading-title elementor-size-default\">S\u0131n\u0131flar, e\u011fitim odalar\u0131, amfiler ve hibrit konferans salonlar\u0131 i\u00e7in kablosuz mikrofonlar<\/h2>\t\t\t\t<\/div>\n\t\t\t\t<\/div>\n\t\t\t\t<div class=\"elementor-element elementor-element-1e773dc elementor-widget__width-inherit elementor-widget elementor-widget-text-editor\" data-id=\"1e773dc\" data-element_type=\"widget\" data-widget_type=\"text-editor.default\">\n\t\t\t\t<div class=\"elementor-widget-container\">\n\t\t\t\t\t\t\t\t\t<p>Shure MXW NEXT 2, hibrit s\u0131n\u0131flar, e\u011fitim odalar\u0131 ve amfiler i\u00e7in hepsi bir arada ses \u00e7\u00f6z\u00fcm\u00fcd\u00fcr ve ayn\u0131 zamanda konferanslar ve sunumlar i\u00e7in m\u00fckemmel ses kalitesi sa\u011flar. Kapsaml\u0131 i\u015flevlerine ra\u011fmen MXW neXt sistemi sadece birka\u00e7 dakika i\u00e7inde kurulabilir.<\/p><p><br><\/p>\n<p>Sistem d\u00f6rt bile\u015fenden olu\u015fmaktad\u0131r: son teknoloji \u00fcr\u00fcn\u00fc kablosuz mikrofon sistemi, ak\u0131ll\u0131 \u015farj istasyonu, geli\u015fmi\u015f dijital sinyal i\u015flemcisi ve tam donan\u0131ml\u0131 ses aray\u00fcz\u00fc.<\/p><p><br><\/p>\n<p>Eller serbest sunumlar i\u00e7in bel tipi vericiler, soru-cevap oturumlar\u0131 i\u00e7in el tipi vericiler ve\/veya masaya dikkat \u00e7ekmeyen mikrofon yerle\u015fimi i\u00e7in bir s\u0131n\u0131r mikrofonu aras\u0131ndan se\u00e7im yap\u0131n.<\/p>\t\t\t\t\t\t\t\t<\/div>\n\t\t\t\t<\/div>\n\t\t\t\t<div class=\"elementor-element elementor-element-5d22736 elementor-widget__width-inherit elementor-widget elementor-widget-heading\" data-id=\"5d22736\" data-element_type=\"widget\" data-settings=\"{&quot;_animation&quot;:&quot;none&quot;}\" data-widget_type=\"heading.default\">\n\t\t\t\t<div class=\"elementor-widget-container\">\n\t\t\t\t\t<h2 class=\"elementor-heading-title elementor-size-default\">Basit<\/h2>\t\t\t\t<\/div>\n\t\t\t\t<\/div>\n\t\t\t\t<div class=\"elementor-element elementor-element-44ef425 elementor-arrows-position-inside elementor-pagination-position-outside elementor-widget elementor-widget-image-carousel\" data-id=\"44ef425\" data-element_type=\"widget\" data-settings=\"{&quot;slides_to_show&quot;:&quot;1&quot;,&quot;navigation&quot;:&quot;both&quot;,&quot;autoplay&quot;:&quot;yes&quot;,&quot;pause_on_hover&quot;:&quot;yes&quot;,&quot;pause_on_interaction&quot;:&quot;yes&quot;,&quot;autoplay_speed&quot;:5000,&quot;infinite&quot;:&quot;yes&quot;,&quot;effect&quot;:&quot;slide&quot;,&quot;speed&quot;:500}\" data-widget_type=\"image-carousel.default\">\n\t\t\t\t<div class=\"elementor-widget-container\">\n\t\t\t\t\t\t\t<div class=\"elementor-image-carousel-wrapper swiper\" role=\"region\" aria-roledescription=\"carousel\" aria-label=\"Resim D\u00f6ng\u00fcs\u00fc\" dir=\"ltr\">\n\t\t\t<div class=\"elementor-image-carousel swiper-wrapper\" aria-live=\"off\">\n\t\t\t\t\t\t\t\t<div class=\"swiper-slide\" role=\"group\" aria-roledescription=\"slide\" aria-label=\"1 \/ 3\"><figure class=\"swiper-slide-inner\"><img decoding=\"async\" class=\"swiper-slide-image\" src=\"https:\/\/konferenztechnik.de\/wp-content\/uploads\/2024\/02\/Einfaches-Mikrofonsystem-fuer-Hochschulen-MXW-NEXT-2-Drahtlos-Shure-jpg.webp\" alt=\"Toplant\u0131 odalar\u0131 i\u00e7in mikrofonlar i\u00e7in \u015farj istasyonu ve mikser Konferans odalar\u0131\" title=\"\"><\/figure><\/div><div class=\"swiper-slide\" role=\"group\" aria-roledescription=\"slide\" aria-label=\"2 \/ 3\"><figure class=\"swiper-slide-inner\"><img decoding=\"async\" class=\"swiper-slide-image\" src=\"https:\/\/konferenztechnik.de\/wp-content\/uploads\/2024\/02\/MXW-NEXT-2-automatischer-mixer-hochschule-jpg.webp\" alt=\"Toplant\u0131 odalar\u0131 i\u00e7in mikrofonlar i\u00e7in \u015farj istasyonu ve mikser Konferans odalar\u0131\" title=\"\"><\/figure><\/div><div class=\"swiper-slide\" role=\"group\" aria-roledescription=\"slide\" aria-label=\"3 \/ 3\"><figure class=\"swiper-slide-inner\"><img decoding=\"async\" class=\"swiper-slide-image\" src=\"https:\/\/konferenztechnik.de\/wp-content\/uploads\/2024\/02\/Grenzflaechenmikrofon-fuer-Besprechungsraeume-Konferenzraeume-jpg.webp\" alt=\"Toplant\u0131 odalar\u0131 i\u00e7in mikrofonlar i\u00e7in \u015farj istasyonu ve mikser Konferans odalar\u0131\" title=\"\"><\/figure><\/div>\t\t\t<\/div>\n\t\t\t\t\t\t\t\t\t\t\t\t<div class=\"elementor-swiper-button elementor-swiper-button-prev\" role=\"button\" tabindex=\"0\">\n\t\t\t\t\t\t<svg aria-hidden=\"true\" class=\"e-font-icon-svg e-eicon-chevron-left\" viewbox=\"0 0 1000 1000\" xmlns=\"http:\/\/www.w3.org\/2000\/svg\"><path d=\"M646 125C629 125 613 133 604 142L308 442C296 454 292 471 292 487 292 504 296 521 308 533L604 854C617 867 629 875 646 875 663 875 679 871 692 858 704 846 713 829 713 812 713 796 708 779 692 767L438 487 692 225C700 217 708 204 708 187 708 171 704 154 692 142 675 129 663 125 646 125Z\"><\/path><\/svg>\t\t\t\t\t<\/div>\n\t\t\t\t\t<div class=\"elementor-swiper-button elementor-swiper-button-next\" role=\"button\" tabindex=\"0\">\n\t\t\t\t\t\t<svg aria-hidden=\"true\" class=\"e-font-icon-svg e-eicon-chevron-right\" viewbox=\"0 0 1000 1000\" xmlns=\"http:\/\/www.w3.org\/2000\/svg\"><path d=\"M696 533C708 521 713 504 713 487 713 471 708 454 696 446L400 146C388 133 375 125 354 125 338 125 325 129 313 142 300 154 292 171 292 187 292 204 296 221 308 233L563 492 304 771C292 783 288 800 288 817 288 833 296 850 308 863 321 871 338 875 354 875 371 875 388 867 400 854L696 533Z\"><\/path><\/svg>\t\t\t\t\t<\/div>\n\t\t\t\t\n\t\t\t\t\t\t\t\t\t<div class=\"swiper-pagination\"><\/div>\n\t\t\t\t\t\t\t\t\t<\/div>\n\t\t\t\t\t\t<\/div>\n\t\t\t\t<\/div>\n\t\t\t\t<div class=\"elementor-element elementor-element-65924d3 elementor-widget__width-inherit elementor-widget elementor-widget-text-editor\" data-id=\"65924d3\" data-element_type=\"widget\" data-widget_type=\"text-editor.default\">\n\t\t\t\t<div class=\"elementor-widget-container\">\n\t\t\t\t\t\t\t\t\t<p>Baz \u00fcnite, bir eri\u015fim noktas\u0131 al\u0131c\u0131-vericisi, bir \u015farj cihaz\u0131 ve bir IntelliMix\u00ae DSP'yi bir araya getirir. Entegre tasar\u0131m ve otomatik frekans y\u00f6netimi, ister tek ba\u015f\u0131na bir cihaz olarak ister bir a\u011fda olsun, sadece birka\u00e7 dakika i\u00e7inde kurulumu m\u00fcmk\u00fcn k\u0131lar. Kapsaml\u0131 ses giri\u015fleri ve \u00e7\u0131k\u0131\u015flar\u0131 konferans sistemlerine do\u011frudan ba\u011flant\u0131y\u0131 da destekler.<\/p><p>\u00a0<\/p>\t\t\t\t\t\t\t\t<\/div>\n\t\t\t\t<\/div>\n\t\t\t\t<div class=\"elementor-element elementor-element-b846bef elementor-widget__width-inherit elementor-widget elementor-widget-heading\" data-id=\"b846bef\" data-element_type=\"widget\" data-settings=\"{&quot;_animation&quot;:&quot;none&quot;}\" data-widget_type=\"heading.default\">\n\t\t\t\t<div class=\"elementor-widget-container\">\n\t\t\t\t\t<h2 class=\"elementor-heading-title elementor-size-default\">G\u00fcvenilir<\/h2>\t\t\t\t<\/div>\n\t\t\t\t<\/div>\n\t\t\t\t<div class=\"elementor-element elementor-element-770e174 elementor-widget__width-inherit elementor-widget elementor-widget-text-editor\" data-id=\"770e174\" data-element_type=\"widget\" data-widget_type=\"text-editor.default\">\n\t\t\t\t<div class=\"elementor-widget-container\">\n\t\t\t\t\t\t\t\t\t<p>Yeni el tipi, bel tipi ve s\u0131n\u0131r mikrofonlar\u0131, t\u00fcm g\u00fcn ve \u00e7ok g\u00fcn kullan\u0131m i\u00e7in 28 saate kadar daha uzun pil \u00f6mr\u00fcne sahiptir. Vericiler ayr\u0131ca atanan oda, menzil, kalan pil \u00f6mr\u00fc ve daha fazlas\u0131 gibi \u00f6nemli bilgileri g\u00f6steren yeni bir matris ekrana sahiptir.<\/p>\t\t\t\t\t\t\t\t<\/div>\n\t\t\t\t<\/div>\n\t\t\t\t<div class=\"elementor-element elementor-element-80484ae elementor-widget__width-inherit elementor-widget elementor-widget-heading\" data-id=\"80484ae\" data-element_type=\"widget\" data-settings=\"{&quot;_animation&quot;:&quot;none&quot;}\" data-widget_type=\"heading.default\">\n\t\t\t\t<div class=\"elementor-widget-container\">\n\t\t\t\t\t<h2 class=\"elementor-heading-title elementor-size-default\">Uygun maliyetli<\/h2>\t\t\t\t<\/div>\n\t\t\t\t<\/div>\n\t\t\t\t<div class=\"elementor-element elementor-element-fe02e3a elementor-widget__width-inherit elementor-widget elementor-widget-text-editor\" data-id=\"fe02e3a\" data-element_type=\"widget\" data-widget_type=\"text-editor.default\">\n\t\t\t\t<div class=\"elementor-widget-container\">\n\t\t\t\t\t\t\t\t\t<p>Baz istasyonu \u015fu anda piyasada yakla\u015f\u0131k 1.300 \u20ac net RRP (art\u0131 KDV) (\u015eubat 2024 itibariyle) kar\u015f\u0131l\u0131\u011f\u0131nda sat\u0131lmaktad\u0131r.<\/p><p>\u00a0<\/p>\t\t\t\t\t\t\t\t<\/div>\n\t\t\t\t<\/div>\n\t\t\t\t<div class=\"elementor-element elementor-element-0a51596 elementor-widget__width-inherit elementor-widget elementor-widget-heading\" data-id=\"0a51596\" data-element_type=\"widget\" data-settings=\"{&quot;_animation&quot;:&quot;none&quot;}\" data-widget_type=\"heading.default\">\n\t\t\t\t<div class=\"elementor-widget-container\">\n\t\t\t\t\t<h2 class=\"elementor-heading-title elementor-size-default\">Uzaktan ve hibrit i\u00e7in m\u00fckemmel ses kalitesi<\/h2>\t\t\t\t<\/div>\n\t\t\t\t<\/div>\n\t\t\t\t<div class=\"elementor-element elementor-element-cb72a23 elementor-widget__width-inherit elementor-widget elementor-widget-text-editor\" data-id=\"cb72a23\" data-element_type=\"widget\" data-widget_type=\"text-editor.default\">\n\t\t\t\t<div class=\"elementor-widget-container\">\n\t\t\t\t\t\t\t\t\t<p>Entegre IntelliMix\u00ae DSP, kat\u0131ks\u0131z bir ses kar\u0131\u015f\u0131m\u0131 sa\u011flamak ve dikkat da\u011f\u0131t\u0131c\u0131 ortam g\u00fcr\u00fclt\u00fcs\u00fcn\u00fc azaltmak i\u00e7in automix teknolojisi, akustik yank\u0131 giderme, g\u00fcr\u00fclt\u00fc azaltma, otomatik kazan\u00e7 kontrol\u00fc ve bir EQ kullan\u0131r. M\u00fcmk\u00fcn olan en iyi ses kalitesini sa\u011flamak i\u00e7in devreye alma s\u0131ras\u0131nda otomatik bir spektrum taramas\u0131 ger\u00e7ekle\u015ftirilir.<\/p><p><span style=\"font-family: var( --e-global-typography-text-font-family ), Barlowlocal, Sans-Serif; font-size: var( --e-global-typography-text-font-size ); font-weight: var( --e-global-typography-text-font-weight ); text-align: var(--text-align);\">\u00a0<\/span><\/p><p><span style=\"font-family: var( --e-global-typography-text-font-family ), Barlowlocal, Sans-Serif; font-size: var( --e-global-typography-text-font-size ); font-weight: var( --e-global-typography-text-font-weight ); text-align: var(--text-align);\">Tek bir d\u00fc\u011fmeyle, \u00f6nceden yap\u0131land\u0131r\u0131lm\u0131\u015f sunum, konferans ve do\u011frudan modlar aras\u0131nda se\u00e7im yapabilirsiniz, b\u00f6ylece kat\u0131l\u0131mc\u0131lar sahada veya uzaktan duymalar\u0131 gereken her \u015feyi duyabilirler. Analog, Dante ve USB-C aray\u00fczleri bir bilgisayara, ses sistemine ve video konferans codec'ine kolay ba\u011flant\u0131 sa\u011flar.<\/span><\/p><p><span style=\"font-family: var( --e-global-typography-text-font-family ), Barlowlocal, Sans-Serif; font-size: var( --e-global-typography-text-font-size ); font-weight: var( --e-global-typography-text-font-weight ); text-align: var(--text-align);\">\u00a0<\/span><\/p><p>\u00a0<\/p><p>Farkl\u0131 odalar\u0131n gereksinimlerine uyum sa\u011flamak i\u00e7in ses, uzaktan ba\u011fl\u0131 kat\u0131l\u0131mc\u0131lara, oda hoparl\u00f6rlerine veya her ikisine birden y\u00f6nlendirilebilir, b\u00f6ylece herkes en iyi \u015fekilde duyabilir.<\/p><p>\u00a0<\/p>\t\t\t\t\t\t\t\t<\/div>\n\t\t\t\t<\/div>\n\t\t\t\t<div class=\"elementor-element elementor-element-1de0110 elementor-widget__width-inherit elementor-widget elementor-widget-heading\" data-id=\"1de0110\" data-element_type=\"widget\" data-settings=\"{&quot;_animation&quot;:&quot;none&quot;}\" data-widget_type=\"heading.default\">\n\t\t\t\t<div class=\"elementor-widget-container\">\n\t\t\t\t\t<h2 class=\"elementor-heading-title elementor-size-default\">Bile\u015fenler<\/h2>\t\t\t\t<\/div>\n\t\t\t\t<\/div>\n\t\t\t\t<div class=\"elementor-element elementor-element-538a96b elementor-widget elementor-widget-image\" data-id=\"538a96b\" data-element_type=\"widget\" data-widget_type=\"image.default\">\n\t\t\t\t<div class=\"elementor-widget-container\">\n\t\t\t\t\t\t\t\t\t\t\t\t\t\t\t<img decoding=\"async\" width=\"958\" height=\"1053\" src=\"https:\/\/konferenztechnik.de\/wp-content\/uploads\/2024\/02\/MXWAPXD2-Basisstation-Konferenzraueme-jpg.webp\" class=\"attachment-full size-full wp-image-44204\" alt=\"Mikrofonlar i\u00e7in bir baz \u00fcnitesi\" srcset=\"https:\/\/konferenztechnik.de\/wp-content\/uploads\/2024\/02\/MXWAPXD2-Basisstation-Konferenzraueme-jpg.webp 958w, https:\/\/konferenztechnik.de\/wp-content\/uploads\/2024\/02\/MXWAPXD2-Basisstation-Konferenzraueme-273x300.webp 273w, https:\/\/konferenztechnik.de\/wp-content\/uploads\/2024\/02\/MXWAPXD2-Basisstation-Konferenzraueme-932x1024.webp 932w, https:\/\/konferenztechnik.de\/wp-content\/uploads\/2024\/02\/MXWAPXD2-Basisstation-Konferenzraueme-768x844.webp 768w, https:\/\/konferenztechnik.de\/wp-content\/uploads\/2024\/02\/MXWAPXD2-Basisstation-Konferenzraueme-11x12.webp 11w\" sizes=\"(max-width: 958px) 100vw, 958px\" title=\"\">\t\t\t\t\t\t\t\t\t\t\t\t\t\t\t<\/div>\n\t\t\t\t<\/div>\n\t\t\t\t<div class=\"elementor-element elementor-element-2bd0eb3 elementor-widget__width-inherit elementor-widget elementor-widget-text-editor\" data-id=\"2bd0eb3\" data-element_type=\"widget\" data-widget_type=\"text-editor.default\">\n\t\t\t\t<div class=\"elementor-widget-container\">\n\t\t\t\t\t\t\t\t\t<p><strong>MXWAPXD2<\/strong><br \/>Eri\u015fim noktas\u0131 al\u0131c\u0131-vericisi, \u015farj cihaz\u0131 ve IntelliMix Audio DSP dahil 2 kanall\u0131 ana \u00fcnite.<\/p><p>\u00a0<\/p><p>MXWAPXD2, Microflex\u00ae Wireless neXt 2 sistemleri i\u00e7in 2 kanall\u0131 bir eri\u015fim noktas\u0131d\u0131r.<\/p><p>Sofistike otomatik frekans y\u00f6netimi, g\u00fc\u00e7l\u00fc IntelliMix\u00ae DSP ses i\u015fleme, kullan\u0131\u015fl\u0131 mikrofon \u015farj\u0131 ve esnek ses ve kontrol aray\u00fczlerini kompakt ve ayr\u0131 bir form fakt\u00f6r\u00fcnde birle\u015ftirir.<\/p><p>\u00a0<\/p>\t\t\t\t\t\t\t\t<\/div>\n\t\t\t\t<\/div>\n\t\t\t\t<div class=\"elementor-element elementor-element-c9f8f88 elementor-widget elementor-widget-image\" data-id=\"c9f8f88\" data-element_type=\"widget\" data-widget_type=\"image.default\">\n\t\t\t\t<div class=\"elementor-widget-container\">\n\t\t\t\t\t\t\t\t\t\t\t\t\t\t\t<img decoding=\"async\" width=\"1062\" height=\"850\" src=\"https:\/\/konferenztechnik.de\/wp-content\/uploads\/2024\/02\/MXW1X-drahtloser-Sender-mit-Ansteckmikrofone-jpg.webp\" class=\"attachment-full size-full wp-image-44264\" alt=\"Klipsli mikrofonlara sahip bir cep vericisi\" srcset=\"https:\/\/konferenztechnik.de\/wp-content\/uploads\/2024\/02\/MXW1X-drahtloser-Sender-mit-Ansteckmikrofone-jpg.webp 1062w, https:\/\/konferenztechnik.de\/wp-content\/uploads\/2024\/02\/MXW1X-drahtloser-Sender-mit-Ansteckmikrofone-300x240.webp 300w, https:\/\/konferenztechnik.de\/wp-content\/uploads\/2024\/02\/MXW1X-drahtloser-Sender-mit-Ansteckmikrofone-1024x820.webp 1024w, https:\/\/konferenztechnik.de\/wp-content\/uploads\/2024\/02\/MXW1X-drahtloser-Sender-mit-Ansteckmikrofone-768x615.webp 768w, https:\/\/konferenztechnik.de\/wp-content\/uploads\/2024\/02\/MXW1X-drahtloser-Sender-mit-Ansteckmikrofone-15x12.webp 15w\" sizes=\"(max-width: 1062px) 100vw, 1062px\" title=\"\">\t\t\t\t\t\t\t\t\t\t\t\t\t\t\t<\/div>\n\t\t\t\t<\/div>\n\t\t\t\t<div class=\"elementor-element elementor-element-4448f70 elementor-widget__width-inherit elementor-widget elementor-widget-text-editor\" data-id=\"4448f70\" data-element_type=\"widget\" data-widget_type=\"text-editor.default\">\n\t\t\t\t<div class=\"elementor-widget-container\">\n\t\t\t\t\t\t\t\t\t<p><strong>MXW1X<\/strong><br \/>Kablosuz bel tipi verici\u00a0<br \/><br \/>MXW1X bel tipi verici, ellerinizi yaz\u0131 yazmak, el hareketleri yapmak veya sunum yapmak i\u00e7in serbest b\u0131rak\u0131r. Yaka mikrofonu veya kulakl\u0131kl\u0131 mikrofon ba\u011flamak i\u00e7in bir giri\u015f soketine ve bel tipi verici bir kordona veya g\u00f6mlek cebine tak\u0131l\u0131yken konu\u015fmalar\u0131 kaydetmek i\u00e7in entegre bir \u00e7ok y\u00f6nl\u00fc mikrofona sahiptir. Verici, birlikte verilen SB906 lityum pil ile 17 saate kadar \u00e7al\u0131\u015fma s\u00fcresine sahiptir ve h\u0131zl\u0131 bir \u015fekilde yeniden \u015farj edilir. <\/p><p>\u00a0<\/p>\t\t\t\t\t\t\t\t<\/div>\n\t\t\t\t<\/div>\n\t\t\t\t<div class=\"elementor-element elementor-element-e4ce9e0 elementor-widget elementor-widget-image\" data-id=\"e4ce9e0\" data-element_type=\"widget\" data-widget_type=\"image.default\">\n\t\t\t\t<div class=\"elementor-widget-container\">\n\t\t\t\t\t\t\t\t\t\t\t\t\t\t\t<img loading=\"lazy\" decoding=\"async\" width=\"363\" height=\"1332\" src=\"https:\/\/konferenztechnik.de\/wp-content\/uploads\/2024\/02\/Shure-MXW2X-drahtloser-Handsender-BETA58A-SM58-jpg.webp\" class=\"attachment-full size-full wp-image-44202\" alt=\"Kablosuz mikrofon\" srcset=\"https:\/\/konferenztechnik.de\/wp-content\/uploads\/2024\/02\/Shure-MXW2X-drahtloser-Handsender-BETA58A-SM58-jpg.webp 363w, https:\/\/konferenztechnik.de\/wp-content\/uploads\/2024\/02\/Shure-MXW2X-drahtloser-Handsender-BETA58A-SM58-82x300.webp 82w, https:\/\/konferenztechnik.de\/wp-content\/uploads\/2024\/02\/Shure-MXW2X-drahtloser-Handsender-BETA58A-SM58-279x1024.webp 279w, https:\/\/konferenztechnik.de\/wp-content\/uploads\/2024\/02\/Shure-MXW2X-drahtloser-Handsender-BETA58A-SM58-3x12.webp 3w\" sizes=\"(max-width: 363px) 100vw, 363px\" title=\"\">\t\t\t\t\t\t\t\t\t\t\t\t\t\t\t<\/div>\n\t\t\t\t<\/div>\n\t\t\t\t<div class=\"elementor-element elementor-element-f53e2f2 elementor-widget__width-inherit elementor-widget elementor-widget-text-editor\" data-id=\"f53e2f2\" data-element_type=\"widget\" data-widget_type=\"text-editor.default\">\n\t\t\t\t<div class=\"elementor-widget-container\">\n\t\t\t\t\t\t\t\t\t<p><strong>MXW2X\/BETA58<br \/><\/strong>BETA58A mikrofon kafal\u0131 kablosuz el vericisi<\/p><p><strong>\u00a0<\/strong><\/p><p><strong>MXW2X\/SM58<br \/><\/strong>SM58 mikrofon kafal\u0131 kablosuz el vericisi<\/p><p>\u00a0<\/p><p>\u015earj edilebilir el tipi vericiler, mikrofonu elinde tutmay\u0131 ya da soru ve cevaplar i\u00e7in mikrofonu uzatmay\u0131 tercih eden herkes i\u00e7in idealdir.<\/p><p>Beta58A dinamik mikrofonun s\u00fcper kardioid karakteristi\u011fi, zorlu akustik ortamlarda geri bildirim ve oda g\u00fcr\u00fclt\u00fcs\u00fcn\u00fcn ek olarak bast\u0131r\u0131lmas\u0131n\u0131 sa\u011flar.<\/p><p>Verici, birlikte verilen SB908 lityum pil ile 25 saate kadar \u00e7al\u0131\u015f\u0131r ve h\u0131zla \u015farj edilir.<\/p>\t\t\t\t\t\t\t\t<\/div>\n\t\t\t\t<\/div>\n\t\t\t\t<div class=\"elementor-element elementor-element-346b691 elementor-widget elementor-widget-image\" data-id=\"346b691\" data-element_type=\"widget\" data-widget_type=\"image.default\">\n\t\t\t\t<div class=\"elementor-widget-container\">\n\t\t\t\t\t\t\t\t\t\t\t\t\t\t\t<img loading=\"lazy\" decoding=\"async\" width=\"422\" height=\"933\" src=\"https:\/\/konferenztechnik.de\/wp-content\/uploads\/2024\/02\/Grenzflaechemikrofon-MXW6X-Konfernzraeume-jpg.webp\" class=\"attachment-full size-full wp-image-44193\" alt=\"S\u0131n\u0131r mikrofonu, basit ve y\u00fcksek kaliteli tasar\u0131m\" srcset=\"https:\/\/konferenztechnik.de\/wp-content\/uploads\/2024\/02\/Grenzflaechemikrofon-MXW6X-Konfernzraeume-jpg.webp 422w, https:\/\/konferenztechnik.de\/wp-content\/uploads\/2024\/02\/Grenzflaechemikrofon-MXW6X-Konfernzraeume-136x300.webp 136w, https:\/\/konferenztechnik.de\/wp-content\/uploads\/2024\/02\/Grenzflaechemikrofon-MXW6X-Konfernzraeume-5x12.webp 5w\" sizes=\"(max-width: 422px) 100vw, 422px\" title=\"\">\t\t\t\t\t\t\t\t\t\t\t\t\t\t\t<\/div>\n\t\t\t\t<\/div>\n\t\t\t\t<div class=\"elementor-element elementor-element-3071883 elementor-widget__width-inherit elementor-widget elementor-widget-text-editor\" data-id=\"3071883\" data-element_type=\"widget\" data-widget_type=\"text-editor.default\">\n\t\t\t\t<div class=\"elementor-widget-container\">\n\t\t\t\t\t\t\t\t\t<p><strong>MXW6X\/C<br \/><\/strong>S\u0131n\u0131r mikrofonu, kardioid<\/p><p>\u00a0<\/p><p><strong>MXW6X\/O<br \/><\/strong>\u00c7ok y\u00f6nl\u00fc s\u0131n\u0131r mikrofonu<\/p><p>\u00a0<\/p><p>D\u00fcz tasar\u0131m\u0131 ve kardioid veya \u00e7ok y\u00f6nl\u00fc mikrofon se\u00e7enekleriyle MXW6X s\u0131n\u0131r mikrofon vericisi, tekli veya \u00e7oklu hoparl\u00f6rlerin \u00f6n\u00fcnde bir masa veya masa \u00fczerine esnek bir \u015fekilde yerle\u015ftirilebilir. Verici, birlikte verilen SB906 lityum pil ile 17 saate kadar \u00e7al\u0131\u015ft\u0131r\u0131labilir ve \u00e7ok h\u0131zl\u0131 bir \u015fekilde yeniden \u015farj edilebilir.<\/p>\t\t\t\t\t\t\t\t<\/div>\n\t\t\t\t<\/div>\n\t\t\t\t<div class=\"elementor-element elementor-element-e9ad1f5 elementor-widget__width-inherit elementor-widget elementor-widget-heading\" data-id=\"e9ad1f5\" data-element_type=\"widget\" data-settings=\"{&quot;_animation&quot;:&quot;none&quot;}\" data-widget_type=\"heading.default\">\n\t\t\t\t<div class=\"elementor-widget-container\">\n\t\t\t\t\t<h2 class=\"elementor-heading-title elementor-size-default\">Sonu\u00e7<\/h2>\t\t\t\t<\/div>\n\t\t\t\t<\/div>\n\t\t\t\t<div class=\"elementor-element elementor-element-91d522c elementor-widget__width-inherit elementor-widget elementor-widget-text-editor\" data-id=\"91d522c\" data-element_type=\"widget\" data-widget_type=\"text-editor.default\">\n\t\t\t\t<div class=\"elementor-widget-container\">\n\t\t\t\t\t\t\t\t\t<p>MXW neXt 2, s\u0131n\u0131flarda, amfilerde ve e\u011fitim odalar\u0131nda yerinde veya uzaktan dinleyiciler i\u00e7in m\u00fckemmel kablosuz ses kalitesi sunar. <span style=\"font-family: var( --e-global-typography-text-font-family ), Barlowlocal, Sans-Serif; font-size: var( --e-global-typography-text-font-size ); font-weight: var( --e-global-typography-text-font-weight ); text-align: var(--text-align);\">Sunumlar, ekip toplant\u0131lar\u0131 veya dersler i\u00e7in MXW neXt 2<\/span><span style=\"font-family: var( --e-global-typography-text-font-family ), Barlowlocal, Sans-Serif; font-size: var( --e-global-typography-text-font-size ); font-weight: var( --e-global-typography-text-font-weight ); text-align: var(--text-align);\">\u00a0her iki grup i\u00e7in de.<\/span><\/p><p><span style=\"font-family: var( --e-global-typography-text-font-family ), Barlowlocal, Sans-Serif; font-size: var( --e-global-typography-text-font-size ); font-weight: var( --e-global-typography-text-font-weight ); text-align: var(--text-align);\">\u00a0<\/span><\/p><p>Bel tipi vericiler, el tipi vericiler ve s\u0131n\u0131r al\u0131c\u0131-vericileri 17 ila 28 saatlik bir \u00e7al\u0131\u015fma s\u00fcresine sahiptir ve g\u00fcn sonunda \u015farj istasyonuna yerle\u015ftirilerek her zaman kullan\u0131ma haz\u0131r hale getirilir.<\/p>\t\t\t\t\t\t\t\t<\/div>\n\t\t\t\t<\/div>\n\t\t\t\t\t<\/div>\n\t\t\t\t<\/div>\n\t\t<div data-particle_enable=\"false\" data-particle-mobile-disabled=\"false\" class=\"elementor-element elementor-element-453ef54 e-flex e-con-boxed e-con e-parent\" data-id=\"453ef54\" data-element_type=\"container\">\n\t\t\t\t\t<div class=\"e-con-inner\">\n\t\t<div data-particle_enable=\"false\" data-particle-mobile-disabled=\"false\" class=\"elementor-element elementor-element-48f423f e-flex e-con-boxed e-con e-child\" data-id=\"48f423f\" data-element_type=\"container\">\n\t\t\t\t\t<div class=\"e-con-inner\">\n\t\t\t\t<div class=\"elementor-element elementor-element-a352b75 elementor-widget elementor-widget-shortcode\" data-id=\"a352b75\" data-element_type=\"widget\" data-widget_type=\"shortcode.default\">\n\t\t\t\t<div class=\"elementor-widget-container\">\n\t\t\t\t\t\t\t<div class=\"elementor-shortcode\"><\/div>\n\t\t\t\t\t\t<\/div>\n\t\t\t\t<\/div>\n\t\t\t\t\t<\/div>\n\t\t\t\t<\/div>\n\t\t\t\t\t<\/div>\n\t\t\t\t<\/div>\n\t\t<div data-particle_enable=\"false\" data-particle-mobile-disabled=\"false\" class=\"elementor-element elementor-element-c46c5f5 e-flex e-con-boxed e-con e-parent\" data-id=\"c46c5f5\" data-element_type=\"container\">\n\t\t\t\t\t<div class=\"e-con-inner\">\n\t\t\t\t<div class=\"elementor-element elementor-element-8bc2290 elementor-widget elementor-widget-shortcode\" data-id=\"8bc2290\" data-element_type=\"widget\" data-widget_type=\"shortcode.default\">\n\t\t\t\t<div class=\"elementor-widget-container\">\n\t\t\t\t\t\t\t<div class=\"elementor-shortcode\"><\/div>\n\t\t\t\t\t\t<\/div>\n\t\t\t\t<\/div>\n\t\t\t\t\t<\/div>\n\t\t\t\t<\/div>\n\t\t\t\t<\/div>","protected":false},"excerpt":{"rendered":"<p>S\u0131n\u0131flar, e\u011fitim odalar\u0131, amfiler ve hibrit konferans salonlar\u0131 i\u00e7in kablosuz mikrofonlar \u2013 basit, g\u00fcvenilir, uygun maliyetli<\/p>","protected":false},"author":2,"featured_media":44148,"comment_status":"closed","ping_status":"closed","sticky":false,"template":"","format":"standard","meta":{"_acf_changed":false,"footnotes":""},"categories":[39,22,20],"tags":[],"class_list":["post-44135","post","type-post","status-publish","format-standard","has-post-thumbnail","hentry","category-produkte","category-installation","category-populaer"],"acf":[],"_links":{"self":[{"href":"https:\/\/konferenztechnik.de\/tr\/wp-json\/wp\/v2\/posts\/44135","targetHints":{"allow":["GET"]}}],"collection":[{"href":"https:\/\/konferenztechnik.de\/tr\/wp-json\/wp\/v2\/posts"}],"about":[{"href":"https:\/\/konferenztechnik.de\/tr\/wp-json\/wp\/v2\/types\/post"}],"author":[{"embeddable":true,"href":"https:\/\/konferenztechnik.de\/tr\/wp-json\/wp\/v2\/users\/2"}],"replies":[{"embeddable":true,"href":"https:\/\/konferenztechnik.de\/tr\/wp-json\/wp\/v2\/comments?post=44135"}],"version-history":[{"count":0,"href":"https:\/\/konferenztechnik.de\/tr\/wp-json\/wp\/v2\/posts\/44135\/revisions"}],"wp:featuredmedia":[{"embeddable":true,"href":"https:\/\/konferenztechnik.de\/tr\/wp-json\/wp\/v2\/media\/44148"}],"wp:attachment":[{"href":"https:\/\/konferenztechnik.de\/tr\/wp-json\/wp\/v2\/media?parent=44135"}],"wp:term":[{"taxonomy":"category","embeddable":true,"href":"https:\/\/konferenztechnik.de\/tr\/wp-json\/wp\/v2\/categories?post=44135"},{"taxonomy":"post_tag","embeddable":true,"href":"https:\/\/konferenztechnik.de\/tr\/wp-json\/wp\/v2\/tags?post=44135"}],"curies":[{"name":"wp","href":"https:\/\/api.w.org\/{rel}","templated":true}]}}