{"id":4582,"date":"2014-06-04T11:38:16","date_gmt":"2014-06-04T09:38:16","guid":{"rendered":"https:\/\/konferenztechnik.de\/?p=4582"},"modified":"2023-06-05T12:08:35","modified_gmt":"2023-06-05T10:08:35","slug":"wifi-uezerinden-akilli-telefona-ses-akisi","status":"publish","type":"post","link":"https:\/\/konferenztechnik.de\/tr\/wifi-uezerinden-akilli-telefona-ses-akisi\/","title":{"rendered":"WLAN \u00fczerinden ak\u0131ll\u0131 telefona ses ak\u0131\u015f\u0131"},"content":{"rendered":"<div data-elementor-type=\"wp-post\" data-elementor-id=\"4582\" class=\"elementor elementor-4582\" data-elementor-post-type=\"post\">\n\t\t\t\t<div data-particle_enable=\"false\" data-particle-mobile-disabled=\"false\" class=\"elementor-element elementor-element-a5e07be e-flex e-con-boxed e-con e-parent\" data-id=\"a5e07be\" data-element_type=\"container\">\n\t\t\t\t\t<div class=\"e-con-inner\">\n\t\t\t\t<div class=\"elementor-element elementor-element-4101ba8 elementor-widget elementor-widget-heading\" data-id=\"4101ba8\" data-element_type=\"widget\" data-widget_type=\"heading.default\">\n\t\t\t\t<div class=\"elementor-widget-container\">\n\t\t\t\t\t<h1 class=\"elementor-heading-title elementor-size-default\">WLAN \u00fczerinden ak\u0131ll\u0131 telefona ses ak\u0131\u015f\u0131 <\/h1>\t\t\t\t<\/div>\n\t\t\t\t<\/div>\n\t\t\t\t<div class=\"elementor-element elementor-element-147866b elementor-widget elementor-widget-image\" data-id=\"147866b\" data-element_type=\"widget\" data-widget_type=\"image.default\">\n\t\t\t\t<div class=\"elementor-widget-container\">\n\t\t\t\t\t\t\t\t\t\t\t\t\t\t\t<img fetchpriority=\"high\" decoding=\"async\" width=\"800\" height=\"161\" src=\"https:\/\/konferenztechnik.de\/wp-content\/uploads\/2014\/06\/sennheiser-connect-station-Kopie-1024x206.jpg\" class=\"attachment-large size-large wp-image-4583\" alt=\"Sennheiser Connect \u0130stasyonu\" srcset=\"https:\/\/konferenztechnik.de\/wp-content\/uploads\/2014\/06\/sennheiser-connect-station-Kopie-1024x206.jpg 1024w, https:\/\/konferenztechnik.de\/wp-content\/uploads\/2014\/06\/sennheiser-connect-station-Kopie-300x60.jpg 300w, https:\/\/konferenztechnik.de\/wp-content\/uploads\/2014\/06\/sennheiser-connect-station-Kopie-768x154.jpg 768w, https:\/\/konferenztechnik.de\/wp-content\/uploads\/2014\/06\/sennheiser-connect-station-Kopie.jpg 1170w\" sizes=\"(max-width: 800px) 100vw, 800px\" title=\"\">\t\t\t\t\t\t\t\t\t\t\t\t\t\t\t<\/div>\n\t\t\t\t<\/div>\n\t\t\t\t<div class=\"elementor-element elementor-element-472ff25 elementor-widget elementor-widget-text-editor\" data-id=\"472ff25\" data-element_type=\"widget\" data-widget_type=\"text-editor.default\">\n\t\t\t\t<div class=\"elementor-widget-container\">\n\t\t\t\t\t\t\t\t\t<p>Yay\u0131nlanma Tarihi: 0<span class=\"elementor-post-date\">4.06.2014 <\/span><\/p>\t\t\t\t\t\t\t\t<\/div>\n\t\t\t\t<\/div>\n\t\t\t\t\t<\/div>\n\t\t\t\t<\/div>\n\t\t<div data-particle_enable=\"false\" data-particle-mobile-disabled=\"false\" class=\"elementor-element elementor-element-1d53767 e-flex e-con-boxed e-con e-parent\" data-id=\"1d53767\" data-element_type=\"container\">\n\t\t\t\t\t<div class=\"e-con-inner\">\n\t\t\t\t<div class=\"elementor-element elementor-element-c4f3a21 elementor-widget__width-initial elementor-widget elementor-widget-text-editor\" data-id=\"c4f3a21\" data-element_type=\"widget\" data-widget_type=\"text-editor.default\">\n\t\t\t\t<div class=\"elementor-widget-container\">\n\t\t\t\t\t\t\t\t\t<p>Ak\u0131ll\u0131 telefon uzun zamandan beri cebinizdeki \u00e7ok y\u00f6nl\u00fc bir cihaz haline geldi: Kamera, multimedya oynat\u0131c\u0131, oyun konsolu veya mesaj ve ileti\u015fim merkezi, uygulamalar\u0131ndan sadece birka\u00e7\u0131.<\/p><p>\u00a0<\/p><p>Yeni Sennheiser Connect sistemi ile yak\u0131nda en y\u00fcksek kalitede ve iletim g\u00fcvenli\u011finde ses ak\u0131\u015f\u0131n\u0131 birden fazla kanalla do\u011frudan ak\u0131ll\u0131 telefona aktarmak m\u00fcmk\u00fcn olacak. Ak\u0131\u015f, Sennheiser ConnectServer yard\u0131m\u0131yla WLAN \u00fczerinden sa\u011flan\u0131yor ve \u00fccretsiz bir uygulama kullan\u0131larak dinleyicinin ak\u0131ll\u0131 telefonu \u00fczerinden al\u0131n\u0131yor. \"Kendi cihaz\u0131n\u0131 getir\" (BYOD) slogan\u0131na uygun olarak, bu ama\u00e7 i\u00e7in \u00e7e\u015fitli yayg\u0131n u\u00e7 cihazlar kullan\u0131labilir.<\/p><p>\u00a0<\/p><p>Sennheiser, CinemaConnect ile ilk uygulama senaryosunu sunuyor: G\u00f6rme veya i\u015fitme engelli film merakl\u0131lar\u0131, sa\u011flanan ak\u0131ll\u0131 telefon uygulamas\u0131 arac\u0131l\u0131\u011f\u0131yla sinemadaki bir Wi-Fi a\u011f\u0131na ba\u011flanabilirler. Bu sayede sesli betimleme veya i\u015fitme deste\u011fi i\u00e7in ek ses par\u00e7alar\u0131na eri\u015febiliyorlar.<\/p><p>PCS olarak bu teknolojiyi son derece heyecan verici buluyor ve pek \u00e7ok ba\u015fka uygulama alan\u0131 hayal edebiliyoruz. Sennheiser'a g\u00f6re sistem sonbaharda piyasaya \u00e7\u0131kmaya haz\u0131r olacak.<\/p>\t\t\t\t\t\t\t\t<\/div>\n\t\t\t\t<\/div>\n\t\t\t\t<div class=\"elementor-element elementor-element-92d0fe0 elementor-widget elementor-widget-image\" data-id=\"92d0fe0\" data-element_type=\"widget\" data-widget_type=\"image.default\">\n\t\t\t\t<div class=\"elementor-widget-container\">\n\t\t\t\t\t\t\t\t\t\t\t\t\t\t\t<img decoding=\"async\" width=\"320\" height=\"568\" src=\"https:\/\/konferenztechnik.de\/wp-content\/uploads\/2014\/06\/sennheiser_cinemaconnect_app_2.jpg\" class=\"attachment-large size-large wp-image-4587\" alt=\"Sennheiser Connect uygulamas\u0131\" srcset=\"https:\/\/konferenztechnik.de\/wp-content\/uploads\/2014\/06\/sennheiser_cinemaconnect_app_2.jpg 320w, https:\/\/konferenztechnik.de\/wp-content\/uploads\/2014\/06\/sennheiser_cinemaconnect_app_2-169x300.jpg 169w\" sizes=\"(max-width: 320px) 100vw, 320px\" title=\"\">\t\t\t\t\t\t\t\t\t\t\t\t\t\t\t<\/div>\n\t\t\t\t<\/div>\n\t\t\t\t\t<\/div>\n\t\t\t\t<\/div>\n\t\t<div data-particle_enable=\"false\" data-particle-mobile-disabled=\"false\" class=\"elementor-element elementor-element-0def144 e-flex e-con-boxed e-con e-parent\" data-id=\"0def144\" data-element_type=\"container\">\n\t\t\t\t\t<div class=\"e-con-inner\">\n\t\t\t\t<div class=\"elementor-element elementor-element-7a999e8 elementor-widget elementor-widget-shortcode\" data-id=\"7a999e8\" data-element_type=\"widget\" data-widget_type=\"shortcode.default\">\n\t\t\t\t<div class=\"elementor-widget-container\">\n\t\t\t\t\t\t\t<div class=\"elementor-shortcode\">\t\t<div data-elementor-type=\"container\" data-elementor-id=\"29098\" class=\"elementor elementor-29098\" data-elementor-post-type=\"elementor_library\">\n\t\t\t\t<div data-particle_enable=\"false\" data-particle-mobile-disabled=\"false\" class=\"elementor-element elementor-element-699d0d1a e-flex e-con-boxed e-con e-parent\" data-id=\"699d0d1a\" data-element_type=\"container\">\n\t\t\t\t\t<div class=\"e-con-inner\">\n\t\t\t\t<div class=\"elementor-element elementor-element-11f236ba elementor-widget elementor-widget-post-navigation\" data-id=\"11f236ba\" data-element_type=\"widget\" data-widget_type=\"post-navigation.default\">\n\t\t\t\t<div class=\"elementor-widget-container\">\n\t\t\t\t\t\t\t<div class=\"elementor-post-navigation\" role=\"navigation\" aria-label=\"Navigasyon G\u00f6nder\">\n\t\t\t<div class=\"elementor-post-navigation__prev elementor-post-navigation__link\">\n\t\t\t\t<a href=\"https:\/\/konferenztechnik.de\/tr\/barco-clickshare-baz-ueni%cc%87teleri%cc%87-i%cc%87ci%cc%87n-ueruen-yazilimi-guencellemeleri%cc%87\/\" rel=\"prev\"><span class=\"post-navigation__arrow-wrapper post-navigation__arrow-prev\"><svg aria-hidden=\"true\" class=\"e-font-icon-svg e-fas-arrow-left\" viewbox=\"0 0 448 512\" xmlns=\"http:\/\/www.w3.org\/2000\/svg\"><path d=\"M257.5 445.1l-22.2 22.2c-9.4 9.4-24.6 9.4-33.9 0L7 273c-9.4-9.4-9.4-24.6 0-33.9L201.4 44.7c9.4-9.4 24.6-9.4 33.9 0l22.2 22.2c9.5 9.5 9.3 25-.4 34.3L136.6 216H424c13.3 0 24 10.7 24 24v32c0 13.3-10.7 24-24 24H136.6l120.5 114.8c9.8 9.3 10 24.8.4 34.3z\"><\/path><\/svg><span class=\"elementor-screen-only\">Prev<\/span><\/span><span class=\"elementor-post-navigation__link__prev\"><span class=\"post-navigation__prev--label\">\u00d6nceki<\/span><span class=\"post-navigation__prev--title\">Barco ClickShare Baz \u00dcniteleri i\u00e7in \u00fcr\u00fcn yaz\u0131l\u0131m\u0131 g\u00fcncellemeleri<\/span><\/span><\/a>\t\t\t<\/div>\n\t\t\t\t\t\t<div class=\"elementor-post-navigation__next elementor-post-navigation__link\">\n\t\t\t\t<a href=\"https:\/\/konferenztechnik.de\/tr\/uluslararasi-ki%cc%87li%cc%87se-kongresi%cc%87nde-pcs\/\" rel=\"next\"><span class=\"elementor-post-navigation__link__next\"><span class=\"post-navigation__next--label\">Sonraki<\/span><span class=\"post-navigation__next--title\">PCS uluslararas\u0131 kilise kongresinde<\/span><\/span><span class=\"post-navigation__arrow-wrapper post-navigation__arrow-next\"><svg aria-hidden=\"true\" class=\"e-font-icon-svg e-fas-arrow-right\" viewbox=\"0 0 448 512\" xmlns=\"http:\/\/www.w3.org\/2000\/svg\"><path d=\"M190.5 66.9l22.2-22.2c9.4-9.4 24.6-9.4 33.9 0L441 239c9.4 9.4 9.4 24.6 0 33.9L246.6 467.3c-9.4 9.4-24.6 9.4-33.9 0l-22.2-22.2c-9.5-9.5-9.3-25 .4-34.3L311.4 296H24c-13.3 0-24-10.7-24-24v-32c0-13.3 10.7-24 24-24h287.4L190.9 101.2c-9.8-9.3-10-24.8-.4-34.3z\"><\/path><\/svg><span class=\"elementor-screen-only\">Sonraki<\/span><\/span><\/a>\t\t\t<\/div>\n\t\t<\/div>\n\t\t\t\t\t\t<\/div>\n\t\t\t\t<\/div>\n\t\t\t\t<div class=\"elementor-element elementor-element-81a2b13 elementor-align-center elementor-icon-list--layout-traditional elementor-list-item-link-full_width elementor-widget elementor-widget-icon-list\" data-id=\"81a2b13\" data-element_type=\"widget\" data-widget_type=\"icon-list.default\">\n\t\t\t\t<div class=\"elementor-widget-container\">\n\t\t\t\t\t\t\t<ul class=\"elementor-icon-list-items\">\n\t\t\t\t\t\t\t<li class=\"elementor-icon-list-item\">\n\t\t\t\t\t\t\t\t\t\t\t<a href=\"\/tr\/haberler\/\">\n\n\t\t\t\t\t\t\t\t\t\t\t\t<span class=\"elementor-icon-list-icon\">\n\t\t\t\t\t\t\t<svg xmlns=\"http:\/\/www.w3.org\/2000\/svg\" id=\"uuid-5a27b650-727a-4659-9d92-75e42c38903b\" viewbox=\"0 0 19.67 14.54\"><g id=\"uuid-40aca98c-811b-43af-9bb7-b3a092d9bdfe\"><rect x=\".03\" width=\"6\" height=\"6\" rx=\"2\" ry=\"2\" style=\"fill:currentColor\"><\/rect><rect x=\"6.85\" width=\"6\" height=\"7.65\" rx=\"2\" ry=\"2\" style=\"fill:currentColor\"><\/rect><rect x=\"13.67\" width=\"6\" height=\"6.51\" rx=\"2\" ry=\"2\" style=\"fill:currentColor\"><\/rect><rect y=\"7\" width=\"6\" height=\"7.55\" rx=\"2\" ry=\"2\" style=\"fill:currentColor\"><\/rect><rect x=\"13.64\" y=\"7.22\" width=\"6\" height=\"7.33\" rx=\"2\" ry=\"2\" style=\"fill:currentColor\"><\/rect><rect x=\"6.82\" y=\"8.54\" width=\"6\" height=\"6\" rx=\"2\" ry=\"2\" style=\"fill:currentColor\"><\/rect><\/g><\/svg>\t\t\t\t\t\t<\/span>\n\t\t\t\t\t\t\t\t\t\t<span class=\"elementor-icon-list-text\"><\/span>\n\t\t\t\t\t\t\t\t\t\t\t<\/a>\n\t\t\t\t\t\t\t\t\t<\/li>\n\t\t\t\t\t\t<\/ul>\n\t\t\t\t\t\t<\/div>\n\t\t\t\t<\/div>\n\t\t\t\t\t<\/div>\n\t\t\t\t<\/div>\n\t\t\t\t<\/div>\n\t\t<\/div>\n\t\t\t\t\t\t<\/div>\n\t\t\t\t<\/div>\n\t\t\t\t\t<\/div>\n\t\t\t\t<\/div>\n\t\t\t\t<\/div>","protected":false},"excerpt":{"rendered":"<p>Audio-Streaming per WLAN auf das Smartphone Ver\u00f6ffentlicht: 04.06.2014 Das Smartphone hat sich l\u00e4ngst zum Allesk\u00f6nner in der Hosentasche entwickelt: Kamera, Multimediaplayer, Spielekonsole oder Nachrichten- und Kommunikationszentrale sind daf\u00fcr nur einige Anwendungsbeispiele. \u00a0 Mit dem neuen Sennheiser Connect System ist es bald m\u00f6glich, Audio in h\u00f6chster Qualit\u00e4t und \u00dcbertragungssicherheit direkt und mit mehreren Kan\u00e4len auf das [&hellip;]<\/p>","protected":false},"author":1,"featured_media":29738,"comment_status":"closed","ping_status":"closed","sticky":false,"template":"","format":"standard","meta":{"_acf_changed":false,"footnotes":""},"categories":[2],"tags":[],"class_list":["post-4582","post","type-post","status-publish","format-standard","has-post-thumbnail","hentry","category-news"],"acf":[],"_links":{"self":[{"href":"https:\/\/konferenztechnik.de\/tr\/wp-json\/wp\/v2\/posts\/4582","targetHints":{"allow":["GET"]}}],"collection":[{"href":"https:\/\/konferenztechnik.de\/tr\/wp-json\/wp\/v2\/posts"}],"about":[{"href":"https:\/\/konferenztechnik.de\/tr\/wp-json\/wp\/v2\/types\/post"}],"author":[{"embeddable":true,"href":"https:\/\/konferenztechnik.de\/tr\/wp-json\/wp\/v2\/users\/1"}],"replies":[{"embeddable":true,"href":"https:\/\/konferenztechnik.de\/tr\/wp-json\/wp\/v2\/comments?post=4582"}],"version-history":[{"count":0,"href":"https:\/\/konferenztechnik.de\/tr\/wp-json\/wp\/v2\/posts\/4582\/revisions"}],"wp:featuredmedia":[{"embeddable":true,"href":"https:\/\/konferenztechnik.de\/tr\/wp-json\/wp\/v2\/media\/29738"}],"wp:attachment":[{"href":"https:\/\/konferenztechnik.de\/tr\/wp-json\/wp\/v2\/media?parent=4582"}],"wp:term":[{"taxonomy":"category","embeddable":true,"href":"https:\/\/konferenztechnik.de\/tr\/wp-json\/wp\/v2\/categories?post=4582"},{"taxonomy":"post_tag","embeddable":true,"href":"https:\/\/konferenztechnik.de\/tr\/wp-json\/wp\/v2\/tags?post=4582"}],"curies":[{"name":"wp","href":"https:\/\/api.w.org\/{rel}","templated":true}]}}