{"id":46885,"date":"2024-10-15T09:43:36","date_gmt":"2024-10-15T07:43:36","guid":{"rendered":"https:\/\/konferenztechnik.de\/?p=46885"},"modified":"2026-01-05T16:13:40","modified_gmt":"2026-01-05T15:13:40","slug":"global-mounts-groupun-yeni%cc%87-geni%cc%87sleti%cc%87lmi%cc%87s-av-ueruen-portfoeyue-hazir","status":"publish","type":"post","link":"https:\/\/konferenztechnik.de\/tr\/global-mounts-groupun-yeni%cc%87-geni%cc%87sleti%cc%87lmi%cc%87s-av-ueruen-portfoeyue-hazir\/","title":{"rendered":"Global Mounts Group'tan yeni, geni\u015fletilmi\u015f AV \u00fcr\u00fcn portf\u00f6y\u00fc"},"content":{"rendered":"<div data-elementor-type=\"wp-post\" data-elementor-id=\"46885\" class=\"elementor elementor-46885\" data-elementor-post-type=\"post\">\n\t\t\t\t<div data-particle_enable=\"false\" data-particle-mobile-disabled=\"false\" class=\"elementor-element elementor-element-45f4167c e-flex e-con-boxed e-con e-parent\" data-id=\"45f4167c\" data-element_type=\"container\">\n\t\t\t\t\t<div class=\"e-con-inner\">\n\t\t<div data-particle_enable=\"false\" data-particle-mobile-disabled=\"false\" class=\"elementor-element elementor-element-4869e24 e-con-full e-flex e-con e-child\" data-id=\"4869e24\" data-element_type=\"container\">\n\t\t\t\t<div class=\"elementor-element elementor-element-c705e12 elementor-widget elementor-widget-heading\" data-id=\"c705e12\" data-element_type=\"widget\" data-widget_type=\"heading.default\">\n\t\t\t\t<div class=\"elementor-widget-container\">\n\t\t\t\t\t<h1 class=\"elementor-heading-title elementor-size-default\">Global Mounts Group'tan yeni, geni\u015fletilmi\u015f AV \u00fcr\u00fcn portf\u00f6y\u00fc\n<\/h1>\t\t\t\t<\/div>\n\t\t\t\t<\/div>\n\t\t\t\t<div class=\"elementor-element elementor-element-11abdd3 elementor-widget elementor-widget-image\" data-id=\"11abdd3\" data-element_type=\"widget\" data-widget_type=\"image.default\">\n\t\t\t\t<div class=\"elementor-widget-container\">\n\t\t\t\t\t\t\t\t\t\t\t\t\t\t\t<img fetchpriority=\"high\" decoding=\"async\" width=\"1685\" height=\"450\" src=\"https:\/\/konferenztechnik.de\/wp-content\/uploads\/2024\/10\/global-mounts-group-products.webp\" class=\"attachment-full size-full wp-image-46888\" alt=\"\" srcset=\"https:\/\/konferenztechnik.de\/wp-content\/uploads\/2024\/10\/global-mounts-group-products.webp 1685w, https:\/\/konferenztechnik.de\/wp-content\/uploads\/2024\/10\/global-mounts-group-products-300x80.webp 300w, https:\/\/konferenztechnik.de\/wp-content\/uploads\/2024\/10\/global-mounts-group-products-1024x273.webp 1024w, https:\/\/konferenztechnik.de\/wp-content\/uploads\/2024\/10\/global-mounts-group-products-768x205.webp 768w, https:\/\/konferenztechnik.de\/wp-content\/uploads\/2024\/10\/global-mounts-group-products-1536x410.webp 1536w, https:\/\/konferenztechnik.de\/wp-content\/uploads\/2024\/10\/global-mounts-group-products-18x5.webp 18w\" sizes=\"(max-width: 1685px) 100vw, 1685px\" title=\"\">\t\t\t\t\t\t\t\t\t\t\t\t\t\t\t<\/div>\n\t\t\t\t<\/div>\n\t\t\t\t<div class=\"elementor-element elementor-element-c6d1e62 elementor-widget elementor-widget-text-editor\" data-id=\"c6d1e62\" data-element_type=\"widget\" data-widget_type=\"text-editor.default\">\n\t\t\t\t<div class=\"elementor-widget-container\">\n\t\t\t\t\t\t\t\t\t<p>Yay\u0131nlanma Tarihi: 15.10.2024<\/p>\n<p>\u00a0<\/p>\t\t\t\t\t\t\t\t<\/div>\n\t\t\t\t<\/div>\n\t\t\t\t<div class=\"elementor-element elementor-element-8696493 elementor-widget__width-initial elementor-widget elementor-widget-text-editor\" data-id=\"8696493\" data-element_type=\"widget\" data-widget_type=\"text-editor.default\">\n\t\t\t\t<div class=\"elementor-widget-container\">\n\t\t\t\t\t\t\t\t\t<p class=\"darklup-observer--node darklup--observed\"><span style=\"font-weight: 400;\" class=\"darklup--observed darklup-observer--node\">T\u00fcm Global Mounts Group \u00fcr\u00fcnlerini derhal y\u00fcr\u00fcrl\u00fc\u011fe girecek \u015fekilde sunabilmekten memnuniyet duyuyoruz. Bu, AV medya teknolojisi ve BT i\u00e7in montaj par\u00e7alar\u0131 alanlar\u0131ndaki \u00fcr\u00fcn portf\u00f6y\u00fcm\u00fcz\u00fc geni\u015fletiyor ve hizmet taleplerine ve m\u00fc\u015fteri isteklerine daha iyi yan\u0131t vermemizi sa\u011fl\u0131yor.<\/span><\/p><p class=\"darklup-observer--node darklup--observed\"><span style=\"font-weight: 400;\" class=\"darklup--observed darklup-observer--node\"><br class=\"darklup--observed darklup-observer--node\"><\/span><\/p><p class=\"darklup-observer--node darklup--observed\"><span style=\"font-weight: 400;\" class=\"darklup--observed darklup-observer--node\">Global Mounts Group, Audipack, Neomounts ve B-Tech \u015firketlerinin birle\u015fmesi sonucu ortaya \u00e7\u0131km\u0131\u015ft\u0131r. Her marka ba\u011f\u0131ms\u0131zl\u0131\u011f\u0131n\u0131 korumakta ve kendi uzmanl\u0131k alan\u0131na odaklanmaktad\u0131r: IT, ses-g\u00f6r\u00fcnt\u00fc ve birle\u015fik ileti\u015fim \u00e7\u00f6z\u00fcmlerinde Neomounts, Pro AV \u00e7\u00f6z\u00fcmlerinde B-Tech ve Pro AV, kiral\u0131k \u00fcr\u00fcnler ve \u00f6zelle\u015ftirilmi\u015f \u00e7\u00f6z\u00fcmlerde Audipack.&nbsp;<\/span><\/p><p class=\"darklup-observer--node darklup--observed\"><span style=\"font-weight: 400;\" class=\"darklup--observed darklup-observer--node\"><br><\/span><\/p><p class=\"darklup-observer--node darklup--observed\"><span style=\"font-weight: 400;\" class=\"darklup--observed darklup-observer--node\">Denenmi\u015f ve test edilmi\u015f zemin standlar\u0131, ekran tutucular ve terc\u00fcman kabinleri gibi \u00fcr\u00fcnler Audipack'in kan\u0131tlanm\u0131\u015f ana i\u015fi olmaya devam etmektedir.<\/span><\/p>\t\t\t\t\t\t\t\t<\/div>\n\t\t\t\t<\/div>\n\t\t\t\t<\/div>\n\t\t\t\t\t<\/div>\n\t\t\t\t<\/div>\n\t\t<div data-particle_enable=\"false\" data-particle-mobile-disabled=\"false\" class=\"elementor-element elementor-element-2c563ac e-flex e-con-boxed e-con e-parent\" data-id=\"2c563ac\" data-element_type=\"container\">\n\t\t\t\t\t<div class=\"e-con-inner\">\n\t\t\t\t<div class=\"elementor-element elementor-element-f3c8388 elementor-widget elementor-widget-shortcode\" data-id=\"f3c8388\" data-element_type=\"widget\" data-widget_type=\"shortcode.default\">\n\t\t\t\t<div class=\"elementor-widget-container\">\n\t\t\t\t\t\t\t<div class=\"elementor-shortcode\">\t\t<div data-elementor-type=\"container\" data-elementor-id=\"29098\" class=\"elementor elementor-29098\" data-elementor-post-type=\"elementor_library\">\n\t\t\t\t<div data-particle_enable=\"false\" data-particle-mobile-disabled=\"false\" class=\"elementor-element elementor-element-699d0d1a e-flex e-con-boxed e-con e-parent\" data-id=\"699d0d1a\" data-element_type=\"container\">\n\t\t\t\t\t<div class=\"e-con-inner\">\n\t\t\t\t<div class=\"elementor-element elementor-element-11f236ba elementor-widget elementor-widget-post-navigation\" data-id=\"11f236ba\" data-element_type=\"widget\" data-widget_type=\"post-navigation.default\">\n\t\t\t\t<div class=\"elementor-widget-container\">\n\t\t\t\t\t\t\t<div class=\"elementor-post-navigation\" role=\"navigation\" aria-label=\"Navigasyon G\u00f6nder\">\n\t\t\t<div class=\"elementor-post-navigation__prev elementor-post-navigation__link\">\n\t\t\t\t<a href=\"https:\/\/konferenztechnik.de\/tr\/hos-geldi%cc%87n-mateo\/\" rel=\"prev\"><span class=\"post-navigation__arrow-wrapper post-navigation__arrow-prev\"><svg aria-hidden=\"true\" class=\"e-font-icon-svg e-fas-arrow-left\" viewbox=\"0 0 448 512\" xmlns=\"http:\/\/www.w3.org\/2000\/svg\"><path d=\"M257.5 445.1l-22.2 22.2c-9.4 9.4-24.6 9.4-33.9 0L7 273c-9.4-9.4-9.4-24.6 0-33.9L201.4 44.7c9.4-9.4 24.6-9.4 33.9 0l22.2 22.2c9.5 9.5 9.3 25-.4 34.3L136.6 216H424c13.3 0 24 10.7 24 24v32c0 13.3-10.7 24-24 24H136.6l120.5 114.8c9.8 9.3 10 24.8.4 34.3z\"><\/path><\/svg><span class=\"elementor-screen-only\">Prev<\/span><\/span><span class=\"elementor-post-navigation__link__prev\"><span class=\"post-navigation__prev--label\">\u00d6nceki<\/span><span class=\"post-navigation__prev--title\">Ho\u015f geldin, Mateo!<\/span><\/span><\/a>\t\t\t<\/div>\n\t\t\t\t\t\t<div class=\"elementor-post-navigation__next elementor-post-navigation__link\">\n\t\t\t\t<a href=\"https:\/\/konferenztechnik.de\/tr\/egi%cc%87ti%cc%87m-2025-si%cc%87zi%cc%87-ariyoruz\/\" rel=\"next\"><span class=\"elementor-post-navigation__link__next\"><span class=\"post-navigation__next--label\">Sonraki<\/span><span class=\"post-navigation__next--title\">\u00c7\u0131rakl\u0131k 2025 \u2013 Biz ar\u0131yoruz: Siz!<\/span><\/span><span class=\"post-navigation__arrow-wrapper post-navigation__arrow-next\"><svg aria-hidden=\"true\" class=\"e-font-icon-svg e-fas-arrow-right\" viewbox=\"0 0 448 512\" xmlns=\"http:\/\/www.w3.org\/2000\/svg\"><path d=\"M190.5 66.9l22.2-22.2c9.4-9.4 24.6-9.4 33.9 0L441 239c9.4 9.4 9.4 24.6 0 33.9L246.6 467.3c-9.4 9.4-24.6 9.4-33.9 0l-22.2-22.2c-9.5-9.5-9.3-25 .4-34.3L311.4 296H24c-13.3 0-24-10.7-24-24v-32c0-13.3 10.7-24 24-24h287.4L190.9 101.2c-9.8-9.3-10-24.8-.4-34.3z\"><\/path><\/svg><span class=\"elementor-screen-only\">Sonraki<\/span><\/span><\/a>\t\t\t<\/div>\n\t\t<\/div>\n\t\t\t\t\t\t<\/div>\n\t\t\t\t<\/div>\n\t\t\t\t<div class=\"elementor-element elementor-element-81a2b13 elementor-align-center elementor-icon-list--layout-traditional elementor-list-item-link-full_width elementor-widget elementor-widget-icon-list\" data-id=\"81a2b13\" data-element_type=\"widget\" data-widget_type=\"icon-list.default\">\n\t\t\t\t<div class=\"elementor-widget-container\">\n\t\t\t\t\t\t\t<ul class=\"elementor-icon-list-items\">\n\t\t\t\t\t\t\t<li class=\"elementor-icon-list-item\">\n\t\t\t\t\t\t\t\t\t\t\t<a href=\"\/tr\/haberler\/\">\n\n\t\t\t\t\t\t\t\t\t\t\t\t<span class=\"elementor-icon-list-icon\">\n\t\t\t\t\t\t\t<svg xmlns=\"http:\/\/www.w3.org\/2000\/svg\" id=\"uuid-5a27b650-727a-4659-9d92-75e42c38903b\" viewbox=\"0 0 19.67 14.54\"><g id=\"uuid-40aca98c-811b-43af-9bb7-b3a092d9bdfe\"><rect x=\".03\" width=\"6\" height=\"6\" rx=\"2\" ry=\"2\" style=\"fill:currentColor\"><\/rect><rect x=\"6.85\" width=\"6\" height=\"7.65\" rx=\"2\" ry=\"2\" style=\"fill:currentColor\"><\/rect><rect x=\"13.67\" width=\"6\" height=\"6.51\" rx=\"2\" ry=\"2\" style=\"fill:currentColor\"><\/rect><rect y=\"7\" width=\"6\" height=\"7.55\" rx=\"2\" ry=\"2\" style=\"fill:currentColor\"><\/rect><rect x=\"13.64\" y=\"7.22\" width=\"6\" height=\"7.33\" rx=\"2\" ry=\"2\" style=\"fill:currentColor\"><\/rect><rect x=\"6.82\" y=\"8.54\" width=\"6\" height=\"6\" rx=\"2\" ry=\"2\" style=\"fill:currentColor\"><\/rect><\/g><\/svg>\t\t\t\t\t\t<\/span>\n\t\t\t\t\t\t\t\t\t\t<span class=\"elementor-icon-list-text\"><\/span>\n\t\t\t\t\t\t\t\t\t\t\t<\/a>\n\t\t\t\t\t\t\t\t\t<\/li>\n\t\t\t\t\t\t<\/ul>\n\t\t\t\t\t\t<\/div>\n\t\t\t\t<\/div>\n\t\t\t\t\t<\/div>\n\t\t\t\t<\/div>\n\t\t\t\t<\/div>\n\t\t<\/div>\n\t\t\t\t\t\t<\/div>\n\t\t\t\t<\/div>\n\t\t\t\t\t<\/div>\n\t\t\t\t<\/div>\n\t\t\t\t<\/div>","protected":false},"excerpt":{"rendered":"<p>\u00dcr\u00fcn portf\u00f6y\u00fcm\u00fcz\u00fc AV medya teknolojisi ve BT i\u00e7in ba\u011flant\u0131 par\u00e7alar\u0131 alanlar\u0131nda geni\u015fletiyoruz ve hizmet taleplerine ve m\u00fc\u015fteri isteklerine daha iyi yan\u0131t verebiliyoruz.<\/p>","protected":false},"author":1,"featured_media":46899,"comment_status":"closed","ping_status":"closed","sticky":false,"template":"","format":"standard","meta":{"_acf_changed":false,"footnotes":""},"categories":[2],"tags":[],"class_list":["post-46885","post","type-post","status-publish","format-standard","has-post-thumbnail","hentry","category-news"],"acf":[],"_links":{"self":[{"href":"https:\/\/konferenztechnik.de\/tr\/wp-json\/wp\/v2\/posts\/46885","targetHints":{"allow":["GET"]}}],"collection":[{"href":"https:\/\/konferenztechnik.de\/tr\/wp-json\/wp\/v2\/posts"}],"about":[{"href":"https:\/\/konferenztechnik.de\/tr\/wp-json\/wp\/v2\/types\/post"}],"author":[{"embeddable":true,"href":"https:\/\/konferenztechnik.de\/tr\/wp-json\/wp\/v2\/users\/1"}],"replies":[{"embeddable":true,"href":"https:\/\/konferenztechnik.de\/tr\/wp-json\/wp\/v2\/comments?post=46885"}],"version-history":[{"count":0,"href":"https:\/\/konferenztechnik.de\/tr\/wp-json\/wp\/v2\/posts\/46885\/revisions"}],"wp:featuredmedia":[{"embeddable":true,"href":"https:\/\/konferenztechnik.de\/tr\/wp-json\/wp\/v2\/media\/46899"}],"wp:attachment":[{"href":"https:\/\/konferenztechnik.de\/tr\/wp-json\/wp\/v2\/media?parent=46885"}],"wp:term":[{"taxonomy":"category","embeddable":true,"href":"https:\/\/konferenztechnik.de\/tr\/wp-json\/wp\/v2\/categories?post=46885"},{"taxonomy":"post_tag","embeddable":true,"href":"https:\/\/konferenztechnik.de\/tr\/wp-json\/wp\/v2\/tags?post=46885"}],"curies":[{"name":"wp","href":"https:\/\/api.w.org\/{rel}","templated":true}]}}