{"id":6531,"date":"2016-04-15T13:52:12","date_gmt":"2016-04-15T12:52:12","guid":{"rendered":"https:\/\/konferenztechnik.de\/?page_id=6531"},"modified":"2023-06-26T10:19:23","modified_gmt":"2023-06-26T08:19:23","slug":"crestron","status":"publish","type":"post","link":"https:\/\/konferenztechnik.de\/tr\/crestron\/","title":{"rendered":"Crestron"},"content":{"rendered":"<div data-elementor-type=\"wp-post\" data-elementor-id=\"6531\" class=\"elementor elementor-6531\" data-elementor-post-type=\"post\">\n\t\t\t\t<div data-particle_enable=\"false\" data-particle-mobile-disabled=\"false\" class=\"elementor-element elementor-element-120b1749 e-flex e-con-boxed e-con e-parent\" data-id=\"120b1749\" data-element_type=\"container\">\n\t\t\t\t\t<div class=\"e-con-inner\">\n\t\t\t\t<div class=\"elementor-element elementor-element-20f7a08d elementor-widget elementor-widget-heading\" data-id=\"20f7a08d\" data-element_type=\"widget\" data-settings=\"{&quot;_animation&quot;:&quot;none&quot;}\" data-widget_type=\"heading.default\">\n\t\t\t\t<div class=\"elementor-widget-container\">\n\t\t\t\t\t<h2 class=\"elementor-heading-title elementor-size-default\">Crestron<\/h2>\t\t\t\t<\/div>\n\t\t\t\t<\/div>\n\t\t\t\t\t<\/div>\n\t\t\t\t<\/div>\n\t\t<div data-particle_enable=\"false\" data-particle-mobile-disabled=\"false\" class=\"elementor-element elementor-element-285edb18 e-grid e-con-boxed e-con e-parent\" data-id=\"285edb18\" data-element_type=\"container\">\n\t\t\t\t\t<div class=\"e-con-inner\">\n\t\t\t\t<div class=\"elementor-element elementor-element-3b29ca2c elementor-widget__width-inherit elementor-widget elementor-widget-text-editor\" data-id=\"3b29ca2c\" data-element_type=\"widget\" data-widget_type=\"text-editor.default\">\n\t\t\t\t<div class=\"elementor-widget-container\">\n\t\t\t\t\t\t\t\t\t<p>Crestron, geni\u015f bir uygulama yelpazesini kapsayan medya kontrol sistemleri sunar. Bina kontrol sistemlerinden konferans teknolojisine ve \u00e7ok odal\u0131 sistemlere kadar. Crestron \u00fcr\u00fcnleri neredeyse tamamen ABD'de tasarlanan ve \u00fcretilen \u015firket i\u00e7i geli\u015ftirmelerdir.<\/p><p>\u00a0<\/p><p>Crestron sistemleri karma\u015f\u0131k medya teknolojisini kontrol edebilir ve standart CAT kablolar\u0131 arac\u0131l\u0131\u011f\u0131yla video ve ses sinyallerini iletebilir. Ayr\u0131ca ayd\u0131nlatma, \u0131s\u0131tma, havaland\u0131rma ve iklimlendirme teknolojisi gibi odalardaki ayd\u0131nlatma ve bina teknolojisini de y\u00f6netebilirler.<\/p><p>\u00a0<\/p><p>Sistemin bir\u00e7ok aray\u00fcz\u00fc (EIB, LON, LCN, Luxmate, Lutron...), \u00e7ok \u00e7e\u015fitli teknolojilerin entegre edilmesine ve ard\u0131ndan Crestron veri yolu \u00fczerinden kontrol edilmesine olanak tan\u0131r. Crestron ayr\u0131ca yeni donan\u0131mlar i\u00e7in de a\u00e7\u0131k ve haz\u0131rd\u0131r.<\/p>\t\t\t\t\t\t\t\t<\/div>\n\t\t\t\t<\/div>\n\t\t\t\t<div class=\"elementor-element elementor-element-15e34199 elementor-widget elementor-widget-image\" data-id=\"15e34199\" data-element_type=\"widget\" data-widget_type=\"image.default\">\n\t\t\t\t<div class=\"elementor-widget-container\">\n\t\t\t\t\t\t\t\t\t\t\t\t\t\t\t<img fetchpriority=\"high\" decoding=\"async\" width=\"577\" height=\"385\" src=\"https:\/\/konferenztechnik.de\/wp-content\/uploads\/2016\/09\/crestron-mediensteuerungen.jpg\" class=\"attachment-full size-full wp-image-7979\" alt=\"\" srcset=\"https:\/\/konferenztechnik.de\/wp-content\/uploads\/2016\/09\/crestron-mediensteuerungen.jpg 577w, https:\/\/konferenztechnik.de\/wp-content\/uploads\/2016\/09\/crestron-mediensteuerungen-300x200.jpg 300w\" sizes=\"(max-width: 577px) 100vw, 577px\" title=\"\">\t\t\t\t\t\t\t\t\t\t\t\t\t\t\t<\/div>\n\t\t\t\t<\/div>\n\t\t\t\t\t<\/div>\n\t\t\t\t<\/div>\n\t\t<div data-particle_enable=\"false\" data-particle-mobile-disabled=\"false\" class=\"elementor-element elementor-element-4858df6 e-grid e-con-boxed e-con e-parent\" data-id=\"4858df6\" data-element_type=\"container\">\n\t\t\t\t\t<div class=\"e-con-inner\">\n\t\t\t\t<div class=\"elementor-element elementor-element-5b5d9881 elementor-widget elementor-widget-heading\" data-id=\"5b5d9881\" data-element_type=\"widget\" data-settings=\"{&quot;_animation&quot;:&quot;none&quot;}\" data-widget_type=\"heading.default\">\n\t\t\t\t<div class=\"elementor-widget-container\">\n\t\t\t\t\t<h2 class=\"elementor-heading-title elementor-size-default\">Medya kontrol sistemi ile her \u015fey kontrol alt\u0131nda<\/h2>\t\t\t\t<\/div>\n\t\t\t\t<\/div>\n\t\t\t\t<div class=\"elementor-element elementor-element-732b8555 elementor-widget elementor-widget-image\" data-id=\"732b8555\" data-element_type=\"widget\" data-widget_type=\"image.default\">\n\t\t\t\t<div class=\"elementor-widget-container\">\n\t\t\t\t\t\t\t\t\t\t\t\t\t\t\t<img decoding=\"async\" width=\"150\" height=\"150\" src=\"https:\/\/konferenztechnik.de\/wp-content\/uploads\/2016\/04\/logo-crestron-150x150.jpg\" class=\"attachment-thumbnail size-thumbnail wp-image-6617\" alt=\"Logo Crestron\" srcset=\"https:\/\/konferenztechnik.de\/wp-content\/uploads\/2016\/04\/logo-crestron-150x150.jpg 150w, https:\/\/konferenztechnik.de\/wp-content\/uploads\/2016\/04\/logo-crestron.jpg 250w\" sizes=\"(max-width: 150px) 100vw, 150px\" title=\"\">\t\t\t\t\t\t\t\t\t\t\t\t\t\t\t<\/div>\n\t\t\t\t<\/div>\n\t\t\t\t\t<\/div>\n\t\t\t\t<\/div>\n\t\t<div data-particle_enable=\"false\" data-particle-mobile-disabled=\"false\" class=\"elementor-element elementor-element-46550070 e-flex e-con-boxed e-con e-parent\" data-id=\"46550070\" data-element_type=\"container\">\n\t\t\t\t\t<div class=\"e-con-inner\">\n\t\t\t\t<div class=\"elementor-element elementor-element-7d7c268c elementor-widget elementor-widget-spacer\" data-id=\"7d7c268c\" data-element_type=\"widget\" data-widget_type=\"spacer.default\">\n\t\t\t\t<div class=\"elementor-widget-container\">\n\t\t\t\t\t\t\t<div class=\"elementor-spacer\">\n\t\t\t<div class=\"elementor-spacer-inner\"><\/div>\n\t\t<\/div>\n\t\t\t\t\t\t<\/div>\n\t\t\t\t<\/div>\n\t\t\t\t\t<\/div>\n\t\t\t\t<\/div>\n\t\t<div data-particle_enable=\"false\" data-particle-mobile-disabled=\"false\" class=\"elementor-element elementor-element-7aa90810 e-grid e-con-boxed e-con e-parent\" data-id=\"7aa90810\" data-element_type=\"container\">\n\t\t\t\t\t<div class=\"e-con-inner\">\n\t\t<div data-particle_enable=\"false\" data-particle-mobile-disabled=\"false\" class=\"elementor-element elementor-element-3206ff02 e-flex e-con-boxed e-con e-parent\" data-id=\"3206ff02\" data-element_type=\"container\" data-settings=\"{&quot;background_background&quot;:&quot;classic&quot;}\">\n\t\t\t\t\t<div class=\"e-con-inner\">\n\t\t\t\t<div class=\"elementor-element elementor-element-5996e531 elementor-widget elementor-widget-image\" data-id=\"5996e531\" data-element_type=\"widget\" data-widget_type=\"image.default\">\n\t\t\t\t<div class=\"elementor-widget-container\">\n\t\t\t\t\t\t\t\t\t\t\t\t\t\t\t<img decoding=\"async\" width=\"424\" height=\"284\" src=\"https:\/\/konferenztechnik.de\/wp-content\/uploads\/2016\/09\/crestron-userinterfaces.jpg\" class=\"attachment-large size-large wp-image-7977\" alt=\"\" srcset=\"https:\/\/konferenztechnik.de\/wp-content\/uploads\/2016\/09\/crestron-userinterfaces.jpg 424w, https:\/\/konferenztechnik.de\/wp-content\/uploads\/2016\/09\/crestron-userinterfaces-300x201.jpg 300w\" sizes=\"(max-width: 424px) 100vw, 424px\" title=\"\">\t\t\t\t\t\t\t\t\t\t\t\t\t\t\t<\/div>\n\t\t\t\t<\/div>\n\t\t\t\t<div class=\"elementor-element elementor-element-5e7c96e6 elementor-widget elementor-widget-heading\" data-id=\"5e7c96e6\" data-element_type=\"widget\" data-settings=\"{&quot;_animation&quot;:&quot;none&quot;}\" data-widget_type=\"heading.default\">\n\t\t\t\t<div class=\"elementor-widget-container\">\n\t\t\t\t\t<h2 class=\"elementor-heading-title elementor-size-default\">Kullan\u0131c\u0131 aray\u00fczleri<\/h2>\t\t\t\t<\/div>\n\t\t\t\t<\/div>\n\t\t\t\t<div class=\"elementor-element elementor-element-3f9f7c08 elementor-widget__width-inherit elementor-widget elementor-widget-text-editor\" data-id=\"3f9f7c08\" data-element_type=\"widget\" data-widget_type=\"text-editor.default\">\n\t\t\t\t<div class=\"elementor-widget-container\">\n\t\t\t\t\t\t\t\t\t<p>Kablolu dokunmatik paneller<br \/>Kablosuz dokunmatik paneller<br \/>Uzaktan kumandalar<br \/>Tu\u015f Tak\u0131mlar\u0131<br \/>Ak\u0131ll\u0131 telefon ve tablet i\u00e7in mobil uygulama<\/p>\t\t\t\t\t\t\t\t<\/div>\n\t\t\t\t<\/div>\n\t\t\t\t\t<\/div>\n\t\t\t\t<\/div>\n\t\t<div data-particle_enable=\"false\" data-particle-mobile-disabled=\"false\" class=\"elementor-element elementor-element-6b5319e6 e-flex e-con-boxed e-con e-parent\" data-id=\"6b5319e6\" data-element_type=\"container\" data-settings=\"{&quot;background_background&quot;:&quot;classic&quot;}\">\n\t\t\t\t\t<div class=\"e-con-inner\">\n\t\t\t\t<div class=\"elementor-element elementor-element-74744551 elementor-widget elementor-widget-image\" data-id=\"74744551\" data-element_type=\"widget\" data-widget_type=\"image.default\">\n\t\t\t\t<div class=\"elementor-widget-container\">\n\t\t\t\t\t\t\t\t\t\t\t\t\t\t\t<img loading=\"lazy\" decoding=\"async\" width=\"424\" height=\"284\" src=\"https:\/\/konferenztechnik.de\/wp-content\/uploads\/2016\/09\/crestron-airmedia.jpg\" class=\"attachment-large size-large wp-image-7978\" alt=\"\" srcset=\"https:\/\/konferenztechnik.de\/wp-content\/uploads\/2016\/09\/crestron-airmedia.jpg 424w, https:\/\/konferenztechnik.de\/wp-content\/uploads\/2016\/09\/crestron-airmedia-300x201.jpg 300w\" sizes=\"(max-width: 424px) 100vw, 424px\" title=\"\">\t\t\t\t\t\t\t\t\t\t\t\t\t\t\t<\/div>\n\t\t\t\t<\/div>\n\t\t\t\t<div class=\"elementor-element elementor-element-546237b9 elementor-widget elementor-widget-heading\" data-id=\"546237b9\" data-element_type=\"widget\" data-settings=\"{&quot;_animation&quot;:&quot;none&quot;}\" data-widget_type=\"heading.default\">\n\t\t\t\t<div class=\"elementor-widget-container\">\n\t\t\t\t\t<h2 class=\"elementor-heading-title elementor-size-default\">AirMedia<\/h2>\t\t\t\t<\/div>\n\t\t\t\t<\/div>\n\t\t\t\t<div class=\"elementor-element elementor-element-60acb5f3 elementor-widget__width-inherit elementor-widget elementor-widget-text-editor\" data-id=\"60acb5f3\" data-element_type=\"widget\" data-widget_type=\"text-editor.default\">\n\t\t\t\t<div class=\"elementor-widget-container\">\n\t\t\t\t\t\t\t\t\t<p>Kablosuz olarak HD kalitesinde sunum yap\u0131n. Herhangi bir mobil cihazdan. BYOD (Kendi cihaz\u0131n\u0131z\u0131 getirin)<\/p>\t\t\t\t\t\t\t\t<\/div>\n\t\t\t\t<\/div>\n\t\t\t\t\t<\/div>\n\t\t\t\t<\/div>\n\t\t<div data-particle_enable=\"false\" data-particle-mobile-disabled=\"false\" class=\"elementor-element elementor-element-26e8c3e6 e-flex e-con-boxed e-con e-parent\" data-id=\"26e8c3e6\" data-element_type=\"container\" data-settings=\"{&quot;background_background&quot;:&quot;classic&quot;}\">\n\t\t\t\t\t<div class=\"e-con-inner\">\n\t\t\t\t<div class=\"elementor-element elementor-element-159c029d elementor-widget elementor-widget-image\" data-id=\"159c029d\" data-element_type=\"widget\" data-widget_type=\"image.default\">\n\t\t\t\t<div class=\"elementor-widget-container\">\n\t\t\t\t\t\t\t\t\t\t\t\t\t\t\t<img loading=\"lazy\" decoding=\"async\" width=\"424\" height=\"284\" src=\"https:\/\/konferenztechnik.de\/wp-content\/uploads\/2016\/09\/crestron-roomcontrolling.jpg\" class=\"attachment-large size-large wp-image-7976\" alt=\"\" srcset=\"https:\/\/konferenztechnik.de\/wp-content\/uploads\/2016\/09\/crestron-roomcontrolling.jpg 424w, https:\/\/konferenztechnik.de\/wp-content\/uploads\/2016\/09\/crestron-roomcontrolling-300x201.jpg 300w\" sizes=\"(max-width: 424px) 100vw, 424px\" title=\"\">\t\t\t\t\t\t\t\t\t\t\t\t\t\t\t<\/div>\n\t\t\t\t<\/div>\n\t\t\t\t<div class=\"elementor-element elementor-element-e34c352 elementor-widget elementor-widget-heading\" data-id=\"e34c352\" data-element_type=\"widget\" data-settings=\"{&quot;_animation&quot;:&quot;none&quot;}\" data-widget_type=\"heading.default\">\n\t\t\t\t<div class=\"elementor-widget-container\">\n\t\t\t\t\t<h2 class=\"elementor-heading-title elementor-size-default\">Kontrol sistemleri<\/h2>\t\t\t\t<\/div>\n\t\t\t\t<\/div>\n\t\t\t\t<div class=\"elementor-element elementor-element-5dce1e9a elementor-widget__width-inherit elementor-widget elementor-widget-text-editor\" data-id=\"5dce1e9a\" data-element_type=\"widget\" data-widget_type=\"text-editor.default\">\n\t\t\t\t<div class=\"elementor-widget-container\">\n\t\t\t\t\t\t\t\t\t<p>Ses ve video kontrol\u00f6r\u00fc<br \/>Yer ve masa tanklar\u0131<br \/>Dijital sinyal iletimi<br \/>Kontrol mod\u00fclleri<br \/>Ba\u011flant\u0131 panelleri<br \/>Motor kontrolleri<br \/>Sens\u00f6rler<\/p>\t\t\t\t\t\t\t\t<\/div>\n\t\t\t\t<\/div>\n\t\t\t\t\t<\/div>\n\t\t\t\t<\/div>\n\t\t\t\t\t<\/div>\n\t\t\t\t<\/div>\n\t\t<div data-particle_enable=\"false\" data-particle-mobile-disabled=\"false\" class=\"elementor-element elementor-element-48b7203e e-flex e-con-boxed e-con e-parent\" data-id=\"48b7203e\" data-element_type=\"container\">\n\t\t\t\t\t<div class=\"e-con-inner\">\n\t\t\t\t<div class=\"elementor-element elementor-element-4472ad76 elementor-widget elementor-widget-spacer\" data-id=\"4472ad76\" data-element_type=\"widget\" data-widget_type=\"spacer.default\">\n\t\t\t\t<div class=\"elementor-widget-container\">\n\t\t\t\t\t\t\t<div class=\"elementor-spacer\">\n\t\t\t<div class=\"elementor-spacer-inner\"><\/div>\n\t\t<\/div>\n\t\t\t\t\t\t<\/div>\n\t\t\t\t<\/div>\n\t\t\t\t<div class=\"elementor-element elementor-element-4de4dbe1 elementor-widget__width-inherit elementor-widget elementor-widget-text-editor\" data-id=\"4de4dbe1\" data-element_type=\"widget\" data-widget_type=\"text-editor.default\">\n\t\t\t\t<div class=\"elementor-widget-container\">\n\t\t\t\t\t\t\t\t\t<p>Kontrol sekt\u00f6r\u00fcnde 40 y\u0131l\u0131 a\u015fk\u0131n deneyimiyle teknoloji ve pazar lideri olan Crestron, 2.300'den fazla koordineli ve denenmi\u015f bile\u015fenle tek bir kaynaktan \u00e7\u00f6z\u00fcmler sunar. Son y\u0131llarda \u00e7ok say\u0131da Crestron \u00e7\u00f6z\u00fcm\u00fc kurduk ve performans ve hizmet a\u00e7\u0131s\u0131ndan hi\u00e7bir zaman hayal k\u0131r\u0131kl\u0131\u011f\u0131na u\u011framad\u0131k.<\/p>\t\t\t\t\t\t\t\t<\/div>\n\t\t\t\t<\/div>\n\t\t\t\t\t<\/div>\n\t\t\t\t<\/div>\n\t\t<div data-particle_enable=\"false\" data-particle-mobile-disabled=\"false\" class=\"elementor-element elementor-element-5224d300 e-flex e-con-boxed e-con e-parent\" data-id=\"5224d300\" data-element_type=\"container\">\n\t\t\t\t\t<div class=\"e-con-inner\">\n\t\t\t\t<div class=\"elementor-element elementor-element-2d288691 elementor-widget elementor-widget-shortcode\" data-id=\"2d288691\" data-element_type=\"widget\" data-widget_type=\"shortcode.default\">\n\t\t\t\t<div class=\"elementor-widget-container\">\n\t\t\t\t\t\t\t<div class=\"elementor-shortcode\"><\/div>\n\t\t\t\t\t\t<\/div>\n\t\t\t\t<\/div>\n\t\t\t\t\t<\/div>\n\t\t\t\t<\/div>\n\t\t\t\t<\/div>","protected":false},"excerpt":{"rendered":"<p>Crestron Crestron, geni\u015f bir uygulama yelpazesini kapsayan medya kontrol sistemleri sunar. Bina kontrol sistemlerinden konferans teknolojisine ve \u00e7ok odal\u0131 sistemlere kadar. Crestron \u00fcr\u00fcnleri neredeyse tamamen ABD'de tasarlanan ve \u00fcretilen \u015firket i\u00e7i geli\u015ftirmelerdir.   Crestron sistemleri karma\u015f\u0131k medya teknolojisini kontrol edebilir ve standart CAT kablolar\u0131 arac\u0131l\u0131\u011f\u0131yla video ve ses sinyallerini iletebilir. Ayr\u0131ca ayd\u0131nlatma ve bina teknolojisini odalar aras\u0131nda y\u00f6netebilirler, \u00f6rne\u011fin ayd\u0131nlatma, [...]<\/p>","protected":false},"author":1,"featured_media":6617,"comment_status":"closed","ping_status":"closed","sticky":false,"template":"elementor_theme","format":"standard","meta":{"_acf_changed":false,"footnotes":""},"categories":[49],"tags":[60],"class_list":["post-6531","post","type-post","status-publish","format-standard","has-post-thumbnail","hentry","category-hersteller","tag-crestron"],"acf":[],"_links":{"self":[{"href":"https:\/\/konferenztechnik.de\/tr\/wp-json\/wp\/v2\/posts\/6531","targetHints":{"allow":["GET"]}}],"collection":[{"href":"https:\/\/konferenztechnik.de\/tr\/wp-json\/wp\/v2\/posts"}],"about":[{"href":"https:\/\/konferenztechnik.de\/tr\/wp-json\/wp\/v2\/types\/post"}],"author":[{"embeddable":true,"href":"https:\/\/konferenztechnik.de\/tr\/wp-json\/wp\/v2\/users\/1"}],"replies":[{"embeddable":true,"href":"https:\/\/konferenztechnik.de\/tr\/wp-json\/wp\/v2\/comments?post=6531"}],"version-history":[{"count":0,"href":"https:\/\/konferenztechnik.de\/tr\/wp-json\/wp\/v2\/posts\/6531\/revisions"}],"wp:featuredmedia":[{"embeddable":true,"href":"https:\/\/konferenztechnik.de\/tr\/wp-json\/wp\/v2\/media\/6617"}],"wp:attachment":[{"href":"https:\/\/konferenztechnik.de\/tr\/wp-json\/wp\/v2\/media?parent=6531"}],"wp:term":[{"taxonomy":"category","embeddable":true,"href":"https:\/\/konferenztechnik.de\/tr\/wp-json\/wp\/v2\/categories?post=6531"},{"taxonomy":"post_tag","embeddable":true,"href":"https:\/\/konferenztechnik.de\/tr\/wp-json\/wp\/v2\/tags?post=6531"}],"curies":[{"name":"wp","href":"https:\/\/api.w.org\/{rel}","templated":true}]}}