{"id":7813,"date":"2016-09-08T09:09:12","date_gmt":"2016-09-08T07:09:12","guid":{"rendered":"https:\/\/konferenztechnik.de\/?page_id=7813"},"modified":"2023-06-26T13:34:02","modified_gmt":"2023-06-26T11:34:02","slug":"yamaha","status":"publish","type":"post","link":"https:\/\/konferenztechnik.de\/tr\/yamaha\/","title":{"rendered":"Yamaha"},"content":{"rendered":"<div data-elementor-type=\"wp-post\" data-elementor-id=\"7813\" class=\"elementor elementor-7813\" data-elementor-post-type=\"post\">\n\t\t\t\t<div data-particle_enable=\"false\" data-particle-mobile-disabled=\"false\" class=\"elementor-element elementor-element-57d47fcf e-flex e-con-boxed e-con e-parent\" data-id=\"57d47fcf\" data-element_type=\"container\">\n\t\t\t\t\t<div class=\"e-con-inner\">\n\t\t\t\t<div class=\"elementor-element elementor-element-43df107e elementor-widget elementor-widget-heading\" data-id=\"43df107e\" data-element_type=\"widget\" data-settings=\"{&quot;_animation&quot;:&quot;none&quot;}\" data-widget_type=\"heading.default\">\n\t\t\t\t<div class=\"elementor-widget-container\">\n\t\t\t\t\t<h2 class=\"elementor-heading-title elementor-size-default\">Yamaha<\/h2>\t\t\t\t<\/div>\n\t\t\t\t<\/div>\n\t\t\t\t\t<\/div>\n\t\t\t\t<\/div>\n\t\t<div data-particle_enable=\"false\" data-particle-mobile-disabled=\"false\" class=\"elementor-element elementor-element-1396d9ac e-grid e-con-boxed e-con e-parent\" data-id=\"1396d9ac\" data-element_type=\"container\">\n\t\t\t\t\t<div class=\"e-con-inner\">\n\t\t\t\t<div class=\"elementor-element elementor-element-331acd2 elementor-widget__width-inherit elementor-widget elementor-widget-text-editor\" data-id=\"331acd2\" data-element_type=\"widget\" data-widget_type=\"text-editor.default\">\n\t\t\t\t<div class=\"elementor-widget-container\">\n\t\t\t\t\t\t\t\t\t<p>Yamaha'n\u0131n ses ve g\u00f6r\u00fcnt\u00fc sekt\u00f6r\u00fcndeki \u00fcr\u00fcn yelpazesi saymakla bitmez. Uzun y\u0131llard\u0131r canl\u0131 ses ve kurulum i\u00e7in miks konsollar\u0131na odaklan\u0131yoruz. Yamaha, 1998 y\u0131l\u0131nda 01V dijital miks konsolunun piyasaya s\u00fcr\u00fclmesiyle ses m\u00fchendislerinin \u00e7al\u0131\u015fmalar\u0131nda devrim yaratt\u0131. Miks konsolunun mevcut 01V96i versiyonu konferanslarda en yayg\u0131n kullan\u0131lan miks konsolumuzdur. Zorlu gereksinimleri kompakt boyutlar\u0131yla g\u00fcvenilir bir \u015fekilde kar\u015f\u0131l\u0131yor. Bu tam da ihtiyac\u0131m\u0131z olan \u015fey.<\/p><p>\u00a0<\/p><p>2004 y\u0131l\u0131nda Yamaha, daha b\u00fcy\u00fck canl\u0131 uygulamalar i\u00e7in standart haline gelen \u00f6l\u00e7eklenebilir PM5D'yi tan\u0131tt\u0131. En \u00fcst d\u00fczey amiral gemisi mikseri arayan herkes yeni Yamaha RIVAGE PM10 konsola bir g\u00f6z atmal\u0131d\u0131r.<\/p>\t\t\t\t\t\t\t\t<\/div>\n\t\t\t\t<\/div>\n\t\t\t\t<div class=\"elementor-element elementor-element-1771ef67 elementor-widget elementor-widget-image\" data-id=\"1771ef67\" data-element_type=\"widget\" data-widget_type=\"image.default\">\n\t\t\t\t<div class=\"elementor-widget-container\">\n\t\t\t\t\t\t\t\t\t\t\t\t\t\t\t<img fetchpriority=\"high\" decoding=\"async\" width=\"577\" height=\"385\" src=\"https:\/\/konferenztechnik.de\/wp-content\/uploads\/2016\/09\/yamaha-konferenztechnik.jpg\" class=\"attachment-full size-full wp-image-7817\" alt=\"\" srcset=\"https:\/\/konferenztechnik.de\/wp-content\/uploads\/2016\/09\/yamaha-konferenztechnik.jpg 577w, https:\/\/konferenztechnik.de\/wp-content\/uploads\/2016\/09\/yamaha-konferenztechnik-300x200.jpg 300w\" sizes=\"(max-width: 577px) 100vw, 577px\" title=\"\">\t\t\t\t\t\t\t\t\t\t\t\t\t\t\t<\/div>\n\t\t\t\t<\/div>\n\t\t\t\t\t<\/div>\n\t\t\t\t<\/div>\n\t\t<div data-particle_enable=\"false\" data-particle-mobile-disabled=\"false\" class=\"elementor-element elementor-element-2a4af2ee e-grid e-con-boxed e-con e-parent\" data-id=\"2a4af2ee\" data-element_type=\"container\">\n\t\t\t\t\t<div class=\"e-con-inner\">\n\t\t\t\t<div class=\"elementor-element elementor-element-3f89e1ca elementor-widget elementor-widget-heading\" data-id=\"3f89e1ca\" data-element_type=\"widget\" data-settings=\"{&quot;_animation&quot;:&quot;none&quot;}\" data-widget_type=\"heading.default\">\n\t\t\t\t<div class=\"elementor-widget-container\">\n\t\t\t\t\t<h2 class=\"elementor-heading-title elementor-size-default\">125 y\u0131l\u0131 a\u015fk\u0131n deneyim<\/h2>\t\t\t\t<\/div>\n\t\t\t\t<\/div>\n\t\t\t\t<div class=\"elementor-element elementor-element-391c5281 elementor-widget elementor-widget-image\" data-id=\"391c5281\" data-element_type=\"widget\" data-widget_type=\"image.default\">\n\t\t\t\t<div class=\"elementor-widget-container\">\n\t\t\t\t\t\t\t\t\t\t\t\t\t\t\t<img decoding=\"async\" width=\"150\" height=\"150\" src=\"https:\/\/konferenztechnik.de\/wp-content\/uploads\/2016\/04\/logo-yamaha-150x150.jpg\" class=\"attachment-thumbnail size-thumbnail wp-image-6671\" alt=\"Logo Yamaha\" srcset=\"https:\/\/konferenztechnik.de\/wp-content\/uploads\/2016\/04\/logo-yamaha-150x150.jpg 150w, https:\/\/konferenztechnik.de\/wp-content\/uploads\/2016\/04\/logo-yamaha.jpg 250w\" sizes=\"(max-width: 150px) 100vw, 150px\" title=\"\">\t\t\t\t\t\t\t\t\t\t\t\t\t\t\t<\/div>\n\t\t\t\t<\/div>\n\t\t\t\t\t<\/div>\n\t\t\t\t<\/div>\n\t\t<div data-particle_enable=\"false\" data-particle-mobile-disabled=\"false\" class=\"elementor-element elementor-element-475f4bd4 e-flex e-con-boxed e-con e-parent\" data-id=\"475f4bd4\" data-element_type=\"container\">\n\t\t\t\t\t<div class=\"e-con-inner\">\n\t\t\t\t<div class=\"elementor-element elementor-element-34708832 elementor-widget elementor-widget-spacer\" data-id=\"34708832\" data-element_type=\"widget\" data-widget_type=\"spacer.default\">\n\t\t\t\t<div class=\"elementor-widget-container\">\n\t\t\t\t\t\t\t<div class=\"elementor-spacer\">\n\t\t\t<div class=\"elementor-spacer-inner\"><\/div>\n\t\t<\/div>\n\t\t\t\t\t\t<\/div>\n\t\t\t\t<\/div>\n\t\t\t\t\t<\/div>\n\t\t\t\t<\/div>\n\t\t<div data-particle_enable=\"false\" data-particle-mobile-disabled=\"false\" class=\"elementor-element elementor-element-69733fe6 e-grid e-con-boxed e-con e-parent\" data-id=\"69733fe6\" data-element_type=\"container\">\n\t\t\t\t\t<div class=\"e-con-inner\">\n\t\t<div data-particle_enable=\"false\" data-particle-mobile-disabled=\"false\" class=\"elementor-element elementor-element-64ed4707 e-flex e-con-boxed e-con e-parent\" data-id=\"64ed4707\" data-element_type=\"container\" data-settings=\"{&quot;background_background&quot;:&quot;classic&quot;}\">\n\t\t\t\t\t<div class=\"e-con-inner\">\n\t\t\t\t<div class=\"elementor-element elementor-element-20b6458b elementor-widget elementor-widget-image\" data-id=\"20b6458b\" data-element_type=\"widget\" data-widget_type=\"image.default\">\n\t\t\t\t<div class=\"elementor-widget-container\">\n\t\t\t\t\t\t\t\t\t\t\t\t\t\t\t<img decoding=\"async\" width=\"424\" height=\"284\" src=\"https:\/\/konferenztechnik.de\/wp-content\/uploads\/2016\/09\/yamaha-mischpulte.jpg\" class=\"attachment-large size-large wp-image-7819\" alt=\"\" srcset=\"https:\/\/konferenztechnik.de\/wp-content\/uploads\/2016\/09\/yamaha-mischpulte.jpg 424w, https:\/\/konferenztechnik.de\/wp-content\/uploads\/2016\/09\/yamaha-mischpulte-300x201.jpg 300w\" sizes=\"(max-width: 424px) 100vw, 424px\" title=\"\">\t\t\t\t\t\t\t\t\t\t\t\t\t\t\t<\/div>\n\t\t\t\t<\/div>\n\t\t\t\t<div class=\"elementor-element elementor-element-21e3cd36 elementor-widget elementor-widget-heading\" data-id=\"21e3cd36\" data-element_type=\"widget\" data-settings=\"{&quot;_animation&quot;:&quot;none&quot;}\" data-widget_type=\"heading.default\">\n\t\t\t\t<div class=\"elementor-widget-container\">\n\t\t\t\t\t<h2 class=\"elementor-heading-title elementor-size-default\">Miksaj konsollar\u0131<\/h2>\t\t\t\t<\/div>\n\t\t\t\t<\/div>\n\t\t\t\t<div class=\"elementor-element elementor-element-38555c0d elementor-widget__width-inherit elementor-widget elementor-widget-text-editor\" data-id=\"38555c0d\" data-element_type=\"widget\" data-widget_type=\"text-editor.default\">\n\t\t\t\t<div class=\"elementor-widget-container\">\n\t\t\t\t\t\t\t\t\t<p>Dijital miks konsollar\u0131<br \/>01V96i<br \/>02R96VCM<br \/>QL Serisi<br \/>CL Serisi<br \/>PM5D V2, PM5D-EX<br \/>Analog miks konsollar\u0131 ve g\u00fc\u00e7 mikserleri<\/p>\t\t\t\t\t\t\t\t<\/div>\n\t\t\t\t<\/div>\n\t\t\t\t\t<\/div>\n\t\t\t\t<\/div>\n\t\t<div data-particle_enable=\"false\" data-particle-mobile-disabled=\"false\" class=\"elementor-element elementor-element-790e4da7 e-flex e-con-boxed e-con e-parent\" data-id=\"790e4da7\" data-element_type=\"container\" data-settings=\"{&quot;background_background&quot;:&quot;classic&quot;}\">\n\t\t\t\t\t<div class=\"e-con-inner\">\n\t\t\t\t<div class=\"elementor-element elementor-element-7c64fccf elementor-widget elementor-widget-image\" data-id=\"7c64fccf\" data-element_type=\"widget\" data-widget_type=\"image.default\">\n\t\t\t\t<div class=\"elementor-widget-container\">\n\t\t\t\t\t\t\t\t\t\t\t\t\t\t\t<img loading=\"lazy\" decoding=\"async\" width=\"424\" height=\"284\" src=\"https:\/\/konferenztechnik.de\/wp-content\/uploads\/2016\/09\/yamaha-interfaces.jpg\" class=\"attachment-large size-large wp-image-7816\" alt=\"\" srcset=\"https:\/\/konferenztechnik.de\/wp-content\/uploads\/2016\/09\/yamaha-interfaces.jpg 424w, https:\/\/konferenztechnik.de\/wp-content\/uploads\/2016\/09\/yamaha-interfaces-300x201.jpg 300w\" sizes=\"(max-width: 424px) 100vw, 424px\" title=\"\">\t\t\t\t\t\t\t\t\t\t\t\t\t\t\t<\/div>\n\t\t\t\t<\/div>\n\t\t\t\t<div class=\"elementor-element elementor-element-4257b949 elementor-widget elementor-widget-heading\" data-id=\"4257b949\" data-element_type=\"widget\" data-settings=\"{&quot;_animation&quot;:&quot;none&quot;}\" data-widget_type=\"heading.default\">\n\t\t\t\t<div class=\"elementor-widget-container\">\n\t\t\t\t\t<h2 class=\"elementor-heading-title elementor-size-default\">Aray\u00fczler &amp; Co.<\/h2>\t\t\t\t<\/div>\n\t\t\t\t<\/div>\n\t\t\t\t<div class=\"elementor-element elementor-element-1c908977 elementor-widget__width-inherit elementor-widget elementor-widget-text-editor\" data-id=\"1c908977\" data-element_type=\"widget\" data-widget_type=\"text-editor.default\">\n\t\t\t\t<div class=\"elementor-widget-container\">\n\t\t\t\t\t\t\t\t\t<p>Dante \u00fczerinden giri\u015f\/\u00e7\u0131k\u0131\u015f mod\u00fclleri<br \/>DA\/AD d\u00f6n\u00fc\u015ft\u00fcr\u00fcc\u00fc<br \/>Y\u00f6nlendirme ve sinyal i\u015fleme i\u00e7in i\u015flemciler<br \/>A\u011f uyumlu DSP mod\u00fclleri<br \/>Efekt \u00fcniteleri ve ekolayzerler<\/p>\t\t\t\t\t\t\t\t<\/div>\n\t\t\t\t<\/div>\n\t\t\t\t\t<\/div>\n\t\t\t\t<\/div>\n\t\t<div data-particle_enable=\"false\" data-particle-mobile-disabled=\"false\" class=\"elementor-element elementor-element-3d6815fe e-flex e-con-boxed e-con e-parent\" data-id=\"3d6815fe\" data-element_type=\"container\" data-settings=\"{&quot;background_background&quot;:&quot;classic&quot;}\">\n\t\t\t\t\t<div class=\"e-con-inner\">\n\t\t\t\t<div class=\"elementor-element elementor-element-26a609b7 elementor-widget elementor-widget-image\" data-id=\"26a609b7\" data-element_type=\"widget\" data-widget_type=\"image.default\">\n\t\t\t\t<div class=\"elementor-widget-container\">\n\t\t\t\t\t\t\t\t\t\t\t\t\t\t\t<img loading=\"lazy\" decoding=\"async\" width=\"424\" height=\"284\" src=\"https:\/\/konferenztechnik.de\/wp-content\/uploads\/2016\/09\/yamaha-lautsprecher.jpg\" class=\"attachment-large size-large wp-image-7818\" alt=\"\" srcset=\"https:\/\/konferenztechnik.de\/wp-content\/uploads\/2016\/09\/yamaha-lautsprecher.jpg 424w, https:\/\/konferenztechnik.de\/wp-content\/uploads\/2016\/09\/yamaha-lautsprecher-300x201.jpg 300w\" sizes=\"(max-width: 424px) 100vw, 424px\" title=\"\">\t\t\t\t\t\t\t\t\t\t\t\t\t\t\t<\/div>\n\t\t\t\t<\/div>\n\t\t\t\t<div class=\"elementor-element elementor-element-38b599aa elementor-widget elementor-widget-heading\" data-id=\"38b599aa\" data-element_type=\"widget\" data-settings=\"{&quot;_animation&quot;:&quot;none&quot;}\" data-widget_type=\"heading.default\">\n\t\t\t\t<div class=\"elementor-widget-container\">\n\t\t\t\t\t<h2 class=\"elementor-heading-title elementor-size-default\">Hoparl\u00f6r<\/h2>\t\t\t\t<\/div>\n\t\t\t\t<\/div>\n\t\t\t\t<div class=\"elementor-element elementor-element-743a48e2 elementor-widget__width-inherit elementor-widget elementor-widget-text-editor\" data-id=\"743a48e2\" data-element_type=\"widget\" data-widget_type=\"text-editor.default\">\n\t\t\t\t<div class=\"elementor-widget-container\">\n\t\t\t\t\t\t\t\t\t<p>Kurulum hoparl\u00f6r\u00fc<br \/>Touring sistemleri<br \/>St\u00fcdyo izleme<\/p>\t\t\t\t\t\t\t\t<\/div>\n\t\t\t\t<\/div>\n\t\t\t\t\t<\/div>\n\t\t\t\t<\/div>\n\t\t\t\t\t<\/div>\n\t\t\t\t<\/div>\n\t\t<div data-particle_enable=\"false\" data-particle-mobile-disabled=\"false\" class=\"elementor-element elementor-element-7aca4d8 e-flex e-con-boxed e-con e-parent\" data-id=\"7aca4d8\" data-element_type=\"container\">\n\t\t\t\t\t<div class=\"e-con-inner\">\n\t\t\t\t<div class=\"elementor-element elementor-element-85cc221 elementor-widget elementor-widget-spacer\" data-id=\"85cc221\" data-element_type=\"widget\" data-widget_type=\"spacer.default\">\n\t\t\t\t<div class=\"elementor-widget-container\">\n\t\t\t\t\t\t\t<div class=\"elementor-spacer\">\n\t\t\t<div class=\"elementor-spacer-inner\"><\/div>\n\t\t<\/div>\n\t\t\t\t\t\t<\/div>\n\t\t\t\t<\/div>\n\t\t\t\t<div class=\"elementor-element elementor-element-f1f888e elementor-widget__width-inherit elementor-widget elementor-widget-text-editor\" data-id=\"f1f888e\" data-element_type=\"widget\" data-widget_type=\"text-editor.default\">\n\t\t\t\t<div class=\"elementor-widget-container\">\n\t\t\t\t\t\t\t\t\t<div class=\"callout-content\">Yamaha'n\u0131n profesyonel ses \u00fcr\u00fcnleri ses m\u00fchendislerinin kalbinin daha h\u0131zl\u0131 atmas\u0131n\u0131 sa\u011flar. En iyi ses i\u00e7in ideal ko\u015fullar. Yamaha'n\u0131n dijital miks konsollar\u0131na a\u015f\u0131k olmazsan\u0131z, bu sizin hatan\u0131zd\u0131r.<\/div>\t\t\t\t\t\t\t\t<\/div>\n\t\t\t\t<\/div>\n\t\t\t\t\t<\/div>\n\t\t\t\t<\/div>\n\t\t<div data-particle_enable=\"false\" data-particle-mobile-disabled=\"false\" class=\"elementor-element elementor-element-76f2c854 e-flex e-con-boxed e-con e-parent\" data-id=\"76f2c854\" data-element_type=\"container\">\n\t\t\t\t\t<div class=\"e-con-inner\">\n\t\t\t\t<div class=\"elementor-element elementor-element-cf7bc8c elementor-widget elementor-widget-shortcode\" data-id=\"cf7bc8c\" data-element_type=\"widget\" data-widget_type=\"shortcode.default\">\n\t\t\t\t<div class=\"elementor-widget-container\">\n\t\t\t\t\t\t\t<div class=\"elementor-shortcode\"><\/div>\n\t\t\t\t\t\t<\/div>\n\t\t\t\t<\/div>\n\t\t\t\t\t<\/div>\n\t\t\t\t<\/div>\n\t\t\t\t<\/div>","protected":false},"excerpt":{"rendered":"<p>Yamaha Die Produktpalette von Yamaha im Bereich Audio und Video ist unersch\u00f6pflich. Im Fokus sind nicht nur bei uns seit vielen Jahren die Mischpulte f\u00fcr Live-Sound und Installation. Yamaha hat mit der Markteinf\u00fchrung des digitalen Mischpultes 01V im Jahr 1998 die Arbeit f\u00fcr Tontechniker revolutioniert. Das Mischpult ist in seiner aktuellen Ausf\u00fchrung 01V96i unser meistgenutztes [&hellip;]<\/p>","protected":false},"author":1,"featured_media":6671,"comment_status":"closed","ping_status":"closed","sticky":false,"template":"elementor_theme","format":"standard","meta":{"_acf_changed":false,"footnotes":""},"categories":[49],"tags":[106],"class_list":["post-7813","post","type-post","status-publish","format-standard","has-post-thumbnail","hentry","category-hersteller","tag-yamaha"],"acf":[],"_links":{"self":[{"href":"https:\/\/konferenztechnik.de\/tr\/wp-json\/wp\/v2\/posts\/7813","targetHints":{"allow":["GET"]}}],"collection":[{"href":"https:\/\/konferenztechnik.de\/tr\/wp-json\/wp\/v2\/posts"}],"about":[{"href":"https:\/\/konferenztechnik.de\/tr\/wp-json\/wp\/v2\/types\/post"}],"author":[{"embeddable":true,"href":"https:\/\/konferenztechnik.de\/tr\/wp-json\/wp\/v2\/users\/1"}],"replies":[{"embeddable":true,"href":"https:\/\/konferenztechnik.de\/tr\/wp-json\/wp\/v2\/comments?post=7813"}],"version-history":[{"count":0,"href":"https:\/\/konferenztechnik.de\/tr\/wp-json\/wp\/v2\/posts\/7813\/revisions"}],"wp:featuredmedia":[{"embeddable":true,"href":"https:\/\/konferenztechnik.de\/tr\/wp-json\/wp\/v2\/media\/6671"}],"wp:attachment":[{"href":"https:\/\/konferenztechnik.de\/tr\/wp-json\/wp\/v2\/media?parent=7813"}],"wp:term":[{"taxonomy":"category","embeddable":true,"href":"https:\/\/konferenztechnik.de\/tr\/wp-json\/wp\/v2\/categories?post=7813"},{"taxonomy":"post_tag","embeddable":true,"href":"https:\/\/konferenztechnik.de\/tr\/wp-json\/wp\/v2\/tags?post=7813"}],"curies":[{"name":"wp","href":"https:\/\/api.w.org\/{rel}","templated":true}]}}