{"id":8606,"date":"2016-09-08T11:59:28","date_gmt":"2016-09-08T09:59:28","guid":{"rendered":"https:\/\/konferenztechnik.de\/?p=8606"},"modified":"2023-06-16T08:52:12","modified_gmt":"2023-06-16T06:52:12","slug":"di%cc%87ji%cc%87tal-konferans-teknoloji%cc%87si%cc%87","status":"publish","type":"post","link":"https:\/\/konferenztechnik.de\/tr\/di%cc%87ji%cc%87tal-konferans-teknoloji%cc%87si%cc%87\/","title":{"rendered":"DANTE ile dijital konferans teknolojisi"},"content":{"rendered":"<div data-elementor-type=\"wp-post\" data-elementor-id=\"8606\" class=\"elementor elementor-8606\" data-elementor-post-type=\"post\">\n\t\t\t\t<div data-particle_enable=\"false\" data-particle-mobile-disabled=\"false\" class=\"elementor-element elementor-element-27077ce e-flex e-con-boxed e-con e-parent\" data-id=\"27077ce\" data-element_type=\"container\">\n\t\t\t\t\t<div class=\"e-con-inner\">\n\t\t\t\t<div class=\"elementor-element elementor-element-5305321 elementor-widget elementor-widget-heading\" data-id=\"5305321\" data-element_type=\"widget\" data-settings=\"{&quot;_animation&quot;:&quot;none&quot;}\" data-widget_type=\"heading.default\">\n\t\t\t\t<div class=\"elementor-widget-container\">\n\t\t\t\t\t<h2 class=\"elementor-heading-title elementor-size-default\">DANTE ile dijital konferans teknolojisi<\/h2>\t\t\t\t<\/div>\n\t\t\t\t<\/div>\n\t\t\t\t<div class=\"elementor-element elementor-element-fa19857 elementor-widget elementor-widget-image\" data-id=\"fa19857\" data-element_type=\"widget\" data-widget_type=\"image.default\">\n\t\t\t\t<div class=\"elementor-widget-container\">\n\t\t\t\t\t\t\t\t\t\t\t\t\t\t\t<img fetchpriority=\"high\" decoding=\"async\" width=\"800\" height=\"337\" src=\"https:\/\/konferenztechnik.de\/wp-content\/uploads\/2016\/10\/dante-konferenztechnik.jpg\" class=\"attachment-large size-large wp-image-8609\" alt=\"\" srcset=\"https:\/\/konferenztechnik.de\/wp-content\/uploads\/2016\/10\/dante-konferenztechnik.jpg 850w, https:\/\/konferenztechnik.de\/wp-content\/uploads\/2016\/10\/dante-konferenztechnik-300x126.jpg 300w, https:\/\/konferenztechnik.de\/wp-content\/uploads\/2016\/10\/dante-konferenztechnik-768x323.jpg 768w\" sizes=\"(max-width: 800px) 100vw, 800px\" title=\"\">\t\t\t\t\t\t\t\t\t\t\t\t\t\t\t<\/div>\n\t\t\t\t<\/div>\n\t\t\t\t<div class=\"elementor-element elementor-element-8e1cb0a elementor-widget elementor-widget-text-editor\" data-id=\"8e1cb0a\" data-element_type=\"widget\" data-widget_type=\"text-editor.default\">\n\t\t\t\t<div class=\"elementor-widget-container\">\n\t\t\t\t\t\t\t\t\t<p>Yay\u0131nlanma Tarihi: 08.09.2016<\/p>\t\t\t\t\t\t\t\t<\/div>\n\t\t\t\t<\/div>\n\t\t\t\t\t<\/div>\n\t\t\t\t<\/div>\n\t\t<div data-particle_enable=\"false\" data-particle-mobile-disabled=\"false\" class=\"elementor-element elementor-element-67c07f5 e-flex e-con-boxed e-con e-parent\" data-id=\"67c07f5\" data-element_type=\"container\">\n\t\t\t\t\t<div class=\"e-con-inner\">\n\t\t\t\t<div class=\"elementor-element elementor-element-8d56a23 elementor-widget__width-initial elementor-widget elementor-widget-heading\" data-id=\"8d56a23\" data-element_type=\"widget\" data-settings=\"{&quot;_animation&quot;:&quot;none&quot;}\" data-widget_type=\"heading.default\">\n\t\t\t\t<div class=\"elementor-widget-container\">\n\t\t\t\t\t<h2 class=\"elementor-heading-title elementor-size-default\">DANTE nedir<\/h2>\t\t\t\t<\/div>\n\t\t\t\t<\/div>\n\t\t\t\t<div class=\"elementor-element elementor-element-e8da1dc elementor-widget__width-initial elementor-widget elementor-widget-text-editor\" data-id=\"e8da1dc\" data-element_type=\"widget\" data-widget_type=\"text-editor.default\">\n\t\t\t\t<div class=\"elementor-widget-container\">\n\t\t\t\t\t\t\t\t\t<p>DANTE donan\u0131m, yaz\u0131l\u0131m ve a\u011f protokol\u00fcn\u00fcn bir kombinasyonudur ve Ethernet \u00dczerinden Dijital Ses A\u011f\u0131 anlam\u0131na gelir. DANTE ile birka\u00e7 kanal s\u0131k\u0131\u015ft\u0131r\u0131lmam\u0131\u015f ses verisini bir a\u011f kablosu \u00fczerinden d\u00fc\u015f\u00fck gecikme s\u00fcresiyle iletmek m\u00fcmk\u00fcnd\u00fcr. DANTE, etkinliklerde ve kurulumlarda sinyal i\u015fleme i\u00e7in d\u00fcnya \u00e7ap\u0131nda kullan\u0131lmaktad\u0131r.<\/p>\t\t\t\t\t\t\t\t<\/div>\n\t\t\t\t<\/div>\n\t\t\t\t<div class=\"elementor-element elementor-element-eebcc46 elementor-widget__width-initial elementor-widget elementor-widget-heading\" data-id=\"eebcc46\" data-element_type=\"widget\" data-settings=\"{&quot;_animation&quot;:&quot;none&quot;}\" data-widget_type=\"heading.default\">\n\t\t\t\t<div class=\"elementor-widget-container\">\n\t\t\t\t\t<h2 class=\"elementor-heading-title elementor-size-default\">DANTE'nin Avantajlar\u0131<\/h2>\t\t\t\t<\/div>\n\t\t\t\t<\/div>\n\t\t\t\t<div class=\"elementor-element elementor-element-ece3edf elementor-widget__width-initial elementor-widget elementor-widget-text-editor\" data-id=\"ece3edf\" data-element_type=\"widget\" data-widget_type=\"text-editor.default\">\n\t\t\t\t<div class=\"elementor-widget-container\">\n\t\t\t\t\t\t\t\t\t<p>Dijital iletim, analog iletime k\u0131yasla \u00e7e\u015fitli avantajlar sunar. Sinyal uzun mesafelerde parazitlere kar\u015f\u0131 nispeten daha az hassast\u0131r ve kablonun kalitesine y\u00f6nelik talepler analog ses iletimlerine g\u00f6re daha d\u00fc\u015f\u00fckt\u00fcr. DANTE \u00f6ncelikle birka\u00e7 ses kanal\u0131n\u0131n uzun mesafelere ve farkl\u0131 konumlara iletilmesi gerekti\u011finde kullan\u0131l\u0131r. DANTE, a\u011f\u0131r bak\u0131r kablo ihtiyac\u0131n\u0131 ortadan kald\u0131rarak zamandan ve paradan tasarruf sa\u011flar. Karma\u015f\u0131k ses a\u011flar\u0131 net bir \u015fekilde \u00e7\u00f6z\u00fclebilir, kaydedilebilir, yap\u0131land\u0131r\u0131labilir ve \u00f6zelle\u015ftirilebilir. Kullan\u0131m\u0131 basit ve anla\u015f\u0131l\u0131rd\u0131r. DANTE standart a\u011f teknolojisi (kablolar, anahtarlar) ile \u00e7al\u0131\u015f\u0131r ve DANTE yaz\u0131l\u0131m\u0131 (DANTE Controller) basit bir kullan\u0131c\u0131 aray\u00fcz\u00fc sa\u011flar.<\/p>\t\t\t\t\t\t\t\t<\/div>\n\t\t\t\t<\/div>\n\t\t\t\t<div class=\"elementor-element elementor-element-62bea4a elementor-widget__width-initial elementor-widget elementor-widget-heading\" data-id=\"62bea4a\" data-element_type=\"widget\" data-settings=\"{&quot;_animation&quot;:&quot;none&quot;}\" data-widget_type=\"heading.default\">\n\t\t\t\t<div class=\"elementor-widget-container\">\n\t\t\t\t\t<h2 class=\"elementor-heading-title elementor-size-default\">Konferans teknolojisi i\u00e7in avantajlar<\/h2>\t\t\t\t<\/div>\n\t\t\t\t<\/div>\n\t\t\t\t<div class=\"elementor-element elementor-element-cad906f elementor-widget__width-initial elementor-widget elementor-widget-text-editor\" data-id=\"cad906f\" data-element_type=\"widget\" data-widget_type=\"text-editor.default\">\n\t\t\t\t<div class=\"elementor-widget-container\">\n\t\t\t\t\t\t\t\t\t<p>Konferans teknolojisi s\u00f6z konusu oldu\u011funda, DANTE \u00e7abadan tasarruf etmemizi ve daha esnek \u00e7al\u0131\u015fmam\u0131z\u0131 sa\u011fl\u0131yor. Analog kablolama ile konu\u015fmac\u0131 kabinlerimiz her zaman belirli bir yere ba\u011fl\u0131 kal\u0131yor ve \u00f6rne\u011fin at\u00f6lye \u00e7al\u0131\u015fmalar\u0131 de\u011fi\u015fti\u011finde terc\u00fcmanlar kabin de\u011fi\u015ftirmek zorunda kal\u0131yor. DANTE'nin esnek y\u00f6nlendirme se\u00e7enekleri sayesinde bundan ka\u00e7\u0131nabiliyor ve \u00e7o\u011fu zaman teknolojiden ve kabinlerden tasarruf edebiliyoruz. Ayr\u0131ca farkl\u0131 odalar\u0131n kablolamas\u0131n\u0131 yaparken zamandan ve emekten b\u00fcy\u00fck tasarruf sa\u011fl\u0131yoruz ve s\u0131kl\u0131kla meslekta\u015flar\u0131m\u0131z\u0131n (ayd\u0131nlatma teknisyenleri dahil) a\u011flar\u0131na ba\u011flanabiliyoruz. DANTE sanal ses kart\u0131 ile konferans uygulamalar\u0131, video konferanslar, WebEx\/Skype ve kay\u0131t i\u015flemlerini kolayca ger\u00e7ekle\u015ftirebiliyoruz.<\/p><p>\u00a0<\/p><p>Bir\u00e7ok durumda, Dante \u00f6zellikli cihazlardan olu\u015fan k\u00fc\u00e7\u00fck bir kurulum (Yamaha QL1, Yamaha Rio 1608 Stagebox, Yamaha Rio 3224 Stagebox) bizim i\u00e7in yeterli oluyor. Art\u0131k dijital ses a\u011f\u0131 olmadan konferans teknolojisini hayal edemiyoruz.<\/p>\t\t\t\t\t\t\t\t<\/div>\n\t\t\t\t<\/div>\n\t\t\t\t<div class=\"elementor-element elementor-element-830b8e9 elementor-widget__width-initial elementor-widget elementor-widget-heading\" data-id=\"830b8e9\" data-element_type=\"widget\" data-settings=\"{&quot;_animation&quot;:&quot;none&quot;}\" data-widget_type=\"heading.default\">\n\t\t\t\t<div class=\"elementor-widget-container\">\n\t\t\t\t\t<h2 class=\"elementor-heading-title elementor-size-default\">Gelecek ve di\u011fer a\u011flar<\/h2>\t\t\t\t<\/div>\n\t\t\t\t<\/div>\n\t\t\t\t<div class=\"elementor-element elementor-element-b799521 elementor-widget__width-initial elementor-widget elementor-widget-text-editor\" data-id=\"b799521\" data-element_type=\"widget\" data-widget_type=\"text-editor.default\">\n\t\t\t\t<div class=\"elementor-widget-container\">\n\t\t\t\t\t\t\t\t\t<p>Ses a\u011f\u0131 pazar\u0131 bir de\u011fi\u015fim halindedir ve \u00e7e\u015fitli alternatifler (AVB, DANTE, AES67, Ravenna, Livewire, Q-Lan) vard\u0131r. Biz ve ortaklar\u0131m\u0131z \u00f6ncelikle DANTE kullan\u0131yoruz. \u00c7e\u015fitli teknolojiler ayr\u0131nt\u0131larda daha fazla farkl\u0131l\u0131k g\u00f6steriyor. Di\u011fer teknolojilerden birinin \u00fcst\u00fcn gelip gelmeyece\u011fi hen\u00fcz belli de\u011fil. Bununla birlikte, dijital ses a\u011flar\u0131yla \u00e7al\u0131\u015fman\u0131n genel olarak yerle\u015fmi\u015f oldu\u011fu zaten a\u00e7\u0131kt\u0131r.<\/p>\t\t\t\t\t\t\t\t<\/div>\n\t\t\t\t<\/div>\n\t\t\t\t<div class=\"elementor-element elementor-element-251edcf elementor-icon-list--layout-traditional elementor-list-item-link-full_width elementor-widget elementor-widget-icon-list\" data-id=\"251edcf\" data-element_type=\"widget\" data-widget_type=\"icon-list.default\">\n\t\t\t\t<div class=\"elementor-widget-container\">\n\t\t\t\t\t\t\t<ul class=\"elementor-icon-list-items\">\n\t\t\t\t\t\t\t<li class=\"elementor-icon-list-item\">\n\t\t\t\t\t\t\t\t\t\t\t<a href=\"https:\/\/www.audinate.com\/\" target=\"_blank\" rel=\"noopener\">\n\n\t\t\t\t\t\t\t\t\t\t\t\t<span class=\"elementor-icon-list-icon\">\n\t\t\t\t\t\t\t<svg aria-hidden=\"true\" class=\"e-font-icon-svg e-fas-chevron-right\" viewbox=\"0 0 320 512\" xmlns=\"http:\/\/www.w3.org\/2000\/svg\"><path d=\"M285.476 272.971L91.132 467.314c-9.373 9.373-24.569 9.373-33.941 0l-22.667-22.667c-9.357-9.357-9.375-24.522-.04-33.901L188.505 256 34.484 101.255c-9.335-9.379-9.317-24.544.04-33.901l22.667-22.667c9.373-9.373 24.569-9.373 33.941 0L285.475 239.03c9.373 9.372 9.373 24.568.001 33.941z\"><\/path><\/svg>\t\t\t\t\t\t<\/span>\n\t\t\t\t\t\t\t\t\t\t<span class=\"elementor-icon-list-text\">DANTE \u00fcretici sayfas\u0131 \"Audinate\"<\/span>\n\t\t\t\t\t\t\t\t\t\t\t<\/a>\n\t\t\t\t\t\t\t\t\t<\/li>\n\t\t\t\t\t\t\t\t<li class=\"elementor-icon-list-item\">\n\t\t\t\t\t\t\t\t\t\t\t<a href=\"https:\/\/www.professional-system.de\/basics\/audionetzwerke-wo-liegt-die-zukunft\/\" target=\"_blank\" rel=\"noopener\">\n\n\t\t\t\t\t\t\t\t\t\t\t\t<span class=\"elementor-icon-list-icon\">\n\t\t\t\t\t\t\t<svg aria-hidden=\"true\" class=\"e-font-icon-svg e-fas-chevron-right\" viewbox=\"0 0 320 512\" xmlns=\"http:\/\/www.w3.org\/2000\/svg\"><path d=\"M285.476 272.971L91.132 467.314c-9.373 9.373-24.569 9.373-33.941 0l-22.667-22.667c-9.357-9.357-9.375-24.522-.04-33.901L188.505 256 34.484 101.255c-9.335-9.379-9.317-24.544.04-33.901l22.667-22.667c9.373-9.373 24.569-9.373 33.941 0L285.475 239.03c9.373 9.372 9.373 24.568.001 33.941z\"><\/path><\/svg>\t\t\t\t\t\t<\/span>\n\t\t\t\t\t\t\t\t\t\t<span class=\"elementor-icon-list-text\">Profesyonel Sistemler \u2013 Ses A\u011flar\u0131; Gelecek nerede yat\u0131yor?<\/span>\n\t\t\t\t\t\t\t\t\t\t\t<\/a>\n\t\t\t\t\t\t\t\t\t<\/li>\n\t\t\t\t\t\t<\/ul>\n\t\t\t\t\t\t<\/div>\n\t\t\t\t<\/div>\n\t\t\t\t\t<\/div>\n\t\t\t\t<\/div>\n\t\t<div data-particle_enable=\"false\" data-particle-mobile-disabled=\"false\" class=\"elementor-element elementor-element-e06963c e-flex e-con-boxed e-con e-parent\" data-id=\"e06963c\" data-element_type=\"container\">\n\t\t\t\t\t<div class=\"e-con-inner\">\n\t\t\t\t<div class=\"elementor-element elementor-element-642940b elementor-widget elementor-widget-shortcode\" data-id=\"642940b\" data-element_type=\"widget\" data-widget_type=\"shortcode.default\">\n\t\t\t\t<div class=\"elementor-widget-container\">\n\t\t\t\t\t\t\t<div class=\"elementor-shortcode\">\t\t<div data-elementor-type=\"container\" data-elementor-id=\"29098\" class=\"elementor elementor-29098\" data-elementor-post-type=\"elementor_library\">\n\t\t\t\t<div data-particle_enable=\"false\" data-particle-mobile-disabled=\"false\" class=\"elementor-element elementor-element-699d0d1a e-flex e-con-boxed e-con e-parent\" data-id=\"699d0d1a\" data-element_type=\"container\">\n\t\t\t\t\t<div class=\"e-con-inner\">\n\t\t\t\t<div class=\"elementor-element elementor-element-11f236ba elementor-widget elementor-widget-post-navigation\" data-id=\"11f236ba\" data-element_type=\"widget\" data-widget_type=\"post-navigation.default\">\n\t\t\t\t<div class=\"elementor-widget-container\">\n\t\t\t\t\t\t\t<div class=\"elementor-post-navigation\" role=\"navigation\" aria-label=\"Navigasyon G\u00f6nder\">\n\t\t\t<div class=\"elementor-post-navigation__prev elementor-post-navigation__link\">\n\t\t\t\t<a href=\"https:\/\/konferenztechnik.de\/tr\/dicentis-kablosuz-interkomlar\/\" rel=\"prev\"><span class=\"post-navigation__arrow-wrapper post-navigation__arrow-prev\"><svg aria-hidden=\"true\" class=\"e-font-icon-svg e-fas-arrow-left\" viewbox=\"0 0 448 512\" xmlns=\"http:\/\/www.w3.org\/2000\/svg\"><path d=\"M257.5 445.1l-22.2 22.2c-9.4 9.4-24.6 9.4-33.9 0L7 273c-9.4-9.4-9.4-24.6 0-33.9L201.4 44.7c9.4-9.4 24.6-9.4 33.9 0l22.2 22.2c9.5 9.5 9.3 25-.4 34.3L136.6 216H424c13.3 0 24 10.7 24 24v32c0 13.3-10.7 24-24 24H136.6l120.5 114.8c9.8 9.3 10 24.8.4 34.3z\"><\/path><\/svg><span class=\"elementor-screen-only\">Prev<\/span><\/span><span class=\"elementor-post-navigation__link__prev\"><span class=\"post-navigation__prev--label\">\u00d6nceki<\/span><span class=\"post-navigation__prev--title\">DICENTIS kablosuz \u00e7a\u011fr\u0131 istasyonlar\u0131<\/span><\/span><\/a>\t\t\t<\/div>\n\t\t\t\t\t\t<div class=\"elementor-post-navigation__next elementor-post-navigation__link\">\n\t\t\t\t<a href=\"https:\/\/konferenztechnik.de\/tr\/pcs-barco-bayi%cc%87si%cc%87di%cc%87r\/\" rel=\"next\"><span class=\"elementor-post-navigation__link__next\"><span class=\"post-navigation__next--label\">Sonraki<\/span><span class=\"post-navigation__next--title\">PCS, Barco yetkili sat\u0131c\u0131s\u0131d\u0131r<\/span><\/span><span class=\"post-navigation__arrow-wrapper post-navigation__arrow-next\"><svg aria-hidden=\"true\" class=\"e-font-icon-svg e-fas-arrow-right\" viewbox=\"0 0 448 512\" xmlns=\"http:\/\/www.w3.org\/2000\/svg\"><path d=\"M190.5 66.9l22.2-22.2c9.4-9.4 24.6-9.4 33.9 0L441 239c9.4 9.4 9.4 24.6 0 33.9L246.6 467.3c-9.4 9.4-24.6 9.4-33.9 0l-22.2-22.2c-9.5-9.5-9.3-25 .4-34.3L311.4 296H24c-13.3 0-24-10.7-24-24v-32c0-13.3 10.7-24 24-24h287.4L190.9 101.2c-9.8-9.3-10-24.8-.4-34.3z\"><\/path><\/svg><span class=\"elementor-screen-only\">Sonraki<\/span><\/span><\/a>\t\t\t<\/div>\n\t\t<\/div>\n\t\t\t\t\t\t<\/div>\n\t\t\t\t<\/div>\n\t\t\t\t<div class=\"elementor-element elementor-element-81a2b13 elementor-align-center elementor-icon-list--layout-traditional elementor-list-item-link-full_width elementor-widget elementor-widget-icon-list\" data-id=\"81a2b13\" data-element_type=\"widget\" data-widget_type=\"icon-list.default\">\n\t\t\t\t<div class=\"elementor-widget-container\">\n\t\t\t\t\t\t\t<ul class=\"elementor-icon-list-items\">\n\t\t\t\t\t\t\t<li class=\"elementor-icon-list-item\">\n\t\t\t\t\t\t\t\t\t\t\t<a href=\"\/tr\/haberler\/\">\n\n\t\t\t\t\t\t\t\t\t\t\t\t<span class=\"elementor-icon-list-icon\">\n\t\t\t\t\t\t\t<svg xmlns=\"http:\/\/www.w3.org\/2000\/svg\" id=\"uuid-5a27b650-727a-4659-9d92-75e42c38903b\" viewbox=\"0 0 19.67 14.54\"><g id=\"uuid-40aca98c-811b-43af-9bb7-b3a092d9bdfe\"><rect x=\".03\" width=\"6\" height=\"6\" rx=\"2\" ry=\"2\" style=\"fill:currentColor\"><\/rect><rect x=\"6.85\" width=\"6\" height=\"7.65\" rx=\"2\" ry=\"2\" style=\"fill:currentColor\"><\/rect><rect x=\"13.67\" width=\"6\" height=\"6.51\" rx=\"2\" ry=\"2\" style=\"fill:currentColor\"><\/rect><rect y=\"7\" width=\"6\" height=\"7.55\" rx=\"2\" ry=\"2\" style=\"fill:currentColor\"><\/rect><rect x=\"13.64\" y=\"7.22\" width=\"6\" height=\"7.33\" rx=\"2\" ry=\"2\" style=\"fill:currentColor\"><\/rect><rect x=\"6.82\" y=\"8.54\" width=\"6\" height=\"6\" rx=\"2\" ry=\"2\" style=\"fill:currentColor\"><\/rect><\/g><\/svg>\t\t\t\t\t\t<\/span>\n\t\t\t\t\t\t\t\t\t\t<span class=\"elementor-icon-list-text\"><\/span>\n\t\t\t\t\t\t\t\t\t\t\t<\/a>\n\t\t\t\t\t\t\t\t\t<\/li>\n\t\t\t\t\t\t<\/ul>\n\t\t\t\t\t\t<\/div>\n\t\t\t\t<\/div>\n\t\t\t\t\t<\/div>\n\t\t\t\t<\/div>\n\t\t\t\t<\/div>\n\t\t<\/div>\n\t\t\t\t\t\t<\/div>\n\t\t\t\t<\/div>\n\t\t\t\t\t<\/div>\n\t\t\t\t<\/div>\n\t\t\t\t<\/div>","protected":false},"excerpt":{"rendered":"<p>Digitale Konferenztechnik mit DANTE Ver\u00f6ffentlicht: 08.09.2016 Was ist DANTE DANTE ist eine Kombination aus Hardware, Software und einem Netzwerkprotokoll und steht f\u00fcr Digital Audio Network Through Ethernet. Mit DANTE ist es m\u00f6glich, mehrere Kan\u00e4le unkomprimierter Audiodaten mit geringer Latenz \u00fcber ein Netzwerkkabel zu \u00fcbertragen. DANTE wird weltweit zur Signalverarbeitung bei Events und der Installation eingesetzt. [&hellip;]<\/p>","protected":false},"author":1,"featured_media":27965,"comment_status":"closed","ping_status":"closed","sticky":false,"template":"","format":"standard","meta":{"_acf_changed":false,"footnotes":""},"categories":[2],"tags":[],"class_list":["post-8606","post","type-post","status-publish","format-standard","has-post-thumbnail","hentry","category-news"],"acf":[],"_links":{"self":[{"href":"https:\/\/konferenztechnik.de\/tr\/wp-json\/wp\/v2\/posts\/8606","targetHints":{"allow":["GET"]}}],"collection":[{"href":"https:\/\/konferenztechnik.de\/tr\/wp-json\/wp\/v2\/posts"}],"about":[{"href":"https:\/\/konferenztechnik.de\/tr\/wp-json\/wp\/v2\/types\/post"}],"author":[{"embeddable":true,"href":"https:\/\/konferenztechnik.de\/tr\/wp-json\/wp\/v2\/users\/1"}],"replies":[{"embeddable":true,"href":"https:\/\/konferenztechnik.de\/tr\/wp-json\/wp\/v2\/comments?post=8606"}],"version-history":[{"count":0,"href":"https:\/\/konferenztechnik.de\/tr\/wp-json\/wp\/v2\/posts\/8606\/revisions"}],"wp:featuredmedia":[{"embeddable":true,"href":"https:\/\/konferenztechnik.de\/tr\/wp-json\/wp\/v2\/media\/27965"}],"wp:attachment":[{"href":"https:\/\/konferenztechnik.de\/tr\/wp-json\/wp\/v2\/media?parent=8606"}],"wp:term":[{"taxonomy":"category","embeddable":true,"href":"https:\/\/konferenztechnik.de\/tr\/wp-json\/wp\/v2\/categories?post=8606"},{"taxonomy":"post_tag","embeddable":true,"href":"https:\/\/konferenztechnik.de\/tr\/wp-json\/wp\/v2\/tags?post=8606"}],"curies":[{"name":"wp","href":"https:\/\/api.w.org\/{rel}","templated":true}]}}